{"id":34324,"date":"2022-08-14T11:38:56","date_gmt":"2022-08-14T08:38:56","guid":{"rendered":"https:\/\/www.adanaseshaber.com\/?p=34324"},"modified":"2022-08-14T12:02:22","modified_gmt":"2022-08-14T09:02:22","slug":"mitten-nokta-operasyon-6-terorist-etkisiz-hale-getirildi","status":"publish","type":"post","link":"https:\/\/adanaseshaber.com.tr\/?p=34324","title":{"rendered":"M\u0130T\u2019ten nokta operasyon: 6 ter\u00f6rist etkisiz hale getirildi"},"content":{"rendered":"<p>Ter\u00f6rle m\u00fccadele hem yurt i\u00e7inde hem de yurt d\u0131\u015f\u0131nda h\u0131z kesmeden devam ediyor. Milli \u0130stihbarat Te\u015fkilat\u0131\u2019ndan bir nokta operasyon haberi daha geldi. Irak\u2019\u0131n kuzeyinde ger\u00e7ekle\u015ftirilen operasyonlar kapsam\u0131nda 6 ter\u00f6rist etkisiz hale getirildi. G\u00fcvenlik kaynaklar\u0131ndan al\u0131nan bilgilere g\u00f6re Hakurk\u2019ta 4, Metina\u2019da 2 olmak \u00fczere ter\u00f6r \u00f6rg\u00fct\u00fc PKK\/KCK mensubu olan 6 ter\u00f6rist etkisiz hale getirildi. M\u0130T\u2019ten nefes kesen bir operasyon haberi daha geldi. Ter\u00f6rle m\u00fccadele yurt i\u00e7i ve yurt d\u0131\u015f\u0131nda devam ederken M\u0130T, Irak\u2019\u0131n kuzeyinde ter\u00f6ristlere g\u00f6z a\u00e7t\u0131rm\u0131yor. Ter\u00f6r \u00f6rg\u00fct\u00fcn\u00fcn s\u00f6zde \u00fcst d\u00fczey y\u00f6neticilerinin etkisiz hale getirildi\u011fi operasyon haberleri pe\u015f pe\u015fe gelirken M\u0130T\u2019ten bir ba\u015far\u0131l\u0131 operasyon haberi daha geldi. M\u0130T\u2019in Irak\u2019\u0131n kuzeyinde ger\u00e7ekle\u015ftirdi\u011fi e\u015f zamanl\u0131 operasyonlar kapsam\u0131nda 6 ter\u00f6risti etkisiz hale getirdi\u011fi a\u00e7\u0131kland\u0131.<\/p>\n<p><b>M\u0130T&#8217;TEN BA\u015eARILI OPERASYON<\/b><\/p>\n<p>M\u0130T, Irak&#8217;\u0131n kuzeyinde ba\u015far\u0131l\u0131 bir operasyona daha imza att\u0131. Ter\u00f6r \u00f6rg\u00fctlerine g\u00f6z a\u00e7t\u0131rmayan M\u0130T, Irak&#8217;\u0131n kuzeyinde ger\u00e7ekle\u015ftirdi\u011fi e\u015f zamanl\u0131 operasyonlar kapsam\u0131nda Hakurk&#8217;ta 4, Metina&#8217;da ise 2 olmak \u00fczere toplam 6 ter\u00f6risti etkisiz hale getirdi.<\/p>\n<p><strong>7 AYDA 21 TER\u00d6R\u0130ST ETK\u0130S\u0130Z HALE GET\u0130R\u0130LD\u0130<\/strong><\/p>\n<p>Son d\u00f6nemde yurt d\u0131\u015f\u0131 operasyonlarla ter\u00f6r \u00f6rg\u00fct\u00fc PKK&#8217;ya b\u00fcy\u00fck darbeler indirmeye devam eden Milli \u0130stihbarat Te\u015fkilat\u0131, \u00fclkemizdeki bar\u0131\u015f ve huzur ortam\u0131n\u0131 bozmaya \u00e7al\u0131\u015fan b\u00f6l\u00fcc\u00fc ter\u00f6r \u00f6rg\u00fct\u00fcn\u00fcn \u00e7ok say\u0131da \u00fcst d\u00fczey y\u00f6neticisini nokta operasyonlarla etkisiz hale getirdi. 2022 y\u0131l\u0131nda Ocak ve Temmuz aylar\u0131 aras\u0131ndaki 7 ayl\u0131k d\u00f6nemde ger\u00e7ekle\u015ftirilen 20 b\u00fcy\u00fck operasyonda 8&#8217;i sa\u011f olmak \u00fczere 21 ter\u00f6ristin etkisiz hale getirildi\u011fi duyuruldu.<\/p>\n","protected":false},"excerpt":{"rendered":"<p>Ter\u00f6rle m\u00fccadele hem yurt i\u00e7inde hem de yurt d\u0131\u015f\u0131nda h\u0131z kesmeden devam ediyor. Milli \u0130stihbarat Te\u015fkilat\u0131\u2019ndan bir nokta operasyon haberi daha geldi. Irak\u2019\u0131n kuzeyinde ger\u00e7ekle\u015ftirilen operasyonlar kapsam\u0131nda 6 ter\u00f6rist etkisiz hale getirildi. G\u00fcvenlik kaynaklar\u0131ndan al\u0131nan bilgilere g\u00f6re Hakurk\u2019ta 4, Metina\u2019da 2 olmak \u00fczere ter\u00f6r \u00f6rg\u00fct\u00fc PKK\/KCK mensubu olan 6 ter\u00f6rist etkisiz hale getirildi. M\u0130T\u2019ten nefes &hellip;<\/p>\n","protected":false},"author":6,"featured_media":34325,"comment_status":"closed","ping_status":"closed","sticky":false,"template":"","format":"standard","meta":{"footnotes":""},"categories":[1],"tags":[],"class_list":["post-34324","post","type-post","status-publish","format-standard","has-post-thumbnail","hentry","category-genel"],"amp_enabled":true,"_links":{"self":[{"href":"https:\/\/adanaseshaber.com.tr\/index.php?rest_route=\/wp\/v2\/posts\/34324","targetHints":{"allow":["GET"]}}],"collection":[{"href":"https:\/\/adanaseshaber.com.tr\/index.php?rest_route=\/wp\/v2\/posts"}],"about":[{"href":"https:\/\/adanaseshaber.com.tr\/index.php?rest_route=\/wp\/v2\/types\/post"}],"author":[{"embeddable":true,"href":"https:\/\/adanaseshaber.com.tr\/index.php?rest_route=\/wp\/v2\/users\/6"}],"replies":[{"embeddable":true,"href":"https:\/\/adanaseshaber.com.tr\/index.php?rest_route=%2Fwp%2Fv2%2Fcomments&post=34324"}],"version-history":[{"count":3,"href":"https:\/\/adanaseshaber.com.tr\/index.php?rest_route=\/wp\/v2\/posts\/34324\/revisions"}],"predecessor-version":[{"id":34338,"href":"https:\/\/adanaseshaber.com.tr\/index.php?rest_route=\/wp\/v2\/posts\/34324\/revisions\/34338"}],"wp:featuredmedia":[{"embeddable":true,"href":"https:\/\/adanaseshaber.com.tr\/index.php?rest_route=\/wp\/v2\/media\/34325"}],"wp:attachment":[{"href":"https:\/\/adanaseshaber.com.tr\/index.php?rest_route=%2Fwp%2Fv2%2Fmedia&parent=34324"}],"wp:term":[{"taxonomy":"category","embeddable":true,"href":"https:\/\/adanaseshaber.com.tr\/index.php?rest_route=%2Fwp%2Fv2%2Fcategories&post=34324"},{"taxonomy":"post_tag","embeddable":true,"href":"https:\/\/adanaseshaber.com.tr\/index.php?rest_route=%2Fwp%2Fv2%2Ftags&post=34324"}],"curies":[{"name":"wp","href":"https:\/\/api.w.org\/{rel}","templated":true}]}}