{"id":34332,"date":"2022-08-14T11:57:52","date_gmt":"2022-08-14T08:57:52","guid":{"rendered":"https:\/\/www.adanaseshaber.com\/?p=34332"},"modified":"2022-08-14T11:57:28","modified_gmt":"2022-08-14T08:57:28","slug":"kusadasi-depreminin-ardindan-korkutan-uyari","status":"publish","type":"post","link":"https:\/\/adanaseshaber.com.tr\/?p=34332","title":{"rendered":"Ku\u015fadas\u0131 depreminin ard\u0131ndan korkutan uyar\u0131"},"content":{"rendered":"<p>Bu sabah saatlerinde Ku\u015fadas\u0131 K\u00f6rfezi\u2019nde pe\u015f pe\u015fe meydana gelen depremler b\u00fcy\u00fck panik yaratt\u0131. Depremle beraber b\u00fcy\u00fck korku ve panik ya\u015fan\u0131rken Dokuz Eyl\u00fcl \u00dcniversitesi Deprem Ara\u015ft\u0131rma ve Uygulama Merkezi M\u00fcd\u00fcr\u00fc Prof. Dr. Hasan S\u00f6zbilir, 30 Ekim 2020 tarihinde ya\u015fanan depremi hat\u0131rlatt\u0131 ve b\u00f6lgedeki gerilimin art\u00e7\u0131 deprem aktivitesiyle s\u00fcrd\u00fc\u011f\u00fcn\u00fc belirtti. 30 Ekim 2020 tarihinde meydana gelen 6,6 \u015fiddetindeki depremi bir kez daha hat\u0131rlayan Prof. Dr. Hasan S\u00f6zbilir, b\u00f6lgedeki gerilimin art\u00e7\u0131 deprem aktivitesiyle s\u00fcrd\u00fc\u011f\u00fcn\u00fc aktard\u0131 ve s\u00f6z konusu faylar\u0131n 5,7 ile 6,8 aras\u0131nda de\u011fi\u015fen depremler \u00fcretebilecek potansiyele sahip oldu\u011funu dile getirdi. \u0130\u015fte uzman ismin a\u00e7\u0131klamalar\u0131ndan \u00f6ne \u00e7\u0131kanlar\u2026<\/p>\n<p><strong>KU\u015eADASI K\u00d6RFEZ\u0130\u2019NDE \u015e\u0130DDETL\u0130 DEPREM<\/strong><\/p>\n<p>Bu sabah Ku\u015fadas\u0131 K\u00f6rfezi\u2019nde \u015fiddetli bir deprem meydana geldi. AFAD, merkez \u00fcss\u00fc Ku\u015fadas\u0131 K\u00f6rfezi olan saat 06.24\u2019teki 5 \u015fiddetindeki depremden \u00f6nce saat 06.18\u2019de yine ayn\u0131 yerde 3,8 b\u00fcy\u00fckl\u00fc\u011f\u00fcnde bir deprem kaydedildi\u011fini a\u00e7\u0131klad\u0131. \u00d6te yandan 5 \u015fiddetindeki depremin ard\u0131ndan saat 09.30 sular\u0131nda merkez \u00fcss\u00fc bu k\u00f6rfez ve k\u00f6rfeze yak\u0131n \u0130zmir\u2019in Menderes il\u00e7esi olan ve b\u00fcy\u00fckl\u00fckleri 1,1 ila 2,7 aras\u0131nda de\u011fi\u015fen 33 deprem daha meydana geldi\u011fi aktar\u0131ld\u0131.<\/p>\n<p><img loading=\"lazy\" decoding=\"async\" class=\"aligncenter wp-image-34334 size-full\" src=\"https:\/\/adanaseshaber.com.tr\/wp-content\/uploads\/2022\/08\/kusadasi-depreminin-ardindan-korkutan-uyari-1.jpg\" alt=\"\" width=\"1280\" height=\"720\" srcset=\"https:\/\/adanaseshaber.com.tr\/wp-content\/uploads\/2022\/08\/kusadasi-depreminin-ardindan-korkutan-uyari-1.jpg 1280w, https:\/\/adanaseshaber.com.tr\/wp-content\/uploads\/2022\/08\/kusadasi-depreminin-ardindan-korkutan-uyari-1-300x169.jpg 300w, https:\/\/adanaseshaber.com.tr\/wp-content\/uploads\/2022\/08\/kusadasi-depreminin-ardindan-korkutan-uyari-1-1024x576.jpg 1024w, https:\/\/adanaseshaber.com.tr\/wp-content\/uploads\/2022\/08\/kusadasi-depreminin-ardindan-korkutan-uyari-1-768x432.jpg 768w, https:\/\/adanaseshaber.com.tr\/wp-content\/uploads\/2022\/08\/kusadasi-depreminin-ardindan-korkutan-uyari-1-390x220.jpg 390w\" sizes=\"auto, (max-width: 1280px) 100vw, 1280px\" \/><\/p>\n<p><strong>GER\u0130L\u0130M ART\u00c7I DEPREM AKT\u0130V\u0130TES\u0130YLE S\u00dcR\u00dcYOR<\/strong><\/p>\n<p>Ku\u015fadas\u0131 K\u00f6rfezi\u2019nde meydana gelen \u015fiddetli depremle ilgili a\u00e7\u0131klamalarda bulunan Dokuz Eyl\u00fcl \u00dcniversitesi Deprem Ara\u015ft\u0131rma ve Uygulama Merkezi M\u00fcd\u00fcr\u00fc Prof. Dr. Hasan S\u00f6zbilir, 30 Ekim 2020 tarihinde meydana gelen 6,6 \u015fiddetindeki depremi hat\u0131rlatt\u0131 ve bu depremden sonra b\u00f6lgedeki gerilimin art\u00e7\u0131 deprem aktivitesiyle s\u00fcrd\u00fc\u011f\u00fcn\u00fc dile getirdi. Sisam Adas\u0131 ve G\u00fcm\u00fcld\u00fcr aras\u0131nda \u00e7ok say\u0131da deniz alt\u0131 fay\u0131 bulundu\u011funu s\u00f6yleyen S\u00f6zbilir, \u2018Bu faylar G\u00fcm\u00fcld\u00fcr fay\u0131 ve Efes fay\u0131 ile ba\u011flant\u0131l\u0131. Her iki fay da diri fay s\u0131n\u0131f\u0131nda de\u011ferlendirilmelerine ra\u011fmen uzun d\u00f6nemden beri y\u0131k\u0131c\u0131 deprem \u00fcretmiyordu. Bu faylar 5,7 ile6,8 b\u00fcy\u00fckl\u00fc\u011f\u00fc aras\u0131nda de\u011fi\u015fen depremler \u00fcretebilecek potansiyele sahip.\u2019 ifadelerine yer verdi.<\/p>\n","protected":false},"excerpt":{"rendered":"<p>Bu sabah saatlerinde Ku\u015fadas\u0131 K\u00f6rfezi\u2019nde pe\u015f pe\u015fe meydana gelen depremler b\u00fcy\u00fck panik yaratt\u0131. Depremle beraber b\u00fcy\u00fck korku ve panik ya\u015fan\u0131rken Dokuz Eyl\u00fcl \u00dcniversitesi Deprem Ara\u015ft\u0131rma ve Uygulama Merkezi M\u00fcd\u00fcr\u00fc Prof. Dr. Hasan S\u00f6zbilir, 30 Ekim 2020 tarihinde ya\u015fanan depremi hat\u0131rlatt\u0131 ve b\u00f6lgedeki gerilimin art\u00e7\u0131 deprem aktivitesiyle s\u00fcrd\u00fc\u011f\u00fcn\u00fc belirtti. 30 Ekim 2020 tarihinde meydana gelen 6,6 &hellip;<\/p>\n","protected":false},"author":6,"featured_media":34333,"comment_status":"closed","ping_status":"closed","sticky":false,"template":"","format":"standard","meta":{"footnotes":""},"categories":[1],"tags":[],"class_list":["post-34332","post","type-post","status-publish","format-standard","has-post-thumbnail","hentry","category-genel"],"amp_enabled":true,"_links":{"self":[{"href":"https:\/\/adanaseshaber.com.tr\/index.php?rest_route=\/wp\/v2\/posts\/34332","targetHints":{"allow":["GET"]}}],"collection":[{"href":"https:\/\/adanaseshaber.com.tr\/index.php?rest_route=\/wp\/v2\/posts"}],"about":[{"href":"https:\/\/adanaseshaber.com.tr\/index.php?rest_route=\/wp\/v2\/types\/post"}],"author":[{"embeddable":true,"href":"https:\/\/adanaseshaber.com.tr\/index.php?rest_route=\/wp\/v2\/users\/6"}],"replies":[{"embeddable":true,"href":"https:\/\/adanaseshaber.com.tr\/index.php?rest_route=%2Fwp%2Fv2%2Fcomments&post=34332"}],"version-history":[{"count":2,"href":"https:\/\/adanaseshaber.com.tr\/index.php?rest_route=\/wp\/v2\/posts\/34332\/revisions"}],"predecessor-version":[{"id":34336,"href":"https:\/\/adanaseshaber.com.tr\/index.php?rest_route=\/wp\/v2\/posts\/34332\/revisions\/34336"}],"wp:featuredmedia":[{"embeddable":true,"href":"https:\/\/adanaseshaber.com.tr\/index.php?rest_route=\/wp\/v2\/media\/34333"}],"wp:attachment":[{"href":"https:\/\/adanaseshaber.com.tr\/index.php?rest_route=%2Fwp%2Fv2%2Fmedia&parent=34332"}],"wp:term":[{"taxonomy":"category","embeddable":true,"href":"https:\/\/adanaseshaber.com.tr\/index.php?rest_route=%2Fwp%2Fv2%2Fcategories&post=34332"},{"taxonomy":"post_tag","embeddable":true,"href":"https:\/\/adanaseshaber.com.tr\/index.php?rest_route=%2Fwp%2Fv2%2Ftags&post=34332"}],"curies":[{"name":"wp","href":"https:\/\/api.w.org\/{rel}","templated":true}]}}