{"id":34339,"date":"2022-08-14T12:21:36","date_gmt":"2022-08-14T09:21:36","guid":{"rendered":"https:\/\/www.adanaseshaber.com\/?p=34339"},"modified":"2022-08-14T12:21:11","modified_gmt":"2022-08-14T09:21:11","slug":"hande-yenerin-olay-yaratan-gulsen-yorumu-meme-ucu-mu-kastettiniz","status":"publish","type":"post","link":"https:\/\/adanaseshaber.com.tr\/?p=34339","title":{"rendered":"Hande Yener\u2019in olay yaratan G\u00fcl\u015fen yorumu: Meme ucu mu kastettiniz"},"content":{"rendered":"<p>Cesur sahne k\u0131yafetleri ve \u00e7ok konu\u015fulan \u00e7\u0131k\u0131\u015flar\u0131yla magazin man\u015fetlerinde en \u00fcst s\u0131ralarda yer almaya devam eden \u00fcnl\u00fc \u015fark\u0131c\u0131 G\u00fcl\u015fen, Yenikap\u0131\u2019da verdi\u011fi konserle yine g\u00fcndemin ilk s\u0131ralar\u0131na yerle\u015fmi\u015fti. Konser i\u00e7in tercih etti\u011fi cesur k\u0131yafeti ve sahnesinde a\u00e7t\u0131\u011f\u0131 LGBT bayra\u011f\u0131 ile g\u00fcndem olan \u00fcnl\u00fc \u015fark\u0131c\u0131 \u00e7ok konu\u015fulmu\u015ftu. G\u00fcl\u015fen\u2019in sahne tarz\u0131na bir yorum da meslekta\u015f\u0131 \u00fcnl\u00fc \u015fark\u0131c\u0131 Hande Yener\u2019den geldi. Tercih etti\u011fi sahne k\u0131yafetleriyle s\u0131k s\u0131k ele\u015ftirilerin oda\u011f\u0131 olan G\u00fcl\u015fen, ge\u00e7ti\u011fimiz g\u00fcnlerde Yenikap\u0131\u2019da verdi\u011fi konserde giydi\u011fi k\u0131yafetle yine ele\u015ftirilmi\u015f ve tepki toplam\u0131\u015ft\u0131. G\u00fcl\u015fen\u2019in sahne tarz\u0131 hakk\u0131nda bir yorum da Hande Yener\u2019den geldi. Hande Yener\u2019in bir takip\u00e7isinin yorumuna verdi\u011fi yan\u0131t g\u00fcndeme bomba gibi d\u00fc\u015ft\u00fc. Yener\u2019in verdi\u011fi yan\u0131tla G\u00fcl\u015fen\u2019e g\u00f6nderme yapt\u0131\u011f\u0131 \u00f6ne s\u00fcr\u00fcld\u00fc ve g\u00f6zler \u00fcnl\u00fc \u015fark\u0131c\u0131 G\u00fcl\u015fen\u2019e \u00e7evrildi. \u0130\u015fte detaylar\u2026<\/p>\n<p><strong>G\u00dcL\u015eEN\u2019\u0130N SAHNE TARZI G\u00dcNDEMDE<\/strong><\/p>\n<p>Bir takip\u00e7isi \u00fcnl\u00fc \u015fark\u0131c\u0131 Hande Yener\u2019in konser g\u00f6r\u00fcnt\u00fcleri \u00fczerine \u2018Sesi \u00e7\u0131kmayanlardan sonra bu konserin performanslar\u0131n\u0131 izlemek iyi geldi. Ses k\u0131yafetten b\u00fcy\u00fckt\u00fcr.\u2019 \u015feklindeki yorumunu \u2018Ama l\u00fctfen k\u0131yafet \u00e7ok \u00f6nemli\u2019 notunu d\u00fc\u015ferek payla\u015ft\u0131.<\/p>\n<p><img loading=\"lazy\" decoding=\"async\" class=\"aligncenter wp-image-34343 size-full\" src=\"https:\/\/adanaseshaber.com.tr\/wp-content\/uploads\/2022\/08\/hande-yenerin-olay-yaratan-gulsen-yorumu-meme-ucu-mu-kastettiniz-3.jpg\" alt=\"\" width=\"1280\" height=\"720\" srcset=\"https:\/\/adanaseshaber.com.tr\/wp-content\/uploads\/2022\/08\/hande-yenerin-olay-yaratan-gulsen-yorumu-meme-ucu-mu-kastettiniz-3.jpg 1280w, https:\/\/adanaseshaber.com.tr\/wp-content\/uploads\/2022\/08\/hande-yenerin-olay-yaratan-gulsen-yorumu-meme-ucu-mu-kastettiniz-3-300x169.jpg 300w, https:\/\/adanaseshaber.com.tr\/wp-content\/uploads\/2022\/08\/hande-yenerin-olay-yaratan-gulsen-yorumu-meme-ucu-mu-kastettiniz-3-1024x576.jpg 1024w, https:\/\/adanaseshaber.com.tr\/wp-content\/uploads\/2022\/08\/hande-yenerin-olay-yaratan-gulsen-yorumu-meme-ucu-mu-kastettiniz-3-768x432.jpg 768w, https:\/\/adanaseshaber.com.tr\/wp-content\/uploads\/2022\/08\/hande-yenerin-olay-yaratan-gulsen-yorumu-meme-ucu-mu-kastettiniz-3-390x220.jpg 390w\" sizes=\"auto, (max-width: 1280px) 100vw, 1280px\" \/><\/p>\n<p><strong>G\u00dcL\u015eEN\u2019E G\u00d6NDERME M\u0130 YAPTI?<\/strong><\/p>\n<p>Hande Yener\u2019in yapt\u0131\u011f\u0131 yorumlarla G\u00fcl\u015fen\u2019i hedef ald\u0131\u011f\u0131 iddia edilirken Yener, \u2018\u015eov ve performans \u00f6nemli olan. Ama k\u0131yafet d\u0131\u015f\u0131nda bir \u015fey g\u00fcndeme gelmiyor magazinde ne yaz\u0131k ki. \u015eovumu k\u0131yaslayacak bir alternatif yok oldu\u011fu i\u00e7in elbise mukayesesi konu\u015fuluyor.\u2019 ifadelerini kulland\u0131.<\/p>\n<p><img loading=\"lazy\" decoding=\"async\" class=\"aligncenter wp-image-34341 size-full\" src=\"https:\/\/adanaseshaber.com.tr\/wp-content\/uploads\/2022\/08\/hande-yenerin-olay-yaratan-gulsen-yorumu-meme-ucu-mu-kastettiniz-1.jpg\" alt=\"\" width=\"1280\" height=\"720\" srcset=\"https:\/\/adanaseshaber.com.tr\/wp-content\/uploads\/2022\/08\/hande-yenerin-olay-yaratan-gulsen-yorumu-meme-ucu-mu-kastettiniz-1.jpg 1280w, https:\/\/adanaseshaber.com.tr\/wp-content\/uploads\/2022\/08\/hande-yenerin-olay-yaratan-gulsen-yorumu-meme-ucu-mu-kastettiniz-1-300x169.jpg 300w, https:\/\/adanaseshaber.com.tr\/wp-content\/uploads\/2022\/08\/hande-yenerin-olay-yaratan-gulsen-yorumu-meme-ucu-mu-kastettiniz-1-1024x576.jpg 1024w, https:\/\/adanaseshaber.com.tr\/wp-content\/uploads\/2022\/08\/hande-yenerin-olay-yaratan-gulsen-yorumu-meme-ucu-mu-kastettiniz-1-768x432.jpg 768w, https:\/\/adanaseshaber.com.tr\/wp-content\/uploads\/2022\/08\/hande-yenerin-olay-yaratan-gulsen-yorumu-meme-ucu-mu-kastettiniz-1-390x220.jpg 390w\" sizes=\"auto, (max-width: 1280px) 100vw, 1280px\" \/><\/p>\n<p><img loading=\"lazy\" decoding=\"async\" class=\"aligncenter wp-image-34342 size-full\" src=\"https:\/\/adanaseshaber.com.tr\/wp-content\/uploads\/2022\/08\/hande-yenerin-olay-yaratan-gulsen-yorumu-meme-ucu-mu-kastettiniz-2.jpg\" alt=\"\" width=\"1280\" height=\"720\" srcset=\"https:\/\/adanaseshaber.com.tr\/wp-content\/uploads\/2022\/08\/hande-yenerin-olay-yaratan-gulsen-yorumu-meme-ucu-mu-kastettiniz-2.jpg 1280w, https:\/\/adanaseshaber.com.tr\/wp-content\/uploads\/2022\/08\/hande-yenerin-olay-yaratan-gulsen-yorumu-meme-ucu-mu-kastettiniz-2-300x169.jpg 300w, https:\/\/adanaseshaber.com.tr\/wp-content\/uploads\/2022\/08\/hande-yenerin-olay-yaratan-gulsen-yorumu-meme-ucu-mu-kastettiniz-2-1024x576.jpg 1024w, https:\/\/adanaseshaber.com.tr\/wp-content\/uploads\/2022\/08\/hande-yenerin-olay-yaratan-gulsen-yorumu-meme-ucu-mu-kastettiniz-2-768x432.jpg 768w, https:\/\/adanaseshaber.com.tr\/wp-content\/uploads\/2022\/08\/hande-yenerin-olay-yaratan-gulsen-yorumu-meme-ucu-mu-kastettiniz-2-390x220.jpg 390w\" sizes=\"auto, (max-width: 1280px) 100vw, 1280px\" \/><\/p>\n<p><strong>MEME UCU YORUMU G\u00dcNDEM OLDU<\/strong><\/p>\n<p>Bir sosyal medya kullan\u0131c\u0131s\u0131 ise birbirleriyle k\u0131yaslanan iki \u00fcnl\u00fc \u015fark\u0131c\u0131dan Hande Yener i\u00e7in \u2018G\u00fcl\u015fen senden 5 g\u00f6mlek \u00fcstte yaln\u0131z\u2019 yorumunu yapt\u0131. Bu yoruma olay yaratan bir cevap veren Hande Yener ise \u2018G\u00f6mlek derken, meme ucu mu kastettiniz?\u2019 \u015feklindeki yan\u0131t\u0131yla g\u00fcndeme bomba gibi d\u00fc\u015ft\u00fc.<\/p>\n","protected":false},"excerpt":{"rendered":"<p>Cesur sahne k\u0131yafetleri ve \u00e7ok konu\u015fulan \u00e7\u0131k\u0131\u015flar\u0131yla magazin man\u015fetlerinde en \u00fcst s\u0131ralarda yer almaya devam eden \u00fcnl\u00fc \u015fark\u0131c\u0131 G\u00fcl\u015fen, Yenikap\u0131\u2019da verdi\u011fi konserle yine g\u00fcndemin ilk s\u0131ralar\u0131na yerle\u015fmi\u015fti. Konser i\u00e7in tercih etti\u011fi cesur k\u0131yafeti ve sahnesinde a\u00e7t\u0131\u011f\u0131 LGBT bayra\u011f\u0131 ile g\u00fcndem olan \u00fcnl\u00fc \u015fark\u0131c\u0131 \u00e7ok konu\u015fulmu\u015ftu. G\u00fcl\u015fen\u2019in sahne tarz\u0131na bir yorum da meslekta\u015f\u0131 \u00fcnl\u00fc \u015fark\u0131c\u0131 Hande &hellip;<\/p>\n","protected":false},"author":6,"featured_media":34340,"comment_status":"closed","ping_status":"closed","sticky":false,"template":"","format":"standard","meta":{"footnotes":""},"categories":[15431],"tags":[],"class_list":["post-34339","post","type-post","status-publish","format-standard","has-post-thumbnail","hentry","category-medya"],"amp_enabled":true,"_links":{"self":[{"href":"https:\/\/adanaseshaber.com.tr\/index.php?rest_route=\/wp\/v2\/posts\/34339","targetHints":{"allow":["GET"]}}],"collection":[{"href":"https:\/\/adanaseshaber.com.tr\/index.php?rest_route=\/wp\/v2\/posts"}],"about":[{"href":"https:\/\/adanaseshaber.com.tr\/index.php?rest_route=\/wp\/v2\/types\/post"}],"author":[{"embeddable":true,"href":"https:\/\/adanaseshaber.com.tr\/index.php?rest_route=\/wp\/v2\/users\/6"}],"replies":[{"embeddable":true,"href":"https:\/\/adanaseshaber.com.tr\/index.php?rest_route=%2Fwp%2Fv2%2Fcomments&post=34339"}],"version-history":[{"count":2,"href":"https:\/\/adanaseshaber.com.tr\/index.php?rest_route=\/wp\/v2\/posts\/34339\/revisions"}],"predecessor-version":[{"id":34345,"href":"https:\/\/adanaseshaber.com.tr\/index.php?rest_route=\/wp\/v2\/posts\/34339\/revisions\/34345"}],"wp:featuredmedia":[{"embeddable":true,"href":"https:\/\/adanaseshaber.com.tr\/index.php?rest_route=\/wp\/v2\/media\/34340"}],"wp:attachment":[{"href":"https:\/\/adanaseshaber.com.tr\/index.php?rest_route=%2Fwp%2Fv2%2Fmedia&parent=34339"}],"wp:term":[{"taxonomy":"category","embeddable":true,"href":"https:\/\/adanaseshaber.com.tr\/index.php?rest_route=%2Fwp%2Fv2%2Fcategories&post=34339"},{"taxonomy":"post_tag","embeddable":true,"href":"https:\/\/adanaseshaber.com.tr\/index.php?rest_route=%2Fwp%2Fv2%2Ftags&post=34339"}],"curies":[{"name":"wp","href":"https:\/\/api.w.org\/{rel}","templated":true}]}}