{"id":34399,"date":"2022-08-14T14:53:34","date_gmt":"2022-08-14T11:53:34","guid":{"rendered":"https:\/\/www.adanaseshaber.com\/?p=34399"},"modified":"2022-08-14T14:53:51","modified_gmt":"2022-08-14T11:53:51","slug":"paem-sinavinda-cikan-bazi-sorularin-bir-yayinevinin-denemesiyle-ayni-oldugu-iddialarina-emniyetten-aciklama","status":"publish","type":"post","link":"https:\/\/adanaseshaber.com.tr\/?p=34399","title":{"rendered":"PAEM s\u0131nav\u0131nda \u00e7\u0131kan baz\u0131 sorular\u0131n bir yay\u0131nevinin denemesiyle ayn\u0131 oldu\u011fu iddialar\u0131na emniyetten a\u00e7\u0131klama"},"content":{"rendered":"<p>Polis Amirli\u011fi E\u011fitimi Merkezi s\u0131nav\u0131nda \u00e7\u0131kan baz\u0131 sorular\u0131n bir yay\u0131nevinin denemesiyle ayn\u0131 oldu\u011funa dair iddialarla ilgili emniyetten a\u00e7\u0131klama geldi. Son g\u00fcnlerde ortaya at\u0131lan bu iddialarla ilgili a\u00e7\u0131klama yapan Emniyet Genel M\u00fcd\u00fcrl\u00fc\u011f\u00fc, sorular\u0131n bir yay\u0131nevinin denemesiyle ayn\u0131 oldu\u011funa dair iddialar\u0131n ger\u00e7e\u011fi yans\u0131tmad\u0131\u011f\u0131n\u0131 aktard\u0131. Benzer oldu\u011fu iddia edilen sorular\u0131n Anadolu \u00dcniversitesi taraf\u0131ndan olu\u015fturulan be\u015f ki\u015filik komisyon taraf\u0131ndan kar\u015f\u0131la\u015ft\u0131r\u0131lmak suretiyle incelemeye tabi tutuldu\u011fu, s\u0131navda sorulan sorular\u0131n ilk deneme s\u0131navlar\u0131nda \u00e7\u0131kan sorular\u0131n hi\u00e7birinin birbiri ile ayn\u0131 olmad\u0131\u011f\u0131 ortaya \u00e7\u0131kt\u0131\u011f\u0131 kamuoyuyla payla\u015f\u0131ld\u0131. Bu a\u00e7\u0131klaman\u0131n ard\u0131ndan konuyla ilgili ortaya at\u0131lan iddialar\u0131n da as\u0131ls\u0131z oldu\u011fu anla\u015f\u0131ld\u0131.<\/p>\n<p><strong>PAEM SINAVI SORULARI \u0130LE \u0130LG\u0130L BOMBA \u0130DD\u0130A<\/strong><\/p>\n<p>CHP \u0130zmir Milletvekili Murat Bakan, polislik s\u0131navlar\u0131 i\u00e7in kitaplar haz\u0131rlayan bir yay\u0131nevine ait Misyon koruma Deneme kitab\u0131ndaki sorulardan baz\u0131lar\u0131n\u0131n 26 Haziran 2022 tarihinde ger\u00e7ekle\u015ftirilen Polis Amirleri E\u011fitim Merkezi (PAEM) 7. d\u00f6nem s\u0131nav\u0131nda da \u00e7\u0131kt\u0131\u011f\u0131n\u0131 iddia etti.<\/p>\n<p><img loading=\"lazy\" decoding=\"async\" class=\"aligncenter wp-image-34401 size-full\" src=\"https:\/\/adanaseshaber.com.tr\/wp-content\/uploads\/2022\/08\/paem-sinavinda-cikan-bazi-sorularin-bir-yayinevinin-denemesiyle-ayni-oldugu-iddialarina-emniyetten-aciklama-1.jpg\" alt=\"\" width=\"1280\" height=\"720\" srcset=\"https:\/\/adanaseshaber.com.tr\/wp-content\/uploads\/2022\/08\/paem-sinavinda-cikan-bazi-sorularin-bir-yayinevinin-denemesiyle-ayni-oldugu-iddialarina-emniyetten-aciklama-1.jpg 1280w, https:\/\/adanaseshaber.com.tr\/wp-content\/uploads\/2022\/08\/paem-sinavinda-cikan-bazi-sorularin-bir-yayinevinin-denemesiyle-ayni-oldugu-iddialarina-emniyetten-aciklama-1-300x169.jpg 300w, https:\/\/adanaseshaber.com.tr\/wp-content\/uploads\/2022\/08\/paem-sinavinda-cikan-bazi-sorularin-bir-yayinevinin-denemesiyle-ayni-oldugu-iddialarina-emniyetten-aciklama-1-1024x576.jpg 1024w, https:\/\/adanaseshaber.com.tr\/wp-content\/uploads\/2022\/08\/paem-sinavinda-cikan-bazi-sorularin-bir-yayinevinin-denemesiyle-ayni-oldugu-iddialarina-emniyetten-aciklama-1-768x432.jpg 768w, https:\/\/adanaseshaber.com.tr\/wp-content\/uploads\/2022\/08\/paem-sinavinda-cikan-bazi-sorularin-bir-yayinevinin-denemesiyle-ayni-oldugu-iddialarina-emniyetten-aciklama-1-390x220.jpg 390w\" sizes=\"auto, (max-width: 1280px) 100vw, 1280px\" \/><\/p>\n<p><strong>EGM\u2019DEN A\u00c7IKLAMA<\/strong><\/p>\n<p>Sorular\u0131n bir yay\u0131nevi denemesiyle ayn\u0131 oldu\u011funa dair iddialar\u0131n ard\u0131ndan Emniyet Genel M\u00fcd\u00fcrl\u00fc\u011f\u00fc (EGM) konuyla ilgili jet h\u0131z\u0131yla bir a\u00e7\u0131klama yapt\u0131. EGM taraf\u0131ndan yap\u0131lan yaz\u0131l\u0131 a\u00e7\u0131klamada iddialar\u0131n ger\u00e7e\u011fi yans\u0131tmad\u0131\u011f\u0131 belirtildi. EGM, Benzer oldu\u011fu iddia edilen sorular\u0131n Anadolu \u00dcniversitesi taraf\u0131ndan olu\u015fturulan be\u015f ki\u015filik komisyon taraf\u0131ndan kar\u015f\u0131la\u015ft\u0131r\u0131lmak suretiyle incelendi\u011fini ve s\u0131navda sorulan sorular ile deneme s\u0131navlar\u0131nda \u00e7\u0131kan sorular\u0131n hi\u00e7birinin birbiri ile ayn\u0131 olmad\u0131\u011f\u0131n\u0131n ortaya \u00e7\u0131kt\u0131\u011f\u0131n\u0131 duyurdu ve s\u00f6z konusu iddialar\u0131 yalanlad\u0131.<\/p>\n","protected":false},"excerpt":{"rendered":"<p>Polis Amirli\u011fi E\u011fitimi Merkezi s\u0131nav\u0131nda \u00e7\u0131kan baz\u0131 sorular\u0131n bir yay\u0131nevinin denemesiyle ayn\u0131 oldu\u011funa dair iddialarla ilgili emniyetten a\u00e7\u0131klama geldi. Son g\u00fcnlerde ortaya at\u0131lan bu iddialarla ilgili a\u00e7\u0131klama yapan Emniyet Genel M\u00fcd\u00fcrl\u00fc\u011f\u00fc, sorular\u0131n bir yay\u0131nevinin denemesiyle ayn\u0131 oldu\u011funa dair iddialar\u0131n ger\u00e7e\u011fi yans\u0131tmad\u0131\u011f\u0131n\u0131 aktard\u0131. Benzer oldu\u011fu iddia edilen sorular\u0131n Anadolu \u00dcniversitesi taraf\u0131ndan olu\u015fturulan be\u015f ki\u015filik komisyon taraf\u0131ndan &hellip;<\/p>\n","protected":false},"author":6,"featured_media":34400,"comment_status":"closed","ping_status":"closed","sticky":false,"template":"","format":"standard","meta":{"footnotes":""},"categories":[1],"tags":[],"class_list":["post-34399","post","type-post","status-publish","format-standard","has-post-thumbnail","hentry","category-genel"],"amp_enabled":true,"_links":{"self":[{"href":"https:\/\/adanaseshaber.com.tr\/index.php?rest_route=\/wp\/v2\/posts\/34399","targetHints":{"allow":["GET"]}}],"collection":[{"href":"https:\/\/adanaseshaber.com.tr\/index.php?rest_route=\/wp\/v2\/posts"}],"about":[{"href":"https:\/\/adanaseshaber.com.tr\/index.php?rest_route=\/wp\/v2\/types\/post"}],"author":[{"embeddable":true,"href":"https:\/\/adanaseshaber.com.tr\/index.php?rest_route=\/wp\/v2\/users\/6"}],"replies":[{"embeddable":true,"href":"https:\/\/adanaseshaber.com.tr\/index.php?rest_route=%2Fwp%2Fv2%2Fcomments&post=34399"}],"version-history":[{"count":2,"href":"https:\/\/adanaseshaber.com.tr\/index.php?rest_route=\/wp\/v2\/posts\/34399\/revisions"}],"predecessor-version":[{"id":34403,"href":"https:\/\/adanaseshaber.com.tr\/index.php?rest_route=\/wp\/v2\/posts\/34399\/revisions\/34403"}],"wp:featuredmedia":[{"embeddable":true,"href":"https:\/\/adanaseshaber.com.tr\/index.php?rest_route=\/wp\/v2\/media\/34400"}],"wp:attachment":[{"href":"https:\/\/adanaseshaber.com.tr\/index.php?rest_route=%2Fwp%2Fv2%2Fmedia&parent=34399"}],"wp:term":[{"taxonomy":"category","embeddable":true,"href":"https:\/\/adanaseshaber.com.tr\/index.php?rest_route=%2Fwp%2Fv2%2Fcategories&post=34399"},{"taxonomy":"post_tag","embeddable":true,"href":"https:\/\/adanaseshaber.com.tr\/index.php?rest_route=%2Fwp%2Fv2%2Ftags&post=34399"}],"curies":[{"name":"wp","href":"https:\/\/api.w.org\/{rel}","templated":true}]}}