{"id":34419,"date":"2022-08-14T15:20:02","date_gmt":"2022-08-14T12:20:02","guid":{"rendered":"https:\/\/www.adanaseshaber.com\/?p=34419"},"modified":"2022-08-14T15:20:08","modified_gmt":"2022-08-14T12:20:08","slug":"okan-buruk-abdulkerim-bardakcinin-hatasiyla-yikildi","status":"publish","type":"post","link":"https:\/\/adanaseshaber.com.tr\/?p=34419","title":{"rendered":"Okan Buruk Abd\u00fclkerim Bardakc\u0131\u2019n\u0131n hatas\u0131yla y\u0131k\u0131ld\u0131"},"content":{"rendered":"<p>Galatasaray, Spor Toto S\u00fcper Lig\u2019in ikinci haftas\u0131nda kendi evinde Giresunspor\u2019u a\u011f\u0131rlad\u0131. Yeni sezonun ba\u015flamas\u0131yla futbolseverlerin ma\u00e7 heyecan\u0131 da yeniden ba\u015flarken sar\u0131 k\u0131rm\u0131z\u0131l\u0131lar kendi evinde Giresunspor\u2019u konuk etti. Heyecan dolu kar\u015f\u0131la\u015fmada Galasatary\u2019\u0131n yeni transferi Abd\u00fclkerim Bardakc\u0131\u2019n\u0131n hatas\u0131 tak\u0131m\u0131 y\u0131kt\u0131. Okan Buruk\u2019un y\u00f6netiminde olan Galatasaray, Giresunspor\u2019a kendi evinde 1-0 ma\u011flup oldu. Ma\u00e7\u0131n ard\u0131ndan Abd\u00fclkerim\u2019in hatas\u0131 \u00e7ok konu\u015fulurken Emre Akbaba ise performans\u0131 ile g\u00fcndemin ilk s\u0131ralar\u0131nda yerini ald\u0131. Galatasaray taraftar\u0131 oyuncular\u0131na k\u00f6t\u00fc oyun sebebiyle ele\u015ftiri ya\u011fd\u0131rd\u0131. Abd\u00fclkerim\u2019in yapt\u0131\u011f\u0131 hata ise \u00e7ok ele\u015ftirildi. Ma\u011flubiyeti getiren hatan\u0131n ard\u0131ndan b\u00fcy\u00fck \u00fcz\u00fcnt\u00fc ya\u015fayan Abd\u00fclkerim\u2019i tak\u0131m arkada\u015flar\u0131 teselli etti.<\/p>\n<p><strong>ASLAN\u2019A KEND\u0130 EV\u0130NDE B\u00dcY\u00dcK \u015eOK<\/strong><\/p>\n<p>Galatasaray, yeni sezona Okan Buruk y\u00f6netiminde Antalyaspor\u2019dan ald\u0131\u011f\u0131 galibiyetle ba\u015flam\u0131\u015ft\u0131. Spor Toto S\u00fcper Lig\u2019in ikinci ma\u00e7\u0131n\u0131 kendi sahas\u0131nda Giresunspor\u2019la oynayan Galatasaray, ikinci yar\u0131n\u0131n sonlar\u0131na do\u011fru gelen golle b\u00fcy\u00fck bir y\u0131k\u0131m ya\u015fad\u0131. Heyecanl\u0131 kar\u015f\u0131la\u015fmaya ilk 11\u2019de ba\u015flayan Galatasaray\u2019\u0131n yeni transferi Abd\u00fclkerim Bardakc\u0131, genel olarak iyi bir performans sergiledi\u011fi ma\u00e7ta bir anl\u0131k dikkatsizli\u011fi sonucunda gole sebebiyet verdi ve tak\u0131m\u0131n\u0131 1-0 geriye d\u00fc\u015f\u00fcrd\u00fc.<\/p>\n<p><img loading=\"lazy\" decoding=\"async\" class=\"aligncenter wp-image-34421 size-full\" src=\"https:\/\/adanaseshaber.com.tr\/wp-content\/uploads\/2022\/08\/okan-buruk-abdulkerim-bardakcinin-hatasiyla-yikildi-1.jpg\" alt=\"\" width=\"1280\" height=\"720\" srcset=\"https:\/\/adanaseshaber.com.tr\/wp-content\/uploads\/2022\/08\/okan-buruk-abdulkerim-bardakcinin-hatasiyla-yikildi-1.jpg 1280w, https:\/\/adanaseshaber.com.tr\/wp-content\/uploads\/2022\/08\/okan-buruk-abdulkerim-bardakcinin-hatasiyla-yikildi-1-300x169.jpg 300w, https:\/\/adanaseshaber.com.tr\/wp-content\/uploads\/2022\/08\/okan-buruk-abdulkerim-bardakcinin-hatasiyla-yikildi-1-1024x576.jpg 1024w, https:\/\/adanaseshaber.com.tr\/wp-content\/uploads\/2022\/08\/okan-buruk-abdulkerim-bardakcinin-hatasiyla-yikildi-1-768x432.jpg 768w, https:\/\/adanaseshaber.com.tr\/wp-content\/uploads\/2022\/08\/okan-buruk-abdulkerim-bardakcinin-hatasiyla-yikildi-1-390x220.jpg 390w\" sizes=\"auto, (max-width: 1280px) 100vw, 1280px\" \/><\/p>\n<p><strong>ABD\u00dcLKER\u0130M\u2019DEN MA\u011eLUB\u0130YET\u0130 GET\u0130REN HATA<\/strong><\/p>\n<p>Rakip tak\u0131mdan gelen topu g\u00f6\u011fs\u00fcyle kontrol eden Abd\u00fclkerim Bardakc\u0131, geriye d\u00f6n\u00fcl kalecisi Muslera ile oynamak isterken Borja Sainz\u2019\u0131 fark etmedi ve topu rakip tak\u0131m\u0131n oyuncusunun \u00f6n\u00fcne b\u0131rakt\u0131. Yap\u0131lan hatay\u0131 iyi de\u011ferlendiren Borja Sainz ise kaleci Muslera\u2019y\u0131 ge\u00e7ti ve topu a\u011flarla bulu\u015fturarak tak\u0131m\u0131na gol\u00fc getirdi.<\/p>\n<p><strong>KAR\u015eILA\u015eMA 1-0 SONA ERD\u0130<\/strong><\/p>\n<p>Kar\u015f\u0131la\u015fma Giresunspor\u2019un 1-0\u2019l\u0131k galibiyetiyle sona erdi. Ma\u00e7\u0131n ard\u0131ndan Abd\u00fclkerim Bardakc\u0131\u2019n\u0131n hatas\u0131 \u00e7ok ele\u015ftiri al\u0131rken Galatasarayl\u0131 futbolcu Emre Akbaba ise performans\u0131yla ele\u015ftirilerin hedefinde yer ald\u0131. \u0130lk yar\u0131da varl\u0131k g\u00f6steremeyen Emre Akbaba, 45 dakikan\u0131n sonunda Okan Buruk taraf\u0131ndan oyundan al\u0131nd\u0131.<\/p>\n","protected":false},"excerpt":{"rendered":"<p>Galatasaray, Spor Toto S\u00fcper Lig\u2019in ikinci haftas\u0131nda kendi evinde Giresunspor\u2019u a\u011f\u0131rlad\u0131. Yeni sezonun ba\u015flamas\u0131yla futbolseverlerin ma\u00e7 heyecan\u0131 da yeniden ba\u015flarken sar\u0131 k\u0131rm\u0131z\u0131l\u0131lar kendi evinde Giresunspor\u2019u konuk etti. Heyecan dolu kar\u015f\u0131la\u015fmada Galasatary\u2019\u0131n yeni transferi Abd\u00fclkerim Bardakc\u0131\u2019n\u0131n hatas\u0131 tak\u0131m\u0131 y\u0131kt\u0131. Okan Buruk\u2019un y\u00f6netiminde olan Galatasaray, Giresunspor\u2019a kendi evinde 1-0 ma\u011flup oldu. Ma\u00e7\u0131n ard\u0131ndan Abd\u00fclkerim\u2019in hatas\u0131 \u00e7ok konu\u015fulurken &hellip;<\/p>\n","protected":false},"author":6,"featured_media":34420,"comment_status":"closed","ping_status":"closed","sticky":false,"template":"","format":"standard","meta":{"footnotes":""},"categories":[5],"tags":[],"class_list":["post-34419","post","type-post","status-publish","format-standard","has-post-thumbnail","hentry","category-spor"],"amp_enabled":true,"_links":{"self":[{"href":"https:\/\/adanaseshaber.com.tr\/index.php?rest_route=\/wp\/v2\/posts\/34419","targetHints":{"allow":["GET"]}}],"collection":[{"href":"https:\/\/adanaseshaber.com.tr\/index.php?rest_route=\/wp\/v2\/posts"}],"about":[{"href":"https:\/\/adanaseshaber.com.tr\/index.php?rest_route=\/wp\/v2\/types\/post"}],"author":[{"embeddable":true,"href":"https:\/\/adanaseshaber.com.tr\/index.php?rest_route=\/wp\/v2\/users\/6"}],"replies":[{"embeddable":true,"href":"https:\/\/adanaseshaber.com.tr\/index.php?rest_route=%2Fwp%2Fv2%2Fcomments&post=34419"}],"version-history":[{"count":2,"href":"https:\/\/adanaseshaber.com.tr\/index.php?rest_route=\/wp\/v2\/posts\/34419\/revisions"}],"predecessor-version":[{"id":34423,"href":"https:\/\/adanaseshaber.com.tr\/index.php?rest_route=\/wp\/v2\/posts\/34419\/revisions\/34423"}],"wp:featuredmedia":[{"embeddable":true,"href":"https:\/\/adanaseshaber.com.tr\/index.php?rest_route=\/wp\/v2\/media\/34420"}],"wp:attachment":[{"href":"https:\/\/adanaseshaber.com.tr\/index.php?rest_route=%2Fwp%2Fv2%2Fmedia&parent=34419"}],"wp:term":[{"taxonomy":"category","embeddable":true,"href":"https:\/\/adanaseshaber.com.tr\/index.php?rest_route=%2Fwp%2Fv2%2Fcategories&post=34419"},{"taxonomy":"post_tag","embeddable":true,"href":"https:\/\/adanaseshaber.com.tr\/index.php?rest_route=%2Fwp%2Fv2%2Ftags&post=34419"}],"curies":[{"name":"wp","href":"https:\/\/api.w.org\/{rel}","templated":true}]}}