{"id":34434,"date":"2022-08-14T16:21:36","date_gmt":"2022-08-14T13:21:36","guid":{"rendered":"https:\/\/www.adanaseshaber.com\/?p=34434"},"modified":"2022-08-14T16:23:12","modified_gmt":"2022-08-14T13:23:12","slug":"milli-sporcu-alparslan-ayhani-kaykayla-dovduler","status":"publish","type":"post","link":"https:\/\/adanaseshaber.com.tr\/?p=34434","title":{"rendered":"Milli sporcu Alparslan Ayhan\u2019\u0131 kaykayla d\u00f6vd\u00fcler"},"content":{"rendered":"<p>Kaykay \u015fampiyonu milli sporcu Alparslan Ayhan, sokak ortas\u0131nda feci \u015fekilde darp edildi. Maltepe\u2019de arkada\u015f\u0131 Kerem \u015eahino\u011flu ile birlikte antrenman yapt\u0131\u011f\u0131 s\u0131rada bir grup taraf\u0131ndan d\u00f6v\u00fclen Alparslan Ayhan\u2019\u0131n burnu k\u0131r\u0131ld\u0131. Ald\u0131\u011f\u0131 darbeler sonucunda ka\u015f\u0131 a\u00e7\u0131lan ve y\u00fcz\u00fcnde morluklar olu\u015fan Ayhan, ameliyata al\u0131nd\u0131. Alparslan Ayhan\u2019\u0131n babas\u0131 Cengiz Ayhan, sald\u0131r\u0131y\u0131 5-6 ki\u015filik bir grubun yapt\u0131\u011f\u0131n\u0131 s\u00f6yledi. Antrenman yapt\u0131klar\u0131 esnada 3 ki\u015finin 13 ya\u015flar\u0131nda bir \u00e7ocu\u011fu d\u00f6vd\u00fc\u011f\u00fcn\u00fc g\u00f6ren o\u011flu ve arkada\u015f\u0131n\u0131n kavgay\u0131 ay\u0131rmak istedi\u011fini anlatan baba Cengiz Ayhan, \u2018Ard\u0131ndan 5-6 ki\u015fi daha gelip \u00e7ocuklar\u0131m\u0131za sald\u0131r\u0131yorlar.\u2019 dedi. Ald\u0131\u011f\u0131 darbeler sonucunda burnu k\u0131r\u0131lan ve ameliyata al\u0131nan Ayhan\u2019\u0131n 7 g\u00fcn boyunca hastanede kontrol alt\u0131nda kalaca\u011f\u0131 \u00f6\u011frenildi. \u0130\u015fte detaylar\u2026<\/p>\n<p><strong>M\u0130LL\u0130 SPORCU ALPARSLAN AYHAN\u2019A \u00c7\u0130RK\u0130N SALDIRI<\/strong><\/p>\n<p>Olay, ge\u00e7ti\u011fimiz \u00c7ar\u015famba g\u00fcn\u00fc Maltepe Sahili\u2019nde saat 19.00 sular\u0131nda meydana geldi. Al\u0131nan bilgilere g\u00f6re sahil alan\u0131ndaki kaykay park\u0131 i\u00e7erisine gelen bir gen\u00e7, ba\u015fka bir gruptan zorla para istedi. Bu esnada kaykay park\u0131nda antrenman yapan 2021 T\u00fcrkiye Kaykay \u015eampiyonu Milli Sporcu ve Fenerbah\u00e7e \u00dcniversitesi Spor Bilimleri Fak\u00fcltesi Antren\u00f6rl\u00fck E\u011fitimi B\u00f6l\u00fcm\u00fc \u00f6\u011frencisi olan Alparslan Ayhan ve arkada\u015f\u0131 Kerem \u015eahino\u011flu, gen\u00e7ler aras\u0131nda ya\u015fanan tart\u0131\u015fmay\u0131 sonland\u0131rmak istedi.<\/p>\n<p><img loading=\"lazy\" decoding=\"async\" class=\"aligncenter wp-image-34437 size-full\" src=\"https:\/\/adanaseshaber.com.tr\/wp-content\/uploads\/2022\/08\/milli-sporcu-alparslan-ayhani-kaykayla-dovduler-1.jpg\" alt=\"\" width=\"1280\" height=\"720\" srcset=\"https:\/\/adanaseshaber.com.tr\/wp-content\/uploads\/2022\/08\/milli-sporcu-alparslan-ayhani-kaykayla-dovduler-1.jpg 1280w, https:\/\/adanaseshaber.com.tr\/wp-content\/uploads\/2022\/08\/milli-sporcu-alparslan-ayhani-kaykayla-dovduler-1-300x169.jpg 300w, https:\/\/adanaseshaber.com.tr\/wp-content\/uploads\/2022\/08\/milli-sporcu-alparslan-ayhani-kaykayla-dovduler-1-1024x576.jpg 1024w, https:\/\/adanaseshaber.com.tr\/wp-content\/uploads\/2022\/08\/milli-sporcu-alparslan-ayhani-kaykayla-dovduler-1-768x432.jpg 768w, https:\/\/adanaseshaber.com.tr\/wp-content\/uploads\/2022\/08\/milli-sporcu-alparslan-ayhani-kaykayla-dovduler-1-390x220.jpg 390w\" sizes=\"auto, (max-width: 1280px) 100vw, 1280px\" \/><\/p>\n<p><strong>KAYKAYLA D\u00d6VD\u00dcLER<\/strong><\/p>\n<p>Tart\u0131\u015fman\u0131n k\u0131sa s\u00fcrede kavgaya d\u00f6n\u00fc\u015fmesiyle Alparslan Ayhan kimli\u011fi belirsiz ki\u015filer taraf\u0131ndan feci \u015fekilde d\u00f6v\u00fcld\u00fc. Ald\u0131\u011f\u0131 darbeler sonucunda burnu k\u0131r\u0131lan, ka\u015f\u0131 a\u00e7\u0131lan ve y\u00fcz\u00fcnden morluklar olu\u015fan Ayhan\u2019\u0131n Kartal Dr. L\u00fctfi K\u0131rdar \u015eehir Hastanesi\u2019ne sevk edildi\u011fi ve ameliyata al\u0131nd\u0131\u011f\u0131 \u00f6\u011frenildi. Olay\u0131n ard\u0131ndan a\u00e7\u0131klama yapan baba Cengiz Ayhan, o\u011flunun kaykayla d\u00f6v\u00fcld\u00fc\u011f\u00fcn\u00fc s\u00f6yledi. Yetkililere seslenen baba Cengiz Ayhan, \u2018Bu bir kaza de\u011fil, bu bir \u015fiddet. Maltepe skate park\u0131n i\u00e7inde g\u00fcvenlik ad\u0131 alt\u0131nda duran elemanlar\u0131n \u00e7ok vas\u0131fs\u0131z, etkisiz olduklar\u0131n\u0131 g\u00f6r\u00fcyoruz. O b\u00f6lgenin idari amiri olan yetkililerin oraya \u00f6zel g\u00fcvenlik olu\u015fturmalar\u0131n\u0131 talep ediyorum.\u2019 dedi.<\/p>\n","protected":false},"excerpt":{"rendered":"<p>Kaykay \u015fampiyonu milli sporcu Alparslan Ayhan, sokak ortas\u0131nda feci \u015fekilde darp edildi. Maltepe\u2019de arkada\u015f\u0131 Kerem \u015eahino\u011flu ile birlikte antrenman yapt\u0131\u011f\u0131 s\u0131rada bir grup taraf\u0131ndan d\u00f6v\u00fclen Alparslan Ayhan\u2019\u0131n burnu k\u0131r\u0131ld\u0131. Ald\u0131\u011f\u0131 darbeler sonucunda ka\u015f\u0131 a\u00e7\u0131lan ve y\u00fcz\u00fcnde morluklar olu\u015fan Ayhan, ameliyata al\u0131nd\u0131. Alparslan Ayhan\u2019\u0131n babas\u0131 Cengiz Ayhan, sald\u0131r\u0131y\u0131 5-6 ki\u015filik bir grubun yapt\u0131\u011f\u0131n\u0131 s\u00f6yledi. Antrenman yapt\u0131klar\u0131 &hellip;<\/p>\n","protected":false},"author":6,"featured_media":34435,"comment_status":"closed","ping_status":"closed","sticky":false,"template":"","format":"standard","meta":{"footnotes":""},"categories":[5],"tags":[],"class_list":["post-34434","post","type-post","status-publish","format-standard","has-post-thumbnail","hentry","category-spor"],"amp_enabled":true,"_links":{"self":[{"href":"https:\/\/adanaseshaber.com.tr\/index.php?rest_route=\/wp\/v2\/posts\/34434","targetHints":{"allow":["GET"]}}],"collection":[{"href":"https:\/\/adanaseshaber.com.tr\/index.php?rest_route=\/wp\/v2\/posts"}],"about":[{"href":"https:\/\/adanaseshaber.com.tr\/index.php?rest_route=\/wp\/v2\/types\/post"}],"author":[{"embeddable":true,"href":"https:\/\/adanaseshaber.com.tr\/index.php?rest_route=\/wp\/v2\/users\/6"}],"replies":[{"embeddable":true,"href":"https:\/\/adanaseshaber.com.tr\/index.php?rest_route=%2Fwp%2Fv2%2Fcomments&post=34434"}],"version-history":[{"count":3,"href":"https:\/\/adanaseshaber.com.tr\/index.php?rest_route=\/wp\/v2\/posts\/34434\/revisions"}],"predecessor-version":[{"id":34439,"href":"https:\/\/adanaseshaber.com.tr\/index.php?rest_route=\/wp\/v2\/posts\/34434\/revisions\/34439"}],"wp:featuredmedia":[{"embeddable":true,"href":"https:\/\/adanaseshaber.com.tr\/index.php?rest_route=\/wp\/v2\/media\/34435"}],"wp:attachment":[{"href":"https:\/\/adanaseshaber.com.tr\/index.php?rest_route=%2Fwp%2Fv2%2Fmedia&parent=34434"}],"wp:term":[{"taxonomy":"category","embeddable":true,"href":"https:\/\/adanaseshaber.com.tr\/index.php?rest_route=%2Fwp%2Fv2%2Fcategories&post=34434"},{"taxonomy":"post_tag","embeddable":true,"href":"https:\/\/adanaseshaber.com.tr\/index.php?rest_route=%2Fwp%2Fv2%2Ftags&post=34434"}],"curies":[{"name":"wp","href":"https:\/\/api.w.org\/{rel}","templated":true}]}}