{"id":34440,"date":"2022-08-14T16:42:15","date_gmt":"2022-08-14T13:42:15","guid":{"rendered":"https:\/\/www.adanaseshaber.com\/?p=34440"},"modified":"2022-08-14T16:43:27","modified_gmt":"2022-08-14T13:43:27","slug":"maltepe-kyk-yurdunda-kalan-araplarla-ilgili-aciklama-geldi","status":"publish","type":"post","link":"https:\/\/adanaseshaber.com.tr\/?p=34440","title":{"rendered":"Maltepe KYK yurdunda kalan Araplarla ilgili a\u00e7\u0131klama geldi"},"content":{"rendered":"<p>Maltepe\u2019deki KYK yurdunda \u00e7ekilen bir kare sosyal medyada tart\u0131\u015fma konusu olmu\u015f ve g\u00fcndemin ilk s\u0131ralar\u0131nda yerini alm\u0131\u015ft\u0131. Tepki \u00e7eken g\u00f6r\u00fcnt\u00fclerin ard\u0131ndan KYK\u2019dan a\u00e7\u0131klama geldi. Bir \u00f6\u011frenci yurdunda Arap m\u00fcltecilerin bedava kald\u0131\u011f\u0131na dair iddialar ortal\u0131\u011f\u0131 kar\u0131\u015ft\u0131rm\u0131\u015f ve sosyal medya bu iddialar sonras\u0131nda aya\u011fa kalkm\u0131\u015ft\u0131. Gelen tepkiler sonras\u0131nda KYK konuyla ilgili a\u00e7\u0131klama yapt\u0131. KYK yurdunda \u00e7ekilen bir kare sosyal medyada g\u00fcndem olmu\u015f ve tepkiler \u00e7\u0131\u011f gibi b\u00fcy\u00fcm\u00fc\u015ft\u00fc. Bir \u00f6\u011frenci yurdunda Arap m\u00fcltecilerin bedavaya kald\u0131\u011f\u0131 iddias\u0131 ortal\u0131\u011f\u0131 kar\u0131\u015ft\u0131rm\u0131\u015ft\u0131. Gelen tepkiler \u00fczerine KYK\u2019dan konuyla ilgili a\u00e7\u0131klama yap\u0131ld\u0131. Yurtlar\u0131n \u00f6\u011frencilerin konaklamad\u0131\u011f\u0131 d\u00f6nemde etkinlikler i\u00e7in misafirlere a\u00e7\u0131ld\u0131\u011f\u0131 belirtilirken s\u00f6z konusu g\u00f6r\u00fcnt\u00fclerdeki ki\u015filerin de 4. Uluslararas\u0131 Gen\u00e7lik Bulu\u015fmas\u0131\u2019nda konu\u015fmac\u0131 olarak yer alan bilim insanlar\u0131 ve kat\u0131l\u0131mc\u0131 gen\u00e7ler oldu\u011fu bilgisine yer verildi.<\/p>\n<p><strong>KYK YURDUNDA \u00c7EK\u0130LEN KARE G\u00dcNDEM OLMU\u015eTU<\/strong><\/p>\n<p>\u0130stanbul\u2019un Maltepe il\u00e7esinde bulunan ve Kredi Yurtlar Kurumu\u2019na ba\u011fl\u0131 olan Mimar Sinan \u00d6\u011frenci Yurdu\u2019nda \u00e7ekilen g\u00f6r\u00fcnt\u00fcler sosyal medyada tepkiye neden olmu\u015ftu. S\u00f6z konusu g\u00f6r\u00fcnt\u00fclerdeki ki\u015filerin Arap m\u00fclteciler oldu\u011fu ve \u00f6\u011frenci yurdunda bedava kald\u0131\u011f\u0131na dair iddialar g\u00fcndeme bomba gibi d\u00fc\u015fm\u00fc\u015ft\u00fc. Gelen tepkiler sonras\u0131nda KYK\u2019dan konuyla ilgili a\u00e7\u0131klama yap\u0131ld\u0131.<\/p>\n<p><img loading=\"lazy\" decoding=\"async\" class=\"aligncenter wp-image-34443 size-full\" src=\"https:\/\/adanaseshaber.com.tr\/wp-content\/uploads\/2022\/08\/maltepe-kyk-yurdunda-kalan-araplarla-ilgili-aciklama-geldi-1.jpg\" alt=\"\" width=\"1280\" height=\"720\" srcset=\"https:\/\/adanaseshaber.com.tr\/wp-content\/uploads\/2022\/08\/maltepe-kyk-yurdunda-kalan-araplarla-ilgili-aciklama-geldi-1.jpg 1280w, https:\/\/adanaseshaber.com.tr\/wp-content\/uploads\/2022\/08\/maltepe-kyk-yurdunda-kalan-araplarla-ilgili-aciklama-geldi-1-300x169.jpg 300w, https:\/\/adanaseshaber.com.tr\/wp-content\/uploads\/2022\/08\/maltepe-kyk-yurdunda-kalan-araplarla-ilgili-aciklama-geldi-1-1024x576.jpg 1024w, https:\/\/adanaseshaber.com.tr\/wp-content\/uploads\/2022\/08\/maltepe-kyk-yurdunda-kalan-araplarla-ilgili-aciklama-geldi-1-768x432.jpg 768w, https:\/\/adanaseshaber.com.tr\/wp-content\/uploads\/2022\/08\/maltepe-kyk-yurdunda-kalan-araplarla-ilgili-aciklama-geldi-1-390x220.jpg 390w\" sizes=\"auto, (max-width: 1280px) 100vw, 1280px\" \/><\/p>\n<p><strong>KYK\u2019DAN \u0130DD\u0130ALARA YANIT<\/strong><\/p>\n<p>Sosyal medyada h\u0131zla yay\u0131lan iddialar vatanda\u015flar\u0131n ve siyasilerin tepkisi \u00e7ekti. Giderek b\u00fcy\u00fcyen tepkiler sonras\u0131nda KYK\u2019dan konuyla ilgili a\u00e7\u0131klama geldi. KYK2dan yap\u0131lan a\u00e7\u0131klamada ise yurtlar\u0131n \u00f6\u011frencilerin konaklamad\u0131\u011f\u0131 g\u00fcnlerde gen\u00e7 etkinlikleri i\u00e7in kat\u0131l\u0131mc\u0131lara ayr\u0131ca tahsis edildi\u011fi aktar\u0131ld\u0131. G\u00f6r\u00fcnt\u00fclerdeki ki\u015filerin ise 4. Uluslararas\u0131 Gen\u00e7lik Bulu\u015fmas\u0131\u2019nda konu\u015fmac\u0131 olarak yer alan bilim insanlar\u0131 ve kat\u0131l\u0131mc\u0131 gen\u00e7ler oldu\u011fu bilgisine yer verildi.<\/p>\n<p><strong>M\u00dcLTEC\u0130 \u0130DD\u0130ALARI YALANLANDI<\/strong><\/p>\n<p>Kredi ve Yurtlar Genel M\u00fcd\u00fcrl\u00fc\u011f\u00fc, gelen yo\u011fun tepkiler \u00fczerine konuyla ilgili a\u00e7\u0131klama yaparken baz\u0131 sosyal medya hesaplar\u0131nda payla\u015f\u0131lan g\u00f6r\u00fcnt\u00fclerde yer alan \u015fah\u0131slar\u0131n yerel k\u0131yafetleriyle seminerlerde konu\u015fmac\u0131 olarak yer alan bilim insanlar\u0131 ve kat\u0131l\u0131mc\u0131 gen\u00e7ler oldu\u011funu aktard\u0131 ve \u2018\u015eah\u0131slar\u0131n m\u00fclteci olduklar\u0131na dair bilgiler tamam\u0131yla dezenformasyondur.\u2019 ifadelerine yer verildi.<\/p>\n","protected":false},"excerpt":{"rendered":"<p>Maltepe\u2019deki KYK yurdunda \u00e7ekilen bir kare sosyal medyada tart\u0131\u015fma konusu olmu\u015f ve g\u00fcndemin ilk s\u0131ralar\u0131nda yerini alm\u0131\u015ft\u0131. Tepki \u00e7eken g\u00f6r\u00fcnt\u00fclerin ard\u0131ndan KYK\u2019dan a\u00e7\u0131klama geldi. Bir \u00f6\u011frenci yurdunda Arap m\u00fcltecilerin bedava kald\u0131\u011f\u0131na dair iddialar ortal\u0131\u011f\u0131 kar\u0131\u015ft\u0131rm\u0131\u015f ve sosyal medya bu iddialar sonras\u0131nda aya\u011fa kalkm\u0131\u015ft\u0131. Gelen tepkiler sonras\u0131nda KYK konuyla ilgili a\u00e7\u0131klama yapt\u0131. KYK yurdunda \u00e7ekilen bir &hellip;<\/p>\n","protected":false},"author":6,"featured_media":34441,"comment_status":"closed","ping_status":"closed","sticky":false,"template":"","format":"standard","meta":{"footnotes":""},"categories":[1],"tags":[],"class_list":["post-34440","post","type-post","status-publish","format-standard","has-post-thumbnail","hentry","category-genel"],"amp_enabled":true,"_links":{"self":[{"href":"https:\/\/adanaseshaber.com.tr\/index.php?rest_route=\/wp\/v2\/posts\/34440","targetHints":{"allow":["GET"]}}],"collection":[{"href":"https:\/\/adanaseshaber.com.tr\/index.php?rest_route=\/wp\/v2\/posts"}],"about":[{"href":"https:\/\/adanaseshaber.com.tr\/index.php?rest_route=\/wp\/v2\/types\/post"}],"author":[{"embeddable":true,"href":"https:\/\/adanaseshaber.com.tr\/index.php?rest_route=\/wp\/v2\/users\/6"}],"replies":[{"embeddable":true,"href":"https:\/\/adanaseshaber.com.tr\/index.php?rest_route=%2Fwp%2Fv2%2Fcomments&post=34440"}],"version-history":[{"count":2,"href":"https:\/\/adanaseshaber.com.tr\/index.php?rest_route=\/wp\/v2\/posts\/34440\/revisions"}],"predecessor-version":[{"id":34444,"href":"https:\/\/adanaseshaber.com.tr\/index.php?rest_route=\/wp\/v2\/posts\/34440\/revisions\/34444"}],"wp:featuredmedia":[{"embeddable":true,"href":"https:\/\/adanaseshaber.com.tr\/index.php?rest_route=\/wp\/v2\/media\/34441"}],"wp:attachment":[{"href":"https:\/\/adanaseshaber.com.tr\/index.php?rest_route=%2Fwp%2Fv2%2Fmedia&parent=34440"}],"wp:term":[{"taxonomy":"category","embeddable":true,"href":"https:\/\/adanaseshaber.com.tr\/index.php?rest_route=%2Fwp%2Fv2%2Fcategories&post=34440"},{"taxonomy":"post_tag","embeddable":true,"href":"https:\/\/adanaseshaber.com.tr\/index.php?rest_route=%2Fwp%2Fv2%2Ftags&post=34440"}],"curies":[{"name":"wp","href":"https:\/\/api.w.org\/{rel}","templated":true}]}}