{"id":34464,"date":"2022-08-14T18:21:13","date_gmt":"2022-08-14T15:21:13","guid":{"rendered":"https:\/\/www.adanaseshaber.com\/?p=34464"},"modified":"2022-08-14T18:21:10","modified_gmt":"2022-08-14T15:21:10","slug":"oyuncu-sureyya-gursel-evren-kimdir-sureyya-gursel-evren-neden-oldu","status":"publish","type":"post","link":"https:\/\/adanaseshaber.com.tr\/?p=34464","title":{"rendered":"Oyuncu S\u00fcreyya G\u00fcrsel Evren kimdir? S\u00fcreyya G\u00fcrsel Evren neden \u00f6ld\u00fc?"},"content":{"rendered":"<p>TRT ekranlar\u0131nda yay\u0131nlanan Masumlar Apartman\u0131 dizisinde Vedat karakterine hayat veren ve \u00f6l\u00fcm\u00fcyle t\u00fcm sevenlerini yasa bo\u011fan oyuncu S\u00fcreyya G\u00fcrsel Evren hakk\u0131nda merak edilen detaylar ara\u015ft\u0131r\u0131l\u0131yor. \u00d6nceki g\u00fcn Sancaktepe\u2019de bir evin balkonundan d\u00fc\u015ferek hayat\u0131n\u0131 kaybeden Evren\u2019in \u015f\u00fcpheli \u00f6l\u00fcm\u00fcyle ilgili soru\u015fturma devam ederken \u00fcnl\u00fc oyuncunun eve misafirlik i\u00e7in gitti\u011fi \u00f6\u011frenildi. Vefat\u0131yla sevenlerini yasa bo\u011fan oyuncu S\u00fcreyya G\u00fcrsel Evren, misafir olarak gitti\u011fi \u00fc\u00e7\u00fcnc\u00fc kattaki evin balkonundan d\u00fc\u015ferek hayat\u0131n\u0131 kaybetti. \u00dcnl\u00fc oyuncunun \u00f6zel hayat\u0131na dair t\u00fcm detaylar ara\u015ft\u0131r\u0131l\u0131rken \u015f\u00fcpheli \u00f6l\u00fcm\u00fcyle ilgili de soru\u015fturma ba\u015flat\u0131ld\u0131. Peki, oyuncu S\u00fcreyya G\u00fcrsel Evren kimdir? S\u00fcreyya G\u00fcrsel Evren ka\u00e7 ya\u015f\u0131nda? S\u00fcreyya G\u00fcrsel Evren neden \u00f6ld\u00fc? \u0130\u015fte t\u00fcm merak edilenler\u2026<\/p>\n<p><strong>BALKONDAN D\u00dc\u015eEREK HAYATINI KAYBETT\u0130<\/strong><\/p>\n<p>Masumlar Apartman\u0131 dizisinde Vedat karakterine hayat veren oyuncu S\u00fcreyya G\u00fcrsel Evren, \u0130stanbul Sancaktepe Meclis Mahallesi Teraziler Caddesi \u00fczerinde yer alan bir sitede bulunan binaya iddiaya g\u00f6re misafir olarak gitti. Misafir olarak gitti\u011fi \u00fc\u00e7\u00fcnc\u00fc kattaki evin balkonundan d\u00fc\u015fen \u00fcnl\u00fc oyuncu maalesef hayat\u0131n\u0131 kaybetti. \u0130hbar \u00fczerine b\u00f6lgeye gelen olay yeri inceleme ekiplerinin \u00e7al\u0131\u015fmas\u0131 sonras\u0131nda Evren\u2019in cans\u0131z bedeni Adli T\u0131p Kurumu morguna kald\u0131r\u0131ld\u0131.<\/p>\n<p><img loading=\"lazy\" decoding=\"async\" class=\"aligncenter wp-image-34466 size-full\" src=\"https:\/\/adanaseshaber.com.tr\/wp-content\/uploads\/2022\/08\/oyuncu-sureyya-gursel-evren-kimdir-sureyya-gursel-evren-neden-oldu.jpg\" alt=\"\" width=\"1280\" height=\"720\" srcset=\"https:\/\/adanaseshaber.com.tr\/wp-content\/uploads\/2022\/08\/oyuncu-sureyya-gursel-evren-kimdir-sureyya-gursel-evren-neden-oldu.jpg 1280w, https:\/\/adanaseshaber.com.tr\/wp-content\/uploads\/2022\/08\/oyuncu-sureyya-gursel-evren-kimdir-sureyya-gursel-evren-neden-oldu-300x169.jpg 300w, https:\/\/adanaseshaber.com.tr\/wp-content\/uploads\/2022\/08\/oyuncu-sureyya-gursel-evren-kimdir-sureyya-gursel-evren-neden-oldu-1024x576.jpg 1024w, https:\/\/adanaseshaber.com.tr\/wp-content\/uploads\/2022\/08\/oyuncu-sureyya-gursel-evren-kimdir-sureyya-gursel-evren-neden-oldu-768x432.jpg 768w, https:\/\/adanaseshaber.com.tr\/wp-content\/uploads\/2022\/08\/oyuncu-sureyya-gursel-evren-kimdir-sureyya-gursel-evren-neden-oldu-390x220.jpg 390w\" sizes=\"auto, (max-width: 1280px) 100vw, 1280px\" \/><\/p>\n<p><strong>S\u00dcREYYA G\u00dcRSEL EVREN K\u0130MD\u0130R?<\/strong><\/p>\n<p>21 Aral\u0131k 1968 y\u0131l\u0131nda d\u00fcnyaya gelen oyuncu S\u00fcreyya G\u00fcrsel Evren, oyunculuk e\u011fitiminin ard\u0131ndan \u00e7ok say\u0131da yap\u0131mda yer ald\u0131. Dirili\u015f Ertu\u011frul, Arka Sokaklar, Masumlar Apartman\u0131, S\u00f6z, Payitaht Abd\u00fclhamid, Yasak Elma, F\u0130, Ar\u0131za, K\u0131rm\u0131z\u0131 Oda, Baba ve Destan gibi \u00e7ok say\u0131da dizide rol \u00fcstlenen Evren, sevilen dizi Masumlar Apartman\u0131\u2019nda canland\u0131rd\u0131\u011f\u0131 Vedat karakteriyle t\u00fcm dikkatleri \u00fczerine \u00e7ekti. Show TV ekranlar\u0131nda yay\u0131nlanan \u00dc\u00e7 Kuru\u015f dizisinde Necdet karakterine hayat veren Evren, son olarak ATV ekranlar\u0131nda yay\u0131nlanan Destan dizisinde Toygar Han karakteriyle izleyici kar\u015f\u0131s\u0131na \u00e7\u0131km\u0131\u015ft\u0131.<\/p>\n","protected":false},"excerpt":{"rendered":"<p>TRT ekranlar\u0131nda yay\u0131nlanan Masumlar Apartman\u0131 dizisinde Vedat karakterine hayat veren ve \u00f6l\u00fcm\u00fcyle t\u00fcm sevenlerini yasa bo\u011fan oyuncu S\u00fcreyya G\u00fcrsel Evren hakk\u0131nda merak edilen detaylar ara\u015ft\u0131r\u0131l\u0131yor. \u00d6nceki g\u00fcn Sancaktepe\u2019de bir evin balkonundan d\u00fc\u015ferek hayat\u0131n\u0131 kaybeden Evren\u2019in \u015f\u00fcpheli \u00f6l\u00fcm\u00fcyle ilgili soru\u015fturma devam ederken \u00fcnl\u00fc oyuncunun eve misafirlik i\u00e7in gitti\u011fi \u00f6\u011frenildi. Vefat\u0131yla sevenlerini yasa bo\u011fan oyuncu S\u00fcreyya G\u00fcrsel &hellip;<\/p>\n","protected":false},"author":6,"featured_media":34465,"comment_status":"closed","ping_status":"closed","sticky":false,"template":"","format":"standard","meta":{"footnotes":""},"categories":[15431],"tags":[],"class_list":["post-34464","post","type-post","status-publish","format-standard","has-post-thumbnail","hentry","category-medya"],"amp_enabled":true,"_links":{"self":[{"href":"https:\/\/adanaseshaber.com.tr\/index.php?rest_route=\/wp\/v2\/posts\/34464","targetHints":{"allow":["GET"]}}],"collection":[{"href":"https:\/\/adanaseshaber.com.tr\/index.php?rest_route=\/wp\/v2\/posts"}],"about":[{"href":"https:\/\/adanaseshaber.com.tr\/index.php?rest_route=\/wp\/v2\/types\/post"}],"author":[{"embeddable":true,"href":"https:\/\/adanaseshaber.com.tr\/index.php?rest_route=\/wp\/v2\/users\/6"}],"replies":[{"embeddable":true,"href":"https:\/\/adanaseshaber.com.tr\/index.php?rest_route=%2Fwp%2Fv2%2Fcomments&post=34464"}],"version-history":[{"count":2,"href":"https:\/\/adanaseshaber.com.tr\/index.php?rest_route=\/wp\/v2\/posts\/34464\/revisions"}],"predecessor-version":[{"id":34468,"href":"https:\/\/adanaseshaber.com.tr\/index.php?rest_route=\/wp\/v2\/posts\/34464\/revisions\/34468"}],"wp:featuredmedia":[{"embeddable":true,"href":"https:\/\/adanaseshaber.com.tr\/index.php?rest_route=\/wp\/v2\/media\/34465"}],"wp:attachment":[{"href":"https:\/\/adanaseshaber.com.tr\/index.php?rest_route=%2Fwp%2Fv2%2Fmedia&parent=34464"}],"wp:term":[{"taxonomy":"category","embeddable":true,"href":"https:\/\/adanaseshaber.com.tr\/index.php?rest_route=%2Fwp%2Fv2%2Fcategories&post=34464"},{"taxonomy":"post_tag","embeddable":true,"href":"https:\/\/adanaseshaber.com.tr\/index.php?rest_route=%2Fwp%2Fv2%2Ftags&post=34464"}],"curies":[{"name":"wp","href":"https:\/\/api.w.org\/{rel}","templated":true}]}}