{"id":34469,"date":"2022-08-14T18:39:35","date_gmt":"2022-08-14T15:39:35","guid":{"rendered":"https:\/\/www.adanaseshaber.com\/?p=34469"},"modified":"2022-08-14T18:39:55","modified_gmt":"2022-08-14T15:39:55","slug":"hull-city-pelkasi-kadrosuna-katiyor-anlasma-saglandi","status":"publish","type":"post","link":"https:\/\/adanaseshaber.com.tr\/?p=34469","title":{"rendered":"Hull City Pelkas\u2019\u0131 kadrosuna kat\u0131yor! Anla\u015fma sa\u011fland\u0131"},"content":{"rendered":"<p>\u00dcnl\u00fc televizyoncu Acun Il\u0131cal\u0131\u2019n\u0131n sahibi oldu\u011fu Hull City, Fenerbah\u00e7e\u2019den bir transfer daha yapmaya haz\u0131rlan\u0131yor. Fenerbah\u00e7e\u2019nin Yunan orta sahas\u0131 Dimitris Pelkas\u2019\u0131n Hull City yolcusu oldu\u011fu \u00f6\u011frenildi. Daha \u00f6nce Ozan Tufan ve Allahyar\u2019\u0131 kadrosuna katan Hull City, Fenerbah\u00e7eli futbolcu Pelkas\u2019\u0131 kadrosuna katmaya \u00e7ok yak\u0131n. Acun Il\u0131cal\u0131, spor man\u015fetlerini hareketlendiren bir transfer g\u00fcndemiyle yine en \u00e7ok konu\u015fulan isimler aras\u0131nda. Il\u0131cal\u0131\u2019n\u0131n sahibi oldu\u011fu Hull City, Fenerbah\u00e7e\u2019nin Yunan orta sahas\u0131 Dimitris Pelkas\u2019\u0131 kadrosuna katmak istiyor. \u0130ki kul\u00fcp transfer i\u00e7in anla\u015fmaya vard\u0131. Transferin ger\u00e7ekle\u015fmesi i\u00e7in Pelkas\u2019\u0131n son karar\u0131 bekleniyor.<\/p>\n<p><strong>OZAN TUFAN VE ALLAHYAR\u2019IN ARDINDAN 3. TRANSFER<\/strong><\/p>\n<p>Acun Il\u0131cal\u0131, Fenerbah\u00e7e ile transfer g\u00f6r\u00fc\u015fmelerine devam ediyor. Daha \u00f6nce sahibi oldu\u011fu Hull City\u2019e Fenerbah\u00e7eli futbolcular Allahyar ve Ozan Tufan\u2019\u0131 transfer eden Acun Il\u0131cal\u0131, \u015fimdi de Yunan orta saha Pelkas\u2019\u0131 kadroya katmak istiyor. \u0130ki kul\u00fcp transfer i\u00e7in anla\u015f\u0131rken Pelkas\u2019\u0131n karar\u0131n\u0131n beklendi\u011fi \u00f6\u011frenildi. Pelkas\u2019\u0131n teklifi kabul etmesi halinde Il\u0131cal\u0131, Ozan Tufan ve Allahyar\u2019\u0131n ard\u0131ndan Fenerbah\u00e7e\u2019den 3. futbolcu transferini ger\u00e7ekle\u015ftirmi\u015f olacak.<\/p>\n<p><img loading=\"lazy\" decoding=\"async\" class=\"aligncenter wp-image-34471 size-full\" src=\"https:\/\/adanaseshaber.com.tr\/wp-content\/uploads\/2022\/08\/hull-city-pelkasi-kadrosuna-katiyor-anlasma-saglandi-1.jpg\" alt=\"\" width=\"1280\" height=\"720\" srcset=\"https:\/\/adanaseshaber.com.tr\/wp-content\/uploads\/2022\/08\/hull-city-pelkasi-kadrosuna-katiyor-anlasma-saglandi-1.jpg 1280w, https:\/\/adanaseshaber.com.tr\/wp-content\/uploads\/2022\/08\/hull-city-pelkasi-kadrosuna-katiyor-anlasma-saglandi-1-300x169.jpg 300w, https:\/\/adanaseshaber.com.tr\/wp-content\/uploads\/2022\/08\/hull-city-pelkasi-kadrosuna-katiyor-anlasma-saglandi-1-1024x576.jpg 1024w, https:\/\/adanaseshaber.com.tr\/wp-content\/uploads\/2022\/08\/hull-city-pelkasi-kadrosuna-katiyor-anlasma-saglandi-1-768x432.jpg 768w, https:\/\/adanaseshaber.com.tr\/wp-content\/uploads\/2022\/08\/hull-city-pelkasi-kadrosuna-katiyor-anlasma-saglandi-1-390x220.jpg 390w\" sizes=\"auto, (max-width: 1280px) 100vw, 1280px\" \/><\/p>\n<p><strong>KUL\u00dcPLER ANLA\u015eTI<\/strong><\/p>\n<p>TRT Spor\u2019da yer alan habere g\u00f6re, Acun Il\u0131cal\u0131\u2019n\u0131n sahibi oldu\u011fu \u0130ngiliz ekibi Hull City ile Fenerbah\u00e7e aras\u0131nda Pelkas transferi i\u00e7in anla\u015fma sa\u011fland\u0131. Ancak Yunan orta saha oyuncusu Pelkas\u2019\u0131n karar\u0131n\u0131n beklendi\u011fi aktar\u0131l\u0131yor. Pelkas2\u0131n teklifi kabul etmesi halinde Fenerbah\u00e7e, \u0130ngiliz ekibi Hull City\u2019e \u00fc\u00e7\u00fcnc\u00fc futbolcu transferini ger\u00e7ekle\u015ftirmi\u015f olacak.<\/p>\n<p>&nbsp;<\/p>\n","protected":false},"excerpt":{"rendered":"<p>\u00dcnl\u00fc televizyoncu Acun Il\u0131cal\u0131\u2019n\u0131n sahibi oldu\u011fu Hull City, Fenerbah\u00e7e\u2019den bir transfer daha yapmaya haz\u0131rlan\u0131yor. Fenerbah\u00e7e\u2019nin Yunan orta sahas\u0131 Dimitris Pelkas\u2019\u0131n Hull City yolcusu oldu\u011fu \u00f6\u011frenildi. Daha \u00f6nce Ozan Tufan ve Allahyar\u2019\u0131 kadrosuna katan Hull City, Fenerbah\u00e7eli futbolcu Pelkas\u2019\u0131 kadrosuna katmaya \u00e7ok yak\u0131n. Acun Il\u0131cal\u0131, spor man\u015fetlerini hareketlendiren bir transfer g\u00fcndemiyle yine en \u00e7ok konu\u015fulan isimler &hellip;<\/p>\n","protected":false},"author":6,"featured_media":34470,"comment_status":"closed","ping_status":"closed","sticky":false,"template":"","format":"standard","meta":{"footnotes":""},"categories":[5],"tags":[],"class_list":["post-34469","post","type-post","status-publish","format-standard","has-post-thumbnail","hentry","category-spor"],"amp_enabled":true,"_links":{"self":[{"href":"https:\/\/adanaseshaber.com.tr\/index.php?rest_route=\/wp\/v2\/posts\/34469","targetHints":{"allow":["GET"]}}],"collection":[{"href":"https:\/\/adanaseshaber.com.tr\/index.php?rest_route=\/wp\/v2\/posts"}],"about":[{"href":"https:\/\/adanaseshaber.com.tr\/index.php?rest_route=\/wp\/v2\/types\/post"}],"author":[{"embeddable":true,"href":"https:\/\/adanaseshaber.com.tr\/index.php?rest_route=\/wp\/v2\/users\/6"}],"replies":[{"embeddable":true,"href":"https:\/\/adanaseshaber.com.tr\/index.php?rest_route=%2Fwp%2Fv2%2Fcomments&post=34469"}],"version-history":[{"count":3,"href":"https:\/\/adanaseshaber.com.tr\/index.php?rest_route=\/wp\/v2\/posts\/34469\/revisions"}],"predecessor-version":[{"id":34474,"href":"https:\/\/adanaseshaber.com.tr\/index.php?rest_route=\/wp\/v2\/posts\/34469\/revisions\/34474"}],"wp:featuredmedia":[{"embeddable":true,"href":"https:\/\/adanaseshaber.com.tr\/index.php?rest_route=\/wp\/v2\/media\/34470"}],"wp:attachment":[{"href":"https:\/\/adanaseshaber.com.tr\/index.php?rest_route=%2Fwp%2Fv2%2Fmedia&parent=34469"}],"wp:term":[{"taxonomy":"category","embeddable":true,"href":"https:\/\/adanaseshaber.com.tr\/index.php?rest_route=%2Fwp%2Fv2%2Fcategories&post=34469"},{"taxonomy":"post_tag","embeddable":true,"href":"https:\/\/adanaseshaber.com.tr\/index.php?rest_route=%2Fwp%2Fv2%2Ftags&post=34469"}],"curies":[{"name":"wp","href":"https:\/\/api.w.org\/{rel}","templated":true}]}}