{"id":34475,"date":"2022-08-14T22:14:26","date_gmt":"2022-08-14T19:14:26","guid":{"rendered":"https:\/\/www.adanaseshaber.com\/?p=34475"},"modified":"2022-08-14T22:15:39","modified_gmt":"2022-08-14T19:15:39","slug":"en-basarili-belediye-baskani-kim-anketinde-zirvede-chpli-isim-yer-aldi","status":"publish","type":"post","link":"https:\/\/adanaseshaber.com.tr\/?p=34475","title":{"rendered":"En ba\u015far\u0131l\u0131 belediye ba\u015fkan\u0131 kim anketinde zirvede CHP\u2019li isim yer ald\u0131"},"content":{"rendered":"<p>P\u0130AR Ara\u015ft\u0131rma, 30 b\u00fcy\u00fck\u015fehir ve merkez il\u00e7elerinde \u2018T\u00fcrkiye\u2019nin En Ba\u015far\u0131l\u0131 \u0130l\u00e7e Belediye Ba\u015fkan\u0131 Kim?\u2019 anketi yapt\u0131. Yap\u0131lan ankette zirveye CHP\u2019li isim yerle\u015fti. \u0130zmit Belediyesi\u2019nin CHP\u2019li ba\u015fkan\u0131 Fatma Kaplan H\u00fcrriyet, ankette ilk s\u0131rada yer ald\u0131. Fatma Kaplan H\u00fcrriyet, y\u00fczde 70.1 ile zirveyi kimseye kapt\u0131rmad\u0131. Anketin ikinci s\u0131ras\u0131nda ise Ke\u00e7i\u00f6ren Belediyesi\u2019nin AK Partili ba\u015fkan\u0131 Turgut Alt\u0131nok yer ald\u0131. Alt\u0131nok, y\u00fczde 67.3 ile ikinci s\u0131raya yerle\u015firken \u00fc\u00e7\u00fcnc\u00fc s\u0131rada ise yine CHP\u2019li \u00c7ukurova Belediye Ba\u015fkan\u0131 Soner \u00c7etin yer ald\u0131. \u0130\u015fte P\u0130AR Ara\u015ft\u0131rma\u2019n\u0131n yapt\u0131\u011f\u0131 en ba\u015far\u0131l\u0131 il\u00e7e belediye ba\u015fkan\u0131 anketi ve sonu\u00e7lar\u0131\u2026<\/p>\n<p><strong>EN BA\u015eARILI \u0130L\u00c7E BELED\u0130YE BA\u015eKANI ANKET\u0130<\/strong><\/p>\n<p>2023 se\u00e7imlerine do\u011fru geri say\u0131m s\u00fcrerken anket \u015firketleri de anketlerine h\u0131z verdi. Bu kez en ba\u015far\u0131l\u0131 il\u00e7e belediye ba\u015fkan\u0131 soruldu. P\u0130AR Ara\u015ft\u0131rma, 30 b\u00fcy\u00fck\u015fehir ve merkez il\u00e7elerinde \u2018T\u00fcrkiye\u2019nin En Ba\u015far\u0131l\u0131 \u0130l\u00e7e Belediye Ba\u015fkan\u0131 Kim?\u2019 sorusunu sordu. 5 Temmuz-1 A\u011fustos 2022 tarihleri aras\u0131nda ger\u00e7ekle\u015ftirilen ankete y\u00fcz y\u00fcze, telefon ve SMS link y\u00f6nlendirme y\u00f6ntemleri kullan\u0131larak toplamda 94 bin 510 ki\u015fi kat\u0131ld\u0131.<\/p>\n<p><img loading=\"lazy\" decoding=\"async\" class=\"aligncenter wp-image-34478 size-full\" src=\"https:\/\/adanaseshaber.com.tr\/wp-content\/uploads\/2022\/08\/en-basarili-belediye-baskani-kim-anketinde-zirvede-chpli-isim-yer-aldi-1.jpg\" alt=\"\" width=\"1280\" height=\"720\" srcset=\"https:\/\/adanaseshaber.com.tr\/wp-content\/uploads\/2022\/08\/en-basarili-belediye-baskani-kim-anketinde-zirvede-chpli-isim-yer-aldi-1.jpg 1280w, https:\/\/adanaseshaber.com.tr\/wp-content\/uploads\/2022\/08\/en-basarili-belediye-baskani-kim-anketinde-zirvede-chpli-isim-yer-aldi-1-300x169.jpg 300w, https:\/\/adanaseshaber.com.tr\/wp-content\/uploads\/2022\/08\/en-basarili-belediye-baskani-kim-anketinde-zirvede-chpli-isim-yer-aldi-1-1024x576.jpg 1024w, https:\/\/adanaseshaber.com.tr\/wp-content\/uploads\/2022\/08\/en-basarili-belediye-baskani-kim-anketinde-zirvede-chpli-isim-yer-aldi-1-768x432.jpg 768w, https:\/\/adanaseshaber.com.tr\/wp-content\/uploads\/2022\/08\/en-basarili-belediye-baskani-kim-anketinde-zirvede-chpli-isim-yer-aldi-1-390x220.jpg 390w\" sizes=\"auto, (max-width: 1280px) 100vw, 1280px\" \/><\/p>\n<p><strong>Z\u0130RVE CHP\u2019N\u0130N<\/strong><\/p>\n<p>Yap\u0131lan anket sonucuna g\u00f6re T\u00fcrkiye\u2019nin en ba\u015far\u0131l\u0131 il\u00e7e belediye ba\u015fkan\u0131 y\u00fczde 70.1 oran\u0131yla \u0130zmit Belediye Ba\u015fkan\u0131 CHP\u2019li Fatma Kaplan H\u00fcrriyet se\u00e7ildi. \u0130kinci s\u0131rada ise ald\u0131\u011f\u0131 y\u00fczde 67.3 oyla Ke\u00e7i\u00f6ren Belediye Ba\u015fkan\u0131 AK Partili Turgut Alt\u0131nok kendine yer buldu. CHP\u2019li \u00c7ukurova Belediye Ba\u015fkan\u0131 Soner \u00c7etin ise y\u00fczde 62.3 oyla \u00fc\u00e7\u00fcnc\u00fc s\u0131raya yerle\u015fti. Anket sonucuna g\u00f6re T\u00fcrkiye\u2019nin en ba\u015far\u0131l\u0131 il\u00e7e belediye ba\u015fkan\u0131 ilk 10 s\u0131ralamas\u0131 \u015f\u00f6yle;<\/p>\n<p>1- \u0130zmit- Fatma Kaplan H\u00fcrriyet: Y\u00fczde 70.1<\/p>\n<p>2- Ke\u00e7i\u00f6ren- Turgut Alt\u0131nok: Y\u00fczde 67.3<\/p>\n<p>3- \u00c7ukurova- Soner \u00c7etin: Y\u00fczde 62.3<\/p>\n<p>4- Konak- Abd\u00fcl Batur: Y\u00fczde 62.1<\/p>\n<p>5- \u00dcsk\u00fcdar- Hilmi T\u00fcrkmen: Y\u00fczde 61.4<\/p>\n<p>6- Konyaalt\u0131- Semih Esen: Y\u00fczde 60.2<\/p>\n<p>7- Tepeba\u015f\u0131- Ahmet Ata\u00e7: Y\u00fczde 56.6<\/p>\n<p>8- Efeler- Mehmet fatih Atay: Y\u00fczde 52.7<\/p>\n<p>9- Sancaktepe- \u015eeyma D\u00f6\u011f\u00fcc\u00fc: Y\u00fczde 52.6<\/p>\n<p>10- Esenler- Mehmet Tevfik G\u00f6ksu: Y\u00fczde 51.3<\/p>\n","protected":false},"excerpt":{"rendered":"<p>P\u0130AR Ara\u015ft\u0131rma, 30 b\u00fcy\u00fck\u015fehir ve merkez il\u00e7elerinde \u2018T\u00fcrkiye\u2019nin En Ba\u015far\u0131l\u0131 \u0130l\u00e7e Belediye Ba\u015fkan\u0131 Kim?\u2019 anketi yapt\u0131. Yap\u0131lan ankette zirveye CHP\u2019li isim yerle\u015fti. \u0130zmit Belediyesi\u2019nin CHP\u2019li ba\u015fkan\u0131 Fatma Kaplan H\u00fcrriyet, ankette ilk s\u0131rada yer ald\u0131. Fatma Kaplan H\u00fcrriyet, y\u00fczde 70.1 ile zirveyi kimseye kapt\u0131rmad\u0131. Anketin ikinci s\u0131ras\u0131nda ise Ke\u00e7i\u00f6ren Belediyesi\u2019nin AK Partili ba\u015fkan\u0131 Turgut Alt\u0131nok yer &hellip;<\/p>\n","protected":false},"author":6,"featured_media":34476,"comment_status":"closed","ping_status":"closed","sticky":false,"template":"","format":"standard","meta":{"footnotes":""},"categories":[1],"tags":[],"class_list":["post-34475","post","type-post","status-publish","format-standard","has-post-thumbnail","hentry","category-genel"],"amp_enabled":true,"_links":{"self":[{"href":"https:\/\/adanaseshaber.com.tr\/index.php?rest_route=\/wp\/v2\/posts\/34475","targetHints":{"allow":["GET"]}}],"collection":[{"href":"https:\/\/adanaseshaber.com.tr\/index.php?rest_route=\/wp\/v2\/posts"}],"about":[{"href":"https:\/\/adanaseshaber.com.tr\/index.php?rest_route=\/wp\/v2\/types\/post"}],"author":[{"embeddable":true,"href":"https:\/\/adanaseshaber.com.tr\/index.php?rest_route=\/wp\/v2\/users\/6"}],"replies":[{"embeddable":true,"href":"https:\/\/adanaseshaber.com.tr\/index.php?rest_route=%2Fwp%2Fv2%2Fcomments&post=34475"}],"version-history":[{"count":3,"href":"https:\/\/adanaseshaber.com.tr\/index.php?rest_route=\/wp\/v2\/posts\/34475\/revisions"}],"predecessor-version":[{"id":34479,"href":"https:\/\/adanaseshaber.com.tr\/index.php?rest_route=\/wp\/v2\/posts\/34475\/revisions\/34479"}],"wp:featuredmedia":[{"embeddable":true,"href":"https:\/\/adanaseshaber.com.tr\/index.php?rest_route=\/wp\/v2\/media\/34476"}],"wp:attachment":[{"href":"https:\/\/adanaseshaber.com.tr\/index.php?rest_route=%2Fwp%2Fv2%2Fmedia&parent=34475"}],"wp:term":[{"taxonomy":"category","embeddable":true,"href":"https:\/\/adanaseshaber.com.tr\/index.php?rest_route=%2Fwp%2Fv2%2Fcategories&post=34475"},{"taxonomy":"post_tag","embeddable":true,"href":"https:\/\/adanaseshaber.com.tr\/index.php?rest_route=%2Fwp%2Fv2%2Ftags&post=34475"}],"curies":[{"name":"wp","href":"https:\/\/api.w.org\/{rel}","templated":true}]}}