{"id":34481,"date":"2022-08-14T22:32:57","date_gmt":"2022-08-14T19:32:57","guid":{"rendered":"https:\/\/www.adanaseshaber.com\/?p=34481"},"modified":"2022-08-14T22:33:25","modified_gmt":"2022-08-14T19:33:25","slug":"tuchel-ile-conte-saha-ortasinda-birbirine-girdi","status":"publish","type":"post","link":"https:\/\/adanaseshaber.com.tr\/?p=34481","title":{"rendered":"Tuchel ile Conte saha ortas\u0131nda birbirine girdi"},"content":{"rendered":"<p>T\u00fcm d\u00fcnyan\u0131n kilitlendi\u011fi dev derbide spor man\u015fetlerine bomba gibi d\u00fc\u015fen bir kavga ya\u015fand\u0131. Chelsea ile Tottenham Hotspur, nefes kesen derbide 2-2 berabere kald\u0131. Ma\u00e7\u0131n ard\u0131ndan iki tak\u0131m\u0131n teknik direkt\u00f6rleri birbirine girdi. Ma\u00e7 sonras\u0131 Tuchel ile Conte aras\u0131nda ya\u015fanan gerginlik sosyal medyada d\u00fcnya g\u00fcndemine oturdu. \u0130ki deneyimli teknik adam\u0131n ya\u015fad\u0131\u011f\u0131 gerginlik saniye saniye kameralara yans\u0131rken bu olay derbiye damga vurdu. Adeta burun buruna gelen iki teknik adam aras\u0131nda tansiyon bir anda y\u00fckselirken g\u00f6renleri \u015fa\u015fk\u0131na \u00e7eviren kavga d\u00fcnya g\u00fcndeminde geni\u015f yer buldu. \u0130\u015fte Tuchel ile Conte aras\u0131nda ya\u015fanan gerginli\u011fin t\u00fcm detaylar\u0131\u2026<\/p>\n<p><strong>TEKN\u0130K D\u0130REKT\u00d6RLER ARASINDA KAVGA<\/strong><\/p>\n<p>\u0130ngiltere Premier Lig\u2019in 2. haftas\u0131nda Chelsea, kendi evinde Tottenham ile kar\u015f\u0131 kar\u015f\u0131ya geldi. Nefes kesen m\u00fccadele 2-2 beraberlikle tamamland\u0131. Ma\u00e7\u0131n ard\u0131ndan iki tak\u0131m\u0131n teknik direkt\u00f6rleri Thomas Tuchel ile Antonio Conte aras\u0131nda gerginlik ya\u015fand\u0131. \u0130ki teknik direkt\u00f6r aras\u0131nda ya\u015fanan gerilim derbiye damga vurdu.<\/p>\n<p><img loading=\"lazy\" decoding=\"async\" class=\"aligncenter wp-image-34483 size-full\" src=\"https:\/\/adanaseshaber.com.tr\/wp-content\/uploads\/2022\/08\/tuchel-ile-conte-saha-ortasinda-birbirine-girdi-1.jpg\" alt=\"\" width=\"1280\" height=\"720\" srcset=\"https:\/\/adanaseshaber.com.tr\/wp-content\/uploads\/2022\/08\/tuchel-ile-conte-saha-ortasinda-birbirine-girdi-1.jpg 1280w, https:\/\/adanaseshaber.com.tr\/wp-content\/uploads\/2022\/08\/tuchel-ile-conte-saha-ortasinda-birbirine-girdi-1-300x169.jpg 300w, https:\/\/adanaseshaber.com.tr\/wp-content\/uploads\/2022\/08\/tuchel-ile-conte-saha-ortasinda-birbirine-girdi-1-1024x576.jpg 1024w, https:\/\/adanaseshaber.com.tr\/wp-content\/uploads\/2022\/08\/tuchel-ile-conte-saha-ortasinda-birbirine-girdi-1-768x432.jpg 768w, https:\/\/adanaseshaber.com.tr\/wp-content\/uploads\/2022\/08\/tuchel-ile-conte-saha-ortasinda-birbirine-girdi-1-390x220.jpg 390w\" sizes=\"auto, (max-width: 1280px) 100vw, 1280px\" \/><\/p>\n<p><strong>KIRMIZI KART G\u00d6RD\u00dcLER<\/strong><\/p>\n<p>Nefes kesen derbinin sonunda gerginlik ya\u015fayan iki tak\u0131m teknik direkt\u00f6rleri ma\u00e7a damga vurdu. D\u00fcnya g\u00fcndemine oturan kavga sosyal medyan\u0131n da en \u00e7ok konu\u015fulan konular\u0131ndan biri oldu. Stamford Bridge\u2019de oynanan Londra derbisi 2-2 beraberlikle sonu\u00e7lan\u0131rken iki tak\u0131m\u0131n teknik direkt\u00f6rleri Tuchel ile Conte\u2019nin saha ortas\u0131ndaki kavgas\u0131 k\u0131rm\u0131z\u0131 kart getirdi. Ma\u00e7\u0131n biti\u015f d\u00fcd\u00fc\u011f\u00fcn\u00fcn ard\u0131ndan Conte, tokala\u015f\u0131rken elini s\u0131kan ve b\u0131rakmayan Tuchel\u2019in \u00fcst\u00fcne y\u00fcr\u00fcd\u00fc. Burun buruna gelen iki teknik adam\u0131 araya giren futbolcular ve teknik heyet g\u00fc\u00e7l\u00fckle ay\u0131rd\u0131. Tuchel ile Conte, ma\u00e7 sonundaki kavgalar\u0131 sebebiyle k\u0131rm\u0131z\u0131 kart g\u00f6rd\u00fc.<\/p>\n<p>&nbsp;<\/p>\n","protected":false},"excerpt":{"rendered":"<p>T\u00fcm d\u00fcnyan\u0131n kilitlendi\u011fi dev derbide spor man\u015fetlerine bomba gibi d\u00fc\u015fen bir kavga ya\u015fand\u0131. Chelsea ile Tottenham Hotspur, nefes kesen derbide 2-2 berabere kald\u0131. Ma\u00e7\u0131n ard\u0131ndan iki tak\u0131m\u0131n teknik direkt\u00f6rleri birbirine girdi. Ma\u00e7 sonras\u0131 Tuchel ile Conte aras\u0131nda ya\u015fanan gerginlik sosyal medyada d\u00fcnya g\u00fcndemine oturdu. \u0130ki deneyimli teknik adam\u0131n ya\u015fad\u0131\u011f\u0131 gerginlik saniye saniye kameralara yans\u0131rken bu &hellip;<\/p>\n","protected":false},"author":6,"featured_media":34482,"comment_status":"closed","ping_status":"closed","sticky":false,"template":"","format":"standard","meta":{"footnotes":""},"categories":[5],"tags":[],"class_list":["post-34481","post","type-post","status-publish","format-standard","has-post-thumbnail","hentry","category-spor"],"amp_enabled":true,"_links":{"self":[{"href":"https:\/\/adanaseshaber.com.tr\/index.php?rest_route=\/wp\/v2\/posts\/34481","targetHints":{"allow":["GET"]}}],"collection":[{"href":"https:\/\/adanaseshaber.com.tr\/index.php?rest_route=\/wp\/v2\/posts"}],"about":[{"href":"https:\/\/adanaseshaber.com.tr\/index.php?rest_route=\/wp\/v2\/types\/post"}],"author":[{"embeddable":true,"href":"https:\/\/adanaseshaber.com.tr\/index.php?rest_route=\/wp\/v2\/users\/6"}],"replies":[{"embeddable":true,"href":"https:\/\/adanaseshaber.com.tr\/index.php?rest_route=%2Fwp%2Fv2%2Fcomments&post=34481"}],"version-history":[{"count":2,"href":"https:\/\/adanaseshaber.com.tr\/index.php?rest_route=\/wp\/v2\/posts\/34481\/revisions"}],"predecessor-version":[{"id":34485,"href":"https:\/\/adanaseshaber.com.tr\/index.php?rest_route=\/wp\/v2\/posts\/34481\/revisions\/34485"}],"wp:featuredmedia":[{"embeddable":true,"href":"https:\/\/adanaseshaber.com.tr\/index.php?rest_route=\/wp\/v2\/media\/34482"}],"wp:attachment":[{"href":"https:\/\/adanaseshaber.com.tr\/index.php?rest_route=%2Fwp%2Fv2%2Fmedia&parent=34481"}],"wp:term":[{"taxonomy":"category","embeddable":true,"href":"https:\/\/adanaseshaber.com.tr\/index.php?rest_route=%2Fwp%2Fv2%2Fcategories&post=34481"},{"taxonomy":"post_tag","embeddable":true,"href":"https:\/\/adanaseshaber.com.tr\/index.php?rest_route=%2Fwp%2Fv2%2Ftags&post=34481"}],"curies":[{"name":"wp","href":"https:\/\/api.w.org\/{rel}","templated":true}]}}