{"id":34487,"date":"2022-08-15T00:19:24","date_gmt":"2022-08-14T21:19:24","guid":{"rendered":"https:\/\/www.adanaseshaber.com\/?p=34487"},"modified":"2022-08-15T00:19:45","modified_gmt":"2022-08-14T21:19:45","slug":"basortulu-psikolog-olmaz-diyen-ustun-dokmene-mehmet-dincerlerden-sert-tepki","status":"publish","type":"post","link":"https:\/\/adanaseshaber.com.tr\/?p=34487","title":{"rendered":"Ba\u015f\u00f6rt\u00fcl\u00fc psikolog olmaz diyen \u00dcst\u00fcn D\u00f6kmen\u2019e Mehmet Din\u00e7erler\u2019den sert tepki"},"content":{"rendered":"<p>Konuk oldu\u011fu bir programda \u2018Ba\u015f\u00f6rt\u00fcl\u00fc psikolog olmaz\u2019 \u00e7\u0131k\u0131\u015f\u0131yla g\u00fcndeme bomba gibi d\u00fc\u015fen ve yo\u011fun tepki alan Prof. \u00dcst\u00fcn D\u00f6kmen\u2019e bir tepki de \u00fcnl\u00fc pop\u00e7u Hadise\u2019nin e\u015fi Mehmet Din\u00e7erler&#8217;den geldi. \u00dcst\u00fcn D\u00f6kmen\u2019in ba\u015f\u00f6rt\u00fc \u00e7\u0131k\u0131\u015f\u0131na olduk\u00e7a sinirlenen Din\u00e7erler, sosyal medya hesab\u0131ndan yapt\u0131\u011f\u0131 payla\u015f\u0131mla konuyla ilgili tepkisini dile getirdi. Ba\u015f\u00f6rt\u00fc ve psikoloji hakk\u0131ndaki s\u00f6zleri \u00e7ok konu\u015fulan Prof. \u00dcst\u00fcn D\u00f6kmen, sosyal medyan\u0131n g\u00fcndemine yerle\u015fti ve ele\u015ftirilerin hedefi oldu. D\u00f6kmen\u2019in ba\u015f\u00f6rt\u00fc ile ilgili yorumuna tepki ya\u011fd\u0131. Prof. \u00dcst\u00fcn D\u00f6kmen\u2019in yorumuna bir tepki de Hadise\u2019nin e\u015fi Mehmet Din\u00e7erler\u2019den geldi. Din\u00e7erler, \u2018Ulan bir bitmediniz. Sizin d\u00fc\u015f\u00fcnceleriniz de insan eti\u011fine ayk\u0131r\u0131\u2019 yorumuyla tepkisini dile getirdi.<\/p>\n<p><strong>TEPK\u0130 \u00c7EKEN BA\u015e\u00d6RT\u00dc YORUMU<\/strong><\/p>\n<p>Konuk oldu\u011fu bir programda ba\u015f\u00f6rt\u00fcs\u00fc ve psikoloji hakk\u0131nda yorumda bulunan Prof. Dr. \u00dcst\u00fcn D\u00f6kmen, yorumuyla sosyal medyan\u0131n g\u00fcndemine yerle\u015fti. D\u00f6kmen, \u2018Ba\u015f\u00f6rt\u00fcl\u00fc psikolog, ba\u015f\u00f6rt\u00fcl\u00fc psikiyatrist, ba\u015f\u00f6rt\u00fcl\u00fc PDR uzman\u0131 olmas\u0131 meslek eti\u011fine ayk\u0131r\u0131d\u0131r. N\u00f6tr olamazlar\u2019 \u015feklindeki s\u00f6zleriyle tepki \u00e7ekti ve sosyal medyan\u0131n g\u00fcndemine oturdu.<\/p>\n<p><img loading=\"lazy\" decoding=\"async\" class=\"aligncenter wp-image-34489 size-full\" src=\"https:\/\/adanaseshaber.com.tr\/wp-content\/uploads\/2022\/08\/basortulu-psikolog-olmaz-diyen-ustun-dokmene-mehmet-dincerlerden-sert-tepki-1.jpg\" alt=\"\" width=\"1280\" height=\"720\" srcset=\"https:\/\/adanaseshaber.com.tr\/wp-content\/uploads\/2022\/08\/basortulu-psikolog-olmaz-diyen-ustun-dokmene-mehmet-dincerlerden-sert-tepki-1.jpg 1280w, https:\/\/adanaseshaber.com.tr\/wp-content\/uploads\/2022\/08\/basortulu-psikolog-olmaz-diyen-ustun-dokmene-mehmet-dincerlerden-sert-tepki-1-300x169.jpg 300w, https:\/\/adanaseshaber.com.tr\/wp-content\/uploads\/2022\/08\/basortulu-psikolog-olmaz-diyen-ustun-dokmene-mehmet-dincerlerden-sert-tepki-1-1024x576.jpg 1024w, https:\/\/adanaseshaber.com.tr\/wp-content\/uploads\/2022\/08\/basortulu-psikolog-olmaz-diyen-ustun-dokmene-mehmet-dincerlerden-sert-tepki-1-768x432.jpg 768w, https:\/\/adanaseshaber.com.tr\/wp-content\/uploads\/2022\/08\/basortulu-psikolog-olmaz-diyen-ustun-dokmene-mehmet-dincerlerden-sert-tepki-1-390x220.jpg 390w\" sizes=\"auto, (max-width: 1280px) 100vw, 1280px\" \/><\/p>\n<p><strong>MEHMET D\u0130N\u00c7ERLER\u2019DEN SERT TEPK\u0130<\/strong><\/p>\n<p>Prof. Dr. \u00dcst\u00fcn D\u00f6kmen\u2019in ba\u015f\u00f6rt\u00fc yorumu sosyal medyan\u0131n g\u00fcndemine otururken \u00e7ok say\u0131da sosyal medya kullan\u0131c\u0131s\u0131 bu yoruma tepki g\u00f6sterdi. D\u00f6kmen\u2019e bir tepki de \u00fcnli pop\u00e7u Hadise\u2019nin e\u015fi Mehmet Din\u00e7erler\u2019den geldi. Din\u00e7erler, \u2018Ulan bir bitmediniz. Sizin d\u00fc\u015f\u00fcnceleriniz de insan eti\u011fine ayk\u0131r\u0131\u2019 ifadelerini kulland\u0131. Bu payla\u015f\u0131m\u0131n\u0131n ard\u0131ndan sosyal medyan\u0131n g\u00fcndemine oturan Mehmet Din\u00e7erler\u2019e \u00e7ok say\u0131da sosyal medya kullan\u0131c\u0131s\u0131 da yorumlar\u0131yla destek verdi.<\/p>\n","protected":false},"excerpt":{"rendered":"<p>Konuk oldu\u011fu bir programda \u2018Ba\u015f\u00f6rt\u00fcl\u00fc psikolog olmaz\u2019 \u00e7\u0131k\u0131\u015f\u0131yla g\u00fcndeme bomba gibi d\u00fc\u015fen ve yo\u011fun tepki alan Prof. \u00dcst\u00fcn D\u00f6kmen\u2019e bir tepki de \u00fcnl\u00fc pop\u00e7u Hadise\u2019nin e\u015fi Mehmet Din\u00e7erler&#8217;den geldi. \u00dcst\u00fcn D\u00f6kmen\u2019in ba\u015f\u00f6rt\u00fc \u00e7\u0131k\u0131\u015f\u0131na olduk\u00e7a sinirlenen Din\u00e7erler, sosyal medya hesab\u0131ndan yapt\u0131\u011f\u0131 payla\u015f\u0131mla konuyla ilgili tepkisini dile getirdi. Ba\u015f\u00f6rt\u00fc ve psikoloji hakk\u0131ndaki s\u00f6zleri \u00e7ok konu\u015fulan Prof. \u00dcst\u00fcn &hellip;<\/p>\n","protected":false},"author":6,"featured_media":34488,"comment_status":"closed","ping_status":"closed","sticky":false,"template":"","format":"standard","meta":{"footnotes":""},"categories":[15431],"tags":[],"class_list":["post-34487","post","type-post","status-publish","format-standard","has-post-thumbnail","hentry","category-medya"],"amp_enabled":true,"_links":{"self":[{"href":"https:\/\/adanaseshaber.com.tr\/index.php?rest_route=\/wp\/v2\/posts\/34487","targetHints":{"allow":["GET"]}}],"collection":[{"href":"https:\/\/adanaseshaber.com.tr\/index.php?rest_route=\/wp\/v2\/posts"}],"about":[{"href":"https:\/\/adanaseshaber.com.tr\/index.php?rest_route=\/wp\/v2\/types\/post"}],"author":[{"embeddable":true,"href":"https:\/\/adanaseshaber.com.tr\/index.php?rest_route=\/wp\/v2\/users\/6"}],"replies":[{"embeddable":true,"href":"https:\/\/adanaseshaber.com.tr\/index.php?rest_route=%2Fwp%2Fv2%2Fcomments&post=34487"}],"version-history":[{"count":1,"href":"https:\/\/adanaseshaber.com.tr\/index.php?rest_route=\/wp\/v2\/posts\/34487\/revisions"}],"predecessor-version":[{"id":34490,"href":"https:\/\/adanaseshaber.com.tr\/index.php?rest_route=\/wp\/v2\/posts\/34487\/revisions\/34490"}],"wp:featuredmedia":[{"embeddable":true,"href":"https:\/\/adanaseshaber.com.tr\/index.php?rest_route=\/wp\/v2\/media\/34488"}],"wp:attachment":[{"href":"https:\/\/adanaseshaber.com.tr\/index.php?rest_route=%2Fwp%2Fv2%2Fmedia&parent=34487"}],"wp:term":[{"taxonomy":"category","embeddable":true,"href":"https:\/\/adanaseshaber.com.tr\/index.php?rest_route=%2Fwp%2Fv2%2Fcategories&post=34487"},{"taxonomy":"post_tag","embeddable":true,"href":"https:\/\/adanaseshaber.com.tr\/index.php?rest_route=%2Fwp%2Fv2%2Ftags&post=34487"}],"curies":[{"name":"wp","href":"https:\/\/api.w.org\/{rel}","templated":true}]}}