{"id":34491,"date":"2022-08-15T00:36:18","date_gmt":"2022-08-14T21:36:18","guid":{"rendered":"https:\/\/www.adanaseshaber.com\/?p=34491"},"modified":"2022-08-15T00:36:32","modified_gmt":"2022-08-14T21:36:32","slug":"egitime-hazirlik-odenegi-ne-kadar-egitim-odenegi-nedir","status":"publish","type":"post","link":"https:\/\/adanaseshaber.com.tr\/?p=34491","title":{"rendered":"E\u011fitime haz\u0131rl\u0131k \u00f6dene\u011fi ne kadar? E\u011fitim \u00f6dene\u011fi nedir?"},"content":{"rendered":"<p>E\u011fitime haz\u0131rl\u0131k \u00f6dene\u011fi ile ilgili merak edilen detaylar ara\u015ft\u0131r\u0131l\u0131yor. E\u011fitime haz\u0131rl\u0131k \u00f6dene\u011finin ne kadar yataca\u011f\u0131 ve \u00f6denekte herhangi bir g\u00fcncelleme olup olmayaca\u011f\u0131 merak konusu. Fiili olarak g\u00f6revde olan \u00f6\u011fretmenlere verilen e\u011fitim \u00f6dene\u011fi ile ilgili merak edilenler yo\u011fun bir \u015fekilde ara\u015ft\u0131r\u0131l\u0131yor. E\u011fitim \u00f6dene\u011fi ile ilgili Maliye Bakanl\u0131\u011f\u0131\u2019na ba\u015fvuruda bulunuldu\u011fu \u00f6\u011frenildi. Her e\u011fitim-\u00f6\u011fretim y\u0131l\u0131n\u0131n ba\u015f\u0131nda \u00f6\u011fretmenlere sa\u011flanan materyal destek \u00f6demesi olan e\u011fitim \u00f6dene\u011fi ile ilgili g\u00f6zler yeni e\u011fitim-\u00f6\u011fretim y\u0131l\u0131 i\u00e7in verilecek \u00f6dene\u011fe \u00e7evrildi. Peki, e\u011fitime haz\u0131rl\u0131k \u00f6dene\u011fi ne kadar yatacak? E\u011fitim \u00f6dene\u011fi nedir? E\u011fitim \u00f6dene\u011finde g\u00fcncelleme olacak m\u0131, artacak m\u0131? \u0130\u015fte t\u00fcm merak edilenler\u2026<\/p>\n<p><strong>E\u011e\u0130T\u0130M \u00d6DENE\u011e\u0130 NED\u0130R?<\/strong><\/p>\n<p>E\u011fitim \u00f6dene\u011fi, her e\u011fitim \u00f6\u011fretim y\u0131l\u0131n\u0131n ba\u015f\u0131nda \u00f6\u011fretmenlere sa\u011flanan materyal destek \u00f6demesidir. Devlet taraf\u0131ndan sa\u011flanan bu imkan \u00f6\u011fretmenlere ders ara\u00e7 ve gere\u00e7leri, s\u0131n\u0131f i\u00e7i materyaller ve benzeri harcamalarda kullanmalar\u0131 i\u00e7in verilmektedir. 657 Say\u0131l\u0131 Devlet Memurlar\u0131 Kanunu\u2019nun 32. Maddesi kapsam\u0131nda devlet okullar\u0131nda g\u00f6rev yapan \u00f6\u011fretmenlere her y\u0131l bir defaya mahsus olarak verilen s\u00f6z konusu \u00f6denek, fiili olarak g\u00f6revde olan \u00f6\u011fretmenlere \u00f6denmektedir.<\/p>\n<p><img loading=\"lazy\" decoding=\"async\" class=\"aligncenter wp-image-34493 size-full\" src=\"https:\/\/adanaseshaber.com.tr\/wp-content\/uploads\/2022\/08\/egitime-hazirlik-odenegi-ne-kadar-egitim-odenegi-nedir-1.jpg\" alt=\"\" width=\"1280\" height=\"720\" srcset=\"https:\/\/adanaseshaber.com.tr\/wp-content\/uploads\/2022\/08\/egitime-hazirlik-odenegi-ne-kadar-egitim-odenegi-nedir-1.jpg 1280w, https:\/\/adanaseshaber.com.tr\/wp-content\/uploads\/2022\/08\/egitime-hazirlik-odenegi-ne-kadar-egitim-odenegi-nedir-1-300x169.jpg 300w, https:\/\/adanaseshaber.com.tr\/wp-content\/uploads\/2022\/08\/egitime-hazirlik-odenegi-ne-kadar-egitim-odenegi-nedir-1-1024x576.jpg 1024w, https:\/\/adanaseshaber.com.tr\/wp-content\/uploads\/2022\/08\/egitime-hazirlik-odenegi-ne-kadar-egitim-odenegi-nedir-1-768x432.jpg 768w, https:\/\/adanaseshaber.com.tr\/wp-content\/uploads\/2022\/08\/egitime-hazirlik-odenegi-ne-kadar-egitim-odenegi-nedir-1-390x220.jpg 390w\" sizes=\"auto, (max-width: 1280px) 100vw, 1280px\" \/><\/p>\n<p><strong>E\u011e\u0130T\u0130M \u00d6DENE\u011e\u0130 NE KADAR?<\/strong><\/p>\n<p>E\u011fitim \u00f6dene\u011fi, 2020 y\u0131l\u0131nda 1210 lira, 2021 y\u0131l\u0131nda 1250 lira olarak verilmi\u015ftir. 2022 y\u0131l\u0131 i\u00e7in 1325 lira \u00f6deme yap\u0131laca\u011f\u0131 belirtilirken yetkili sendika E\u011fitim Bir Sen\u2019in konuyla ilgili bakanl\u0131\u011fa ba\u015fvuru yapt\u0131\u011f\u0131 \u00f6\u011frenildi. Sendika, haz\u0131rl\u0131k \u00f6dene\u011finin en az T\u00dcFE oran\u0131nda art\u0131r\u0131lmas\u0131n\u0131 talep etti ve art\u0131\u015f i\u00e7in Sosyal G\u00fcvenlik Bakanl\u0131\u011f\u0131 ile Hazine ve Maliye Bakanl\u0131\u011f\u0131\u2019na ba\u015fvuruda bulundu.<\/p>\n","protected":false},"excerpt":{"rendered":"<p>E\u011fitime haz\u0131rl\u0131k \u00f6dene\u011fi ile ilgili merak edilen detaylar ara\u015ft\u0131r\u0131l\u0131yor. E\u011fitime haz\u0131rl\u0131k \u00f6dene\u011finin ne kadar yataca\u011f\u0131 ve \u00f6denekte herhangi bir g\u00fcncelleme olup olmayaca\u011f\u0131 merak konusu. Fiili olarak g\u00f6revde olan \u00f6\u011fretmenlere verilen e\u011fitim \u00f6dene\u011fi ile ilgili merak edilenler yo\u011fun bir \u015fekilde ara\u015ft\u0131r\u0131l\u0131yor. E\u011fitim \u00f6dene\u011fi ile ilgili Maliye Bakanl\u0131\u011f\u0131\u2019na ba\u015fvuruda bulunuldu\u011fu \u00f6\u011frenildi. Her e\u011fitim-\u00f6\u011fretim y\u0131l\u0131n\u0131n ba\u015f\u0131nda \u00f6\u011fretmenlere sa\u011flanan &hellip;<\/p>\n","protected":false},"author":6,"featured_media":34492,"comment_status":"closed","ping_status":"closed","sticky":false,"template":"","format":"standard","meta":{"footnotes":""},"categories":[1],"tags":[],"class_list":["post-34491","post","type-post","status-publish","format-standard","has-post-thumbnail","hentry","category-genel"],"amp_enabled":true,"_links":{"self":[{"href":"https:\/\/adanaseshaber.com.tr\/index.php?rest_route=\/wp\/v2\/posts\/34491","targetHints":{"allow":["GET"]}}],"collection":[{"href":"https:\/\/adanaseshaber.com.tr\/index.php?rest_route=\/wp\/v2\/posts"}],"about":[{"href":"https:\/\/adanaseshaber.com.tr\/index.php?rest_route=\/wp\/v2\/types\/post"}],"author":[{"embeddable":true,"href":"https:\/\/adanaseshaber.com.tr\/index.php?rest_route=\/wp\/v2\/users\/6"}],"replies":[{"embeddable":true,"href":"https:\/\/adanaseshaber.com.tr\/index.php?rest_route=%2Fwp%2Fv2%2Fcomments&post=34491"}],"version-history":[{"count":2,"href":"https:\/\/adanaseshaber.com.tr\/index.php?rest_route=\/wp\/v2\/posts\/34491\/revisions"}],"predecessor-version":[{"id":34495,"href":"https:\/\/adanaseshaber.com.tr\/index.php?rest_route=\/wp\/v2\/posts\/34491\/revisions\/34495"}],"wp:featuredmedia":[{"embeddable":true,"href":"https:\/\/adanaseshaber.com.tr\/index.php?rest_route=\/wp\/v2\/media\/34492"}],"wp:attachment":[{"href":"https:\/\/adanaseshaber.com.tr\/index.php?rest_route=%2Fwp%2Fv2%2Fmedia&parent=34491"}],"wp:term":[{"taxonomy":"category","embeddable":true,"href":"https:\/\/adanaseshaber.com.tr\/index.php?rest_route=%2Fwp%2Fv2%2Fcategories&post=34491"},{"taxonomy":"post_tag","embeddable":true,"href":"https:\/\/adanaseshaber.com.tr\/index.php?rest_route=%2Fwp%2Fv2%2Ftags&post=34491"}],"curies":[{"name":"wp","href":"https:\/\/api.w.org\/{rel}","templated":true}]}}