{"id":34521,"date":"2022-08-15T12:01:53","date_gmt":"2022-08-15T09:01:53","guid":{"rendered":"https:\/\/www.adanaseshaber.com\/?p=34521"},"modified":"2022-08-15T12:01:37","modified_gmt":"2022-08-15T09:01:37","slug":"yks-ek-tercih-ne-zaman-2022-yks-ek-tercih-olacak-mi-yks-ek-tercih-kilavuzu-2022","status":"publish","type":"post","link":"https:\/\/adanaseshaber.com.tr\/?p=34521","title":{"rendered":"YKS ek tercih ne zaman 2022? YKS ek tercih olacak m\u0131? YKS ek tercih k\u0131lavuzu 2022"},"content":{"rendered":"<p>Milyonlarca \u00fcniversite aday\u0131n\u0131n merakla bekledi\u011fi \u00fcniversite tercih sonu\u00e7lar\u0131 bug\u00fcn a\u00e7\u0131kland\u0131. Tercih sonu\u00e7lar\u0131n\u0131n a\u00e7\u0131klanmas\u0131n\u0131n ard\u0131ndan \u00d6SYM\u2019nin internet adresinden sonu\u00e7lar\u0131n\u0131n ard\u0131ndan ek yerle\u015ftirme sonu\u00e7lar\u0131na g\u00f6zler \u00e7evrildi. \u0130lk tercihlerine g\u00f6re herhangi bir \u00fcniversiteye yerle\u015femeyen adaylar YKS ek tercih tarihlerini ara\u015ft\u0131rmaya ba\u015flad\u0131. \u015eimdi g\u00f6zler YKS ek tercih tarihlerine ve detaylar\u0131na \u00e7evrildi. \u0130lk tercih sonu\u00e7lar\u0131na g\u00f6re herhangi bir \u00fcniversiteye yerle\u015femeyen adaylar i\u00e7in YKS ek tercih tarihleri ara\u015ft\u0131r\u0131lmaya ba\u015fland\u0131. YKS ek tercih i\u015flemleri ve ek tercihlerin ba\u015flayaca\u011f\u0131 tarih i\u00e7in yo\u011fun bir ara\u015ft\u0131rma var. Peki, YKS ek tercih ne zaman 2022? YKS ek tercih olacak m\u0131? YKS ek tercih tarihleri ne zaman? YKS ek tercih k\u0131lavuzu yay\u0131mland\u0131 m\u0131? \u0130\u015fte detaylar\u2026<\/p>\n<p><strong>YKS EK TERC\u0130H NE ZAMAN 2022?<\/strong><\/p>\n<p>Y\u00fcksek\u00f6\u011fretim programlar\u0131na kay\u0131t i\u015flemleri tamamland\u0131ktan sonra bo\u015f kalan kontenjanlar \u00fcniversiteler taraf\u0131ndan \u00d6SYM\u2019ye bildirilecek. Y\u00fcksek\u00f6\u011fretim programlar\u0131n\u0131n 2022 YKS sonu\u00e7lar\u0131na g\u00f6re yap\u0131lan genel yerle\u015ftirme sonucunda bo\u015f kalan veya kay\u0131t olmama sebebiyle dolmayan kontenjanlar\u0131na \u00d6SYM taraf\u0131ndan merkezi olarak ek yerle\u015ftirme yap\u0131lacak. \u00d6SYM taraf\u0131ndan merkezi yerle\u015ftirmede bir y\u00fcksek\u00f6\u011fretim program\u0131na yerle\u015ftirilen adaylar ek yerle\u015ftirme i\u00e7in ba\u015fvuru yapamayacak. Hen\u00fcz 2022 ek yerle\u015ftirme tarihleriyle ilgili herhangi bir tarih verilmedi. 2022 YKS ek yerle\u015ftirme s\u00fcreciyle ilgili tarihlerin \u00d6SYM taraf\u0131ndan ilan edilmesi bekleniyor.<\/p>\n<p><strong>2022 YKS KA\u00c7 TANE EK TERC\u0130H HAKKI OLACAK?<\/strong><\/p>\n<p>2022 YKS ek tercih i\u015flemleri ile ilgili merak edilenlerin ba\u015f\u0131nda adaylar\u0131n ka\u00e7 tane ek tercih hakk\u0131 olaca\u011f\u0131 geliyor. Adaylar\u0131n ilk tercih yapt\u0131\u011f\u0131 d\u00f6nemle ayn\u0131 tercih hakk\u0131 olacak. Adaylar, ek yerle\u015ftirme s\u00fcrecinde en fazla 24 tercih yapabilecekler.<\/p>\n<p><img loading=\"lazy\" decoding=\"async\" class=\"aligncenter wp-image-34523 size-full\" src=\"https:\/\/adanaseshaber.com.tr\/wp-content\/uploads\/2022\/08\/yks-ek-tercih-ne-zaman-2022-yks-ek-tercih-olacak-mi-yks-ek-tercih-kilavuzu-2022-1.jpg\" alt=\"\" width=\"1280\" height=\"720\" srcset=\"https:\/\/adanaseshaber.com.tr\/wp-content\/uploads\/2022\/08\/yks-ek-tercih-ne-zaman-2022-yks-ek-tercih-olacak-mi-yks-ek-tercih-kilavuzu-2022-1.jpg 1280w, https:\/\/adanaseshaber.com.tr\/wp-content\/uploads\/2022\/08\/yks-ek-tercih-ne-zaman-2022-yks-ek-tercih-olacak-mi-yks-ek-tercih-kilavuzu-2022-1-300x169.jpg 300w, https:\/\/adanaseshaber.com.tr\/wp-content\/uploads\/2022\/08\/yks-ek-tercih-ne-zaman-2022-yks-ek-tercih-olacak-mi-yks-ek-tercih-kilavuzu-2022-1-1024x576.jpg 1024w, https:\/\/adanaseshaber.com.tr\/wp-content\/uploads\/2022\/08\/yks-ek-tercih-ne-zaman-2022-yks-ek-tercih-olacak-mi-yks-ek-tercih-kilavuzu-2022-1-768x432.jpg 768w, https:\/\/adanaseshaber.com.tr\/wp-content\/uploads\/2022\/08\/yks-ek-tercih-ne-zaman-2022-yks-ek-tercih-olacak-mi-yks-ek-tercih-kilavuzu-2022-1-390x220.jpg 390w\" sizes=\"auto, (max-width: 1280px) 100vw, 1280px\" \/><\/p>\n<p><strong>2022 YKS EK YERLE\u015eT\u0130RME \u00dcCRET\u0130 NE KADAR?<\/strong><\/p>\n<p>Ek yerle\u015ftirme ile ilgili merak edilen bir di\u011fer detay ise \u00fccret. Ek yerle\u015ftirme tercih \u00fccreti 30 TL olarak belirlendi. Ek yerle\u015ftirme i\u00e7in tercih yapan adaylar\u0131n ek yerle\u015ftirme \u00fccretini yat\u0131rmamalar\u0131 halinde ek yerle\u015ftirme i\u00e7in yapm\u0131\u015f olduklar\u0131 tercihleri ge\u00e7ersiz say\u0131lacakt\u0131r.<\/p>\n","protected":false},"excerpt":{"rendered":"<p>Milyonlarca \u00fcniversite aday\u0131n\u0131n merakla bekledi\u011fi \u00fcniversite tercih sonu\u00e7lar\u0131 bug\u00fcn a\u00e7\u0131kland\u0131. Tercih sonu\u00e7lar\u0131n\u0131n a\u00e7\u0131klanmas\u0131n\u0131n ard\u0131ndan \u00d6SYM\u2019nin internet adresinden sonu\u00e7lar\u0131n\u0131n ard\u0131ndan ek yerle\u015ftirme sonu\u00e7lar\u0131na g\u00f6zler \u00e7evrildi. \u0130lk tercihlerine g\u00f6re herhangi bir \u00fcniversiteye yerle\u015femeyen adaylar YKS ek tercih tarihlerini ara\u015ft\u0131rmaya ba\u015flad\u0131. \u015eimdi g\u00f6zler YKS ek tercih tarihlerine ve detaylar\u0131na \u00e7evrildi. \u0130lk tercih sonu\u00e7lar\u0131na g\u00f6re herhangi bir \u00fcniversiteye yerle\u015femeyen &hellip;<\/p>\n","protected":false},"author":6,"featured_media":34522,"comment_status":"closed","ping_status":"closed","sticky":false,"template":"","format":"standard","meta":{"footnotes":""},"categories":[1],"tags":[],"class_list":["post-34521","post","type-post","status-publish","format-standard","has-post-thumbnail","hentry","category-genel"],"amp_enabled":true,"_links":{"self":[{"href":"https:\/\/adanaseshaber.com.tr\/index.php?rest_route=\/wp\/v2\/posts\/34521","targetHints":{"allow":["GET"]}}],"collection":[{"href":"https:\/\/adanaseshaber.com.tr\/index.php?rest_route=\/wp\/v2\/posts"}],"about":[{"href":"https:\/\/adanaseshaber.com.tr\/index.php?rest_route=\/wp\/v2\/types\/post"}],"author":[{"embeddable":true,"href":"https:\/\/adanaseshaber.com.tr\/index.php?rest_route=\/wp\/v2\/users\/6"}],"replies":[{"embeddable":true,"href":"https:\/\/adanaseshaber.com.tr\/index.php?rest_route=%2Fwp%2Fv2%2Fcomments&post=34521"}],"version-history":[{"count":2,"href":"https:\/\/adanaseshaber.com.tr\/index.php?rest_route=\/wp\/v2\/posts\/34521\/revisions"}],"predecessor-version":[{"id":34525,"href":"https:\/\/adanaseshaber.com.tr\/index.php?rest_route=\/wp\/v2\/posts\/34521\/revisions\/34525"}],"wp:featuredmedia":[{"embeddable":true,"href":"https:\/\/adanaseshaber.com.tr\/index.php?rest_route=\/wp\/v2\/media\/34522"}],"wp:attachment":[{"href":"https:\/\/adanaseshaber.com.tr\/index.php?rest_route=%2Fwp%2Fv2%2Fmedia&parent=34521"}],"wp:term":[{"taxonomy":"category","embeddable":true,"href":"https:\/\/adanaseshaber.com.tr\/index.php?rest_route=%2Fwp%2Fv2%2Fcategories&post=34521"},{"taxonomy":"post_tag","embeddable":true,"href":"https:\/\/adanaseshaber.com.tr\/index.php?rest_route=%2Fwp%2Fv2%2Ftags&post=34521"}],"curies":[{"name":"wp","href":"https:\/\/api.w.org\/{rel}","templated":true}]}}