{"id":34542,"date":"2022-08-15T12:46:25","date_gmt":"2022-08-15T09:46:25","guid":{"rendered":"https:\/\/www.adanaseshaber.com\/?p=34542"},"modified":"2022-08-15T12:47:33","modified_gmt":"2022-08-15T09:47:33","slug":"kapalicarsiyi-su-basti-esnaf-ekmegini-kurtarma-mucadelesinde","status":"publish","type":"post","link":"https:\/\/adanaseshaber.com.tr\/?p=34542","title":{"rendered":"Kapal\u0131\u00e7ar\u015f\u0131\u2019y\u0131 su bast\u0131, esnaf ekme\u011fini kurtarma m\u00fccadelesinde"},"content":{"rendered":"<p>\u0130stanbul\u2019da etkili olan kuvvetli sa\u011fanak ya\u011f\u0131\u015f baz\u0131 il\u00e7elerde sel ve su bask\u0131nlar\u0131n\u0131 beraberinde getirdi. Ya\u011f\u0131\u015f sonras\u0131nda tarihi Kapal\u0131 \u00c7ar\u015f\u0131\u2019y\u0131 su bast\u0131. Kapal\u0131 \u00c7ar\u015f\u0131\u2019da d\u00fckkanlar\u0131n\u0131 su basan esnaf\u0131n ekme\u011fini kurtarma m\u00fccadelesi foto\u011fraf karelerine yans\u0131d\u0131. \u00d6te yandan Emin\u00f6n\u00fc Beyaz\u0131t\u2019ta bulunan \u00e7evre sokaklar\u0131 da su bast\u0131\u011f\u0131 g\u00f6r\u00fcld\u00fc. Tarihi Kapal\u0131 \u00c7ar\u015f\u0131 ve Emin\u00f6n\u00fc Beyaz\u0131t\u2019ta bulunan \u00e7evre sokaklar\u0131 su bast\u0131. \u0130stanbul\u2019da etkili olan sa\u011fanak ya\u011f\u0131\u015f sel ve su bask\u0131nlar\u0131n\u0131 beraberinde getirirken Kapal\u0131 \u00c7ar\u015f\u0131 esnaf\u0131 zor anlar ya\u015fad\u0131. Esnaf\u0131n su bask\u0131n\u0131 s\u0131ras\u0131nda verdi\u011fi m\u00fccadele cep telefonu kameralar\u0131na saniye saniye yans\u0131d\u0131. \u0130\u015fte detaylar\u2026<\/p>\n<p><strong>KAPALI \u00c7AR\u015eI\u2019YI SU BASTI<\/strong><\/p>\n<p>Meteoroloji Genel M\u00fcd\u00fcrl\u00fc\u011f\u00fc\u2019nden gelen pe\u015f pe\u015fe uyar\u0131lar\u0131n ard\u0131ndan \u0130stanbul\u2019da beklenen sa\u011fanak ya\u011f\u0131\u015f sabah saatlerinden itibaren etkili olmaya ba\u015flad\u0131. Sa\u011fanak ya\u011f\u0131\u015f\u0131n etkili olmas\u0131yla Fatih\u2019te bulunan tarihi Kapal\u0131 \u00c7ar\u015f\u0131\u2019da gider ta\u015ft\u0131. Giderlerin ta\u015fmas\u0131 sonucunda \u00e7ar\u015f\u0131y\u0131 su bast\u0131. \u00d6te yandan Kapal\u0131 \u00c7ar\u015f\u0131 etraf\u0131nda bulunan sokaklar ve Emin\u00f6n\u00fc Beyaz\u0131t\u2019ta bulunan \u00e7evre sokaklar\u0131 da su bast\u0131\u011f\u0131 g\u00f6r\u00fcld\u00fc.<\/p>\n<p><img loading=\"lazy\" decoding=\"async\" class=\"aligncenter wp-image-34544 size-full\" src=\"https:\/\/adanaseshaber.com.tr\/wp-content\/uploads\/2022\/08\/kapalicarsiyi-su-basti-esnaf-ekmegini-kurtarma-mucadelesinde-1.jpg\" alt=\"\" width=\"1280\" height=\"720\" srcset=\"https:\/\/adanaseshaber.com.tr\/wp-content\/uploads\/2022\/08\/kapalicarsiyi-su-basti-esnaf-ekmegini-kurtarma-mucadelesinde-1.jpg 1280w, https:\/\/adanaseshaber.com.tr\/wp-content\/uploads\/2022\/08\/kapalicarsiyi-su-basti-esnaf-ekmegini-kurtarma-mucadelesinde-1-300x169.jpg 300w, https:\/\/adanaseshaber.com.tr\/wp-content\/uploads\/2022\/08\/kapalicarsiyi-su-basti-esnaf-ekmegini-kurtarma-mucadelesinde-1-1024x576.jpg 1024w, https:\/\/adanaseshaber.com.tr\/wp-content\/uploads\/2022\/08\/kapalicarsiyi-su-basti-esnaf-ekmegini-kurtarma-mucadelesinde-1-768x432.jpg 768w, https:\/\/adanaseshaber.com.tr\/wp-content\/uploads\/2022\/08\/kapalicarsiyi-su-basti-esnaf-ekmegini-kurtarma-mucadelesinde-1-390x220.jpg 390w\" sizes=\"auto, (max-width: 1280px) 100vw, 1280px\" \/><\/p>\n<p><img loading=\"lazy\" decoding=\"async\" class=\"aligncenter wp-image-34547 size-full\" src=\"https:\/\/adanaseshaber.com.tr\/wp-content\/uploads\/2022\/08\/kapalicarsiyi-su-basti-esnaf-ekmegini-kurtarma-mucadelesinde-2.jpg\" alt=\"\" width=\"1280\" height=\"720\" srcset=\"https:\/\/adanaseshaber.com.tr\/wp-content\/uploads\/2022\/08\/kapalicarsiyi-su-basti-esnaf-ekmegini-kurtarma-mucadelesinde-2.jpg 1280w, https:\/\/adanaseshaber.com.tr\/wp-content\/uploads\/2022\/08\/kapalicarsiyi-su-basti-esnaf-ekmegini-kurtarma-mucadelesinde-2-300x169.jpg 300w, https:\/\/adanaseshaber.com.tr\/wp-content\/uploads\/2022\/08\/kapalicarsiyi-su-basti-esnaf-ekmegini-kurtarma-mucadelesinde-2-1024x576.jpg 1024w, https:\/\/adanaseshaber.com.tr\/wp-content\/uploads\/2022\/08\/kapalicarsiyi-su-basti-esnaf-ekmegini-kurtarma-mucadelesinde-2-768x432.jpg 768w, https:\/\/adanaseshaber.com.tr\/wp-content\/uploads\/2022\/08\/kapalicarsiyi-su-basti-esnaf-ekmegini-kurtarma-mucadelesinde-2-390x220.jpg 390w\" sizes=\"auto, (max-width: 1280px) 100vw, 1280px\" \/><\/p>\n<p><strong>ESNAFIN M\u00dcCADELES\u0130 KAMERALARA YANSIDI<\/strong><\/p>\n<p>Su bask\u0131n\u0131 sebebiyle Kapal\u0131 \u00c7ar\u015f\u0131 esnaf\u0131 ba\u015fta olmak \u00fczere t\u00fcm esnaf\u0131n zor anlar ya\u015fad\u0131\u011f\u0131 \u00f6\u011frenildi. D\u00fckkanlar\u0131na su girmesini \u00f6nlemek isteyen vatanda\u015flar ellerindeki f\u0131r\u00e7a ve sileceklerle yo\u011fun bir m\u00fccadele verdi. Baz\u0131 d\u00fckkanlardaki \u00fcr\u00fcnlerin su alt\u0131nda kald\u0131\u011f\u0131 g\u00f6r\u00fcld\u00fc. Esnaf\u0131n su bask\u0131n\u0131na kar\u015f\u0131 d\u00fckkanlar\u0131n\u0131 korumak i\u00e7in verdi\u011fi yo\u011fun m\u00fccadele cep telefonu kameralar\u0131na saniye saniye yans\u0131d\u0131.<\/p>\n","protected":false},"excerpt":{"rendered":"<p>\u0130stanbul\u2019da etkili olan kuvvetli sa\u011fanak ya\u011f\u0131\u015f baz\u0131 il\u00e7elerde sel ve su bask\u0131nlar\u0131n\u0131 beraberinde getirdi. Ya\u011f\u0131\u015f sonras\u0131nda tarihi Kapal\u0131 \u00c7ar\u015f\u0131\u2019y\u0131 su bast\u0131. Kapal\u0131 \u00c7ar\u015f\u0131\u2019da d\u00fckkanlar\u0131n\u0131 su basan esnaf\u0131n ekme\u011fini kurtarma m\u00fccadelesi foto\u011fraf karelerine yans\u0131d\u0131. \u00d6te yandan Emin\u00f6n\u00fc Beyaz\u0131t\u2019ta bulunan \u00e7evre sokaklar\u0131 da su bast\u0131\u011f\u0131 g\u00f6r\u00fcld\u00fc. Tarihi Kapal\u0131 \u00c7ar\u015f\u0131 ve Emin\u00f6n\u00fc Beyaz\u0131t\u2019ta bulunan \u00e7evre sokaklar\u0131 su bast\u0131. &hellip;<\/p>\n","protected":false},"author":6,"featured_media":34543,"comment_status":"closed","ping_status":"closed","sticky":false,"template":"","format":"standard","meta":{"footnotes":""},"categories":[1],"tags":[],"class_list":["post-34542","post","type-post","status-publish","format-standard","has-post-thumbnail","hentry","category-genel"],"amp_enabled":true,"_links":{"self":[{"href":"https:\/\/adanaseshaber.com.tr\/index.php?rest_route=\/wp\/v2\/posts\/34542","targetHints":{"allow":["GET"]}}],"collection":[{"href":"https:\/\/adanaseshaber.com.tr\/index.php?rest_route=\/wp\/v2\/posts"}],"about":[{"href":"https:\/\/adanaseshaber.com.tr\/index.php?rest_route=\/wp\/v2\/types\/post"}],"author":[{"embeddable":true,"href":"https:\/\/adanaseshaber.com.tr\/index.php?rest_route=\/wp\/v2\/users\/6"}],"replies":[{"embeddable":true,"href":"https:\/\/adanaseshaber.com.tr\/index.php?rest_route=%2Fwp%2Fv2%2Fcomments&post=34542"}],"version-history":[{"count":3,"href":"https:\/\/adanaseshaber.com.tr\/index.php?rest_route=\/wp\/v2\/posts\/34542\/revisions"}],"predecessor-version":[{"id":34548,"href":"https:\/\/adanaseshaber.com.tr\/index.php?rest_route=\/wp\/v2\/posts\/34542\/revisions\/34548"}],"wp:featuredmedia":[{"embeddable":true,"href":"https:\/\/adanaseshaber.com.tr\/index.php?rest_route=\/wp\/v2\/media\/34543"}],"wp:attachment":[{"href":"https:\/\/adanaseshaber.com.tr\/index.php?rest_route=%2Fwp%2Fv2%2Fmedia&parent=34542"}],"wp:term":[{"taxonomy":"category","embeddable":true,"href":"https:\/\/adanaseshaber.com.tr\/index.php?rest_route=%2Fwp%2Fv2%2Fcategories&post=34542"},{"taxonomy":"post_tag","embeddable":true,"href":"https:\/\/adanaseshaber.com.tr\/index.php?rest_route=%2Fwp%2Fv2%2Ftags&post=34542"}],"curies":[{"name":"wp","href":"https:\/\/api.w.org\/{rel}","templated":true}]}}