{"id":34575,"date":"2022-08-15T14:01:09","date_gmt":"2022-08-15T11:01:09","guid":{"rendered":"https:\/\/www.adanaseshaber.com\/?p=34575"},"modified":"2022-08-15T14:32:16","modified_gmt":"2022-08-15T11:32:16","slug":"beykozda-istinat-duvari-coktu-1-kisi-gocuk-altinda","status":"publish","type":"post","link":"https:\/\/adanaseshaber.com.tr\/?p=34575","title":{"rendered":"Beykoz\u2019da istinat duvar\u0131 \u00e7\u00f6kt\u00fc: 1 Ki\u015fi g\u00f6\u00e7\u00fck alt\u0131nda"},"content":{"rendered":"<p>\u0130stanbul\u2019da sabah saatlerinden itibaren etkili olmaya ba\u015flayan sa\u011fanak ya\u011f\u0131\u015f sel ve su bask\u0131nlar\u0131n\u0131 da beraberinde getirdi. Tarihi Kapal\u0131 \u00c7ar\u015f\u0131\u2019da su bask\u0131n\u0131 ya\u015fan\u0131rken Beykoz\u2019da ise istinat duvar\u0131n\u0131n \u00e7\u00f6kt\u00fc\u011f\u00fc ve 1 ki\u015finin g\u00f6\u00e7\u00fck alt\u0131nda kald\u0131\u011f\u0131 \u00f6\u011frenildi. Beykoz il\u00e7esinde sa\u011fanak ya\u011f\u0131\u015f sonras\u0131nda istinat duvar\u0131 \u00e7\u00f6kt\u00fc. 1 ki\u015finin g\u00f6\u00e7\u00fck alt\u0131nda kald\u0131\u011f\u0131 \u00f6\u011frenilirken ekiplerin b\u00f6lgedeki \u00e7al\u0131\u015fmalar\u0131n\u0131n devam etti\u011fi bilgisine ula\u015f\u0131ld\u0131.<\/p>\n<p><b>\u015e\u0130DDETL\u0130 YA\u011eI\u015e NEDEN\u0130YLE \u0130ST\u0130NAT DUVARI \u00c7\u00d6KT\u00dc<\/b><\/p>\n<p>Meteoroloji Genel M\u00fcd\u00fcrl\u00fc\u011f\u00fc&#8217;nden gelen uyar\u0131lar\u0131n ard\u0131ndan bu sabah saatlerinde \u0130stanbul&#8217;da kuvvetli ya\u011f\u0131\u015f etkili olmaya ba\u015flad\u0131. \u0130stanbul&#8217;da etkili olan sa\u011fanak ya\u011f\u0131\u015f beraberinde sel ve su bask\u0131nlar\u0131n\u0131 da getirdi. Tarihi Kapal\u0131 \u00c7ar\u015f\u0131&#8217;da giderlerin t\u0131kanmas\u0131 sonucunda su bask\u0131nlar\u0131 ya\u015fan\u0131rken Beykoz&#8217;da ise sa\u011fanak ya\u011f\u0131\u015f sonras\u0131 istinat duvar\u0131 \u00e7\u00f6kt\u00fc.<\/p>\n<p><strong>1 K\u0130\u015e\u0130 G\u00d6\u00c7\u00dcK ALTINDA KALDI<\/strong><\/p>\n<p>Beykoz&#8217;da ise etkili olan sa\u011fanak ya\u011f\u0131\u015f\u0131n ard\u0131ndan istinat duvar\u0131 \u00e7\u00f6kt\u00fc. \u0130hbar \u00fczerine olay yerine AFAD, itfaiye ve sa\u011fl\u0131k ekipleri sevk edildi. 1 ki\u015finin g\u00f6\u00e7\u00fck alt\u0131nda kald\u0131\u011f\u0131 bilgisine ula\u015f\u0131l\u0131rken ekiplerin olay yerindeki \u00e7al\u0131\u015fmalar\u0131n\u0131n devam etti\u011fi \u00f6\u011frenildi.<\/p>\n<p><b>KAPALI \u00c7AR\u015eI&#8217;YI SU BASTI<\/b><\/p>\n<p>\u0130stanbul&#8217;da sabah saatleri itibar\u0131yla sa\u011fanak ya\u011f\u0131\u015f etkisini g\u00f6stermeye ba\u015flad\u0131. Meteoroloji Genel M\u00fcd\u00fcrl\u00fc\u011f\u00fc ve AFAD&#8217;\u0131n yapt\u0131\u011f\u0131 pe\u015f pe\u015fe uyar\u0131lar\u0131n ard\u0131ndan bu sabah saatlerinde etkisini g\u00f6stermeye ba\u015flayan sa\u011fanak ya\u011f\u0131\u015f beraberinde sel ve su bask\u0131nlar\u0131n\u0131 da getirdi. \u0130stanbul&#8217;da Maltepe ve Sultanbeyli il\u00e7elerinde baz\u0131 ev ve i\u015f yerlerini su basarken tarihi Kapal\u0131 \u00c7ar\u015f\u0131&#8217;da da su bask\u0131n\u0131 ya\u015fand\u0131. Ya\u015fanan su bask\u0131n\u0131nda d\u00fckkanlar\u0131n\u0131 korumak isteyen vatanda\u015flar ellerindeki f\u0131r\u00e7alarla yo\u011fun bir m\u00fccadele verdi.<\/p>\n","protected":false},"excerpt":{"rendered":"<p>\u0130stanbul\u2019da sabah saatlerinden itibaren etkili olmaya ba\u015flayan sa\u011fanak ya\u011f\u0131\u015f sel ve su bask\u0131nlar\u0131n\u0131 da beraberinde getirdi. Tarihi Kapal\u0131 \u00c7ar\u015f\u0131\u2019da su bask\u0131n\u0131 ya\u015fan\u0131rken Beykoz\u2019da ise istinat duvar\u0131n\u0131n \u00e7\u00f6kt\u00fc\u011f\u00fc ve 1 ki\u015finin g\u00f6\u00e7\u00fck alt\u0131nda kald\u0131\u011f\u0131 \u00f6\u011frenildi. Beykoz il\u00e7esinde sa\u011fanak ya\u011f\u0131\u015f sonras\u0131nda istinat duvar\u0131 \u00e7\u00f6kt\u00fc. 1 ki\u015finin g\u00f6\u00e7\u00fck alt\u0131nda kald\u0131\u011f\u0131 \u00f6\u011frenilirken ekiplerin b\u00f6lgedeki \u00e7al\u0131\u015fmalar\u0131n\u0131n devam etti\u011fi bilgisine ula\u015f\u0131ld\u0131. &hellip;<\/p>\n","protected":false},"author":6,"featured_media":34576,"comment_status":"closed","ping_status":"closed","sticky":false,"template":"","format":"standard","meta":{"footnotes":""},"categories":[1],"tags":[],"class_list":["post-34575","post","type-post","status-publish","format-standard","has-post-thumbnail","hentry","category-genel"],"amp_enabled":true,"_links":{"self":[{"href":"https:\/\/adanaseshaber.com.tr\/index.php?rest_route=\/wp\/v2\/posts\/34575","targetHints":{"allow":["GET"]}}],"collection":[{"href":"https:\/\/adanaseshaber.com.tr\/index.php?rest_route=\/wp\/v2\/posts"}],"about":[{"href":"https:\/\/adanaseshaber.com.tr\/index.php?rest_route=\/wp\/v2\/types\/post"}],"author":[{"embeddable":true,"href":"https:\/\/adanaseshaber.com.tr\/index.php?rest_route=\/wp\/v2\/users\/6"}],"replies":[{"embeddable":true,"href":"https:\/\/adanaseshaber.com.tr\/index.php?rest_route=%2Fwp%2Fv2%2Fcomments&post=34575"}],"version-history":[{"count":3,"href":"https:\/\/adanaseshaber.com.tr\/index.php?rest_route=\/wp\/v2\/posts\/34575\/revisions"}],"predecessor-version":[{"id":34585,"href":"https:\/\/adanaseshaber.com.tr\/index.php?rest_route=\/wp\/v2\/posts\/34575\/revisions\/34585"}],"wp:featuredmedia":[{"embeddable":true,"href":"https:\/\/adanaseshaber.com.tr\/index.php?rest_route=\/wp\/v2\/media\/34576"}],"wp:attachment":[{"href":"https:\/\/adanaseshaber.com.tr\/index.php?rest_route=%2Fwp%2Fv2%2Fmedia&parent=34575"}],"wp:term":[{"taxonomy":"category","embeddable":true,"href":"https:\/\/adanaseshaber.com.tr\/index.php?rest_route=%2Fwp%2Fv2%2Fcategories&post=34575"},{"taxonomy":"post_tag","embeddable":true,"href":"https:\/\/adanaseshaber.com.tr\/index.php?rest_route=%2Fwp%2Fv2%2Ftags&post=34575"}],"curies":[{"name":"wp","href":"https:\/\/api.w.org\/{rel}","templated":true}]}}