{"id":34593,"date":"2022-08-15T15:55:03","date_gmt":"2022-08-15T12:55:03","guid":{"rendered":"https:\/\/www.adanaseshaber.com\/?p=34593"},"modified":"2022-08-15T15:55:30","modified_gmt":"2022-08-15T12:55:30","slug":"cumhurbaskani-erdogan-basortu-cikisiyla-gundem-olan-ustun-dokmeni-topa-tuttu","status":"publish","type":"post","link":"https:\/\/adanaseshaber.com.tr\/?p=34593","title":{"rendered":"Cumhurba\u015fkan\u0131 Erdo\u011fan ba\u015f\u00f6rt\u00fc \u00e7\u0131k\u0131\u015f\u0131yla g\u00fcndem olan \u00dcst\u00fcn D\u00f6kmen\u2019i topa tuttu"},"content":{"rendered":"<p>Konuk oldu\u011fu bir programda ba\u015f\u00f6rt\u00fc \u00e7\u0131k\u0131\u015f\u0131yla g\u00fcndeme bomba gibi d\u00fc\u015fen Prof. Dr.\u00dcst\u00fcn D\u00f6kmen\u2019e bir tepki de Cumhurba\u015fkan\u0131 Recep Tayyip Erdo\u011fan&#8217;dan geldi. D\u00f6kmen\u2019in ba\u015f\u00f6rt\u00fc yorumu sosyal medyan\u0131n g\u00fcndemine oturmu\u015f ve b\u00fcy\u00fck tepki \u00e7ekmi\u015fti. Bu yoruma tepki g\u00f6steren bir isim de Cumhurba\u015fkan\u0131 Erdo\u011fan oldu. Erdo\u011fan, ba\u015f\u00f6rt\u00fc \u00e7\u0131k\u0131\u015f\u0131yla g\u00fcndem olan D\u00f6kmen\u2019i adeta topa tuttu. Prof. Dr. \u00dcst\u00fcn D\u00f6kmen\u2019in ba\u015f\u00f6rt\u00fc \u00e7\u0131k\u0131\u015f\u0131 g\u00fcndeme oturmu\u015f ve \u00e7ok konu\u015fulmu\u015ftu. D\u00f6kmen\u2019in ba\u015f\u00f6rt\u00fc ile ilgili yorumuna \u00e7ok say\u0131da tepki gelmi\u015f ve sosyal medya aya\u011fa kalkm\u0131\u015ft\u0131. D\u00f6kmen\u2019e Cumhurba\u015fkan\u0131 Erdo\u011fan\u2019dan da bir tepki geldi. \u2018Kendini bilmez\u2019 \u00e7\u0131k\u0131\u015fl\u0131yla D\u00f6kmen\u2019e y\u00fcklenen Erdo\u011fan, 28 \u015eubat\u2019\u0131 bir kez daha hat\u0131rlatt\u0131. \u0130\u015fte detaylar\u2026<\/p>\n<p><strong>BA\u015e\u00d6RT\u00dcL\u00dc PS\u0130KLOG YORUMUNA TEPK\u0130 YA\u011eMI\u015eTI<\/strong><\/p>\n<p>Prof. Dr. \u00dcst\u00fcn D\u00f6kmen, konuk oldu\u011fu bir yay\u0131nda ba\u015f\u00f6rt\u00fc yorumuyla \u00e7ok konu\u015fulmu\u015f ve tepki \u00e7ekmi\u015fti. \u2018Ba\u015f\u00f6rt\u00fcl\u00fc rehber \u00f6\u011fretmen olamaz\u2019 s\u00f6zlerine gelen tepkilerle ilgili konu\u015fan D\u00f6kmen, \u2018Rehber \u00f6\u011fretmenlerin \u00e7o\u011funlu\u011fu ba\u015f\u00f6rt\u00fcl\u00fc. Tepki g\u00f6sterildi. Bunlar temelsiz trol tepkileridir. Trol kendini saklayan, korkak, cesur olmayan, kafas\u0131 \u00e7al\u0131\u015fmayan ki\u015filerdir. S\u00f6yledi\u011fim aynen \u015fu, bir eczac\u0131 ba\u015f\u00f6rt\u00fcl\u00fc olabilir, mimar olabilir, Milli E\u011fitim izin verdi\u011fi i\u00e7in \u00f6\u011fretmen olabilir. Hakim ve savc\u0131 benim alan\u0131m de\u011fil kar\u0131\u015fm\u0131yorum. Fakat ba\u015f\u00f6rt\u00fcl\u00fc psikolog, ba\u015f\u00f6rt\u00fcl\u00fc psikiyatrist, ba\u015f\u00f6rt\u00fcl\u00fc PDR uzman\u0131 olmas\u0131 meslek eti\u011fine ayk\u0131r\u0131d\u0131r. N\u00f6tr olamazlar.\u2019 ifadelerini kulland\u0131. D\u00f6kmen\u2019in bu yorumuna tepki ya\u011fd\u0131.<\/p>\n<p><img loading=\"lazy\" decoding=\"async\" class=\"aligncenter wp-image-34595 size-full\" src=\"https:\/\/adanaseshaber.com.tr\/wp-content\/uploads\/2022\/08\/cumhurbaskani-erdogan-basortu-cikisiyla-gundem-olan-ustun-dokmeni-topa-tuttu-1.jpg\" alt=\"\" width=\"1280\" height=\"720\" srcset=\"https:\/\/adanaseshaber.com.tr\/wp-content\/uploads\/2022\/08\/cumhurbaskani-erdogan-basortu-cikisiyla-gundem-olan-ustun-dokmeni-topa-tuttu-1.jpg 1280w, https:\/\/adanaseshaber.com.tr\/wp-content\/uploads\/2022\/08\/cumhurbaskani-erdogan-basortu-cikisiyla-gundem-olan-ustun-dokmeni-topa-tuttu-1-300x169.jpg 300w, https:\/\/adanaseshaber.com.tr\/wp-content\/uploads\/2022\/08\/cumhurbaskani-erdogan-basortu-cikisiyla-gundem-olan-ustun-dokmeni-topa-tuttu-1-1024x576.jpg 1024w, https:\/\/adanaseshaber.com.tr\/wp-content\/uploads\/2022\/08\/cumhurbaskani-erdogan-basortu-cikisiyla-gundem-olan-ustun-dokmeni-topa-tuttu-1-768x432.jpg 768w, https:\/\/adanaseshaber.com.tr\/wp-content\/uploads\/2022\/08\/cumhurbaskani-erdogan-basortu-cikisiyla-gundem-olan-ustun-dokmeni-topa-tuttu-1-390x220.jpg 390w\" sizes=\"auto, (max-width: 1280px) 100vw, 1280px\" \/><\/p>\n<p><strong>CUMHURBAH\u015eKANI ERDO\u011eAN&#8217;DAN TEPK\u0130<\/strong><\/p>\n<p>D\u00f6kmen\u2019in ba\u015f\u00f6rt\u00fc yorumuna sosyal medyadan tepki \u00fcst\u00fcne tepki gelirken bu yoruma tepki g\u00f6steren bir isim de Cumhurba\u015fkan\u0131 Recep Tayyip Erdo\u011fan oldu. Geni\u015fletilmi\u015f \u0130l Ba\u015fkanlar\u0131 toplant\u0131s\u0131nda konu\u015fan Cumhurba\u015fkan\u0131 Erdo\u011fan, isim vermeden D\u00f6kmen\u2019i ele\u015ftirdi. Erdo\u011fan, \u201928 \u015eubat bakiyesi kimi kendini bilmezlerin ba\u015f\u00f6rt\u00fcl\u00fc kad\u0131nlara y\u00f6nelik hezeyanlar\u0131nda g\u00f6r\u00fcyoruz. Son 21 y\u0131lda ya\u015fanan onca de\u011fi\u015fime ra\u011fmen millete tepeden bakan CHP zihniyeti yerinde saymay\u0131 s\u00fcrd\u00fcr\u00fcyor.\u2019 \u0130fadelerine yer verdi.<\/p>\n","protected":false},"excerpt":{"rendered":"<p>Konuk oldu\u011fu bir programda ba\u015f\u00f6rt\u00fc \u00e7\u0131k\u0131\u015f\u0131yla g\u00fcndeme bomba gibi d\u00fc\u015fen Prof. Dr.\u00dcst\u00fcn D\u00f6kmen\u2019e bir tepki de Cumhurba\u015fkan\u0131 Recep Tayyip Erdo\u011fan&#8217;dan geldi. D\u00f6kmen\u2019in ba\u015f\u00f6rt\u00fc yorumu sosyal medyan\u0131n g\u00fcndemine oturmu\u015f ve b\u00fcy\u00fck tepki \u00e7ekmi\u015fti. Bu yoruma tepki g\u00f6steren bir isim de Cumhurba\u015fkan\u0131 Erdo\u011fan oldu. Erdo\u011fan, ba\u015f\u00f6rt\u00fc \u00e7\u0131k\u0131\u015f\u0131yla g\u00fcndem olan D\u00f6kmen\u2019i adeta topa tuttu. Prof. Dr. \u00dcst\u00fcn D\u00f6kmen\u2019in &hellip;<\/p>\n","protected":false},"author":6,"featured_media":34594,"comment_status":"closed","ping_status":"closed","sticky":false,"template":"","format":"standard","meta":{"footnotes":""},"categories":[1],"tags":[],"class_list":["post-34593","post","type-post","status-publish","format-standard","has-post-thumbnail","hentry","category-genel"],"amp_enabled":true,"_links":{"self":[{"href":"https:\/\/adanaseshaber.com.tr\/index.php?rest_route=\/wp\/v2\/posts\/34593","targetHints":{"allow":["GET"]}}],"collection":[{"href":"https:\/\/adanaseshaber.com.tr\/index.php?rest_route=\/wp\/v2\/posts"}],"about":[{"href":"https:\/\/adanaseshaber.com.tr\/index.php?rest_route=\/wp\/v2\/types\/post"}],"author":[{"embeddable":true,"href":"https:\/\/adanaseshaber.com.tr\/index.php?rest_route=\/wp\/v2\/users\/6"}],"replies":[{"embeddable":true,"href":"https:\/\/adanaseshaber.com.tr\/index.php?rest_route=%2Fwp%2Fv2%2Fcomments&post=34593"}],"version-history":[{"count":2,"href":"https:\/\/adanaseshaber.com.tr\/index.php?rest_route=\/wp\/v2\/posts\/34593\/revisions"}],"predecessor-version":[{"id":34597,"href":"https:\/\/adanaseshaber.com.tr\/index.php?rest_route=\/wp\/v2\/posts\/34593\/revisions\/34597"}],"wp:featuredmedia":[{"embeddable":true,"href":"https:\/\/adanaseshaber.com.tr\/index.php?rest_route=\/wp\/v2\/media\/34594"}],"wp:attachment":[{"href":"https:\/\/adanaseshaber.com.tr\/index.php?rest_route=%2Fwp%2Fv2%2Fmedia&parent=34593"}],"wp:term":[{"taxonomy":"category","embeddable":true,"href":"https:\/\/adanaseshaber.com.tr\/index.php?rest_route=%2Fwp%2Fv2%2Fcategories&post=34593"},{"taxonomy":"post_tag","embeddable":true,"href":"https:\/\/adanaseshaber.com.tr\/index.php?rest_route=%2Fwp%2Fv2%2Ftags&post=34593"}],"curies":[{"name":"wp","href":"https:\/\/api.w.org\/{rel}","templated":true}]}}