{"id":34605,"date":"2022-08-15T16:22:42","date_gmt":"2022-08-15T13:22:42","guid":{"rendered":"https:\/\/www.adanaseshaber.com\/?p=34605"},"modified":"2022-08-15T16:22:05","modified_gmt":"2022-08-15T13:22:05","slug":"dursun-ozbek-aziz-yildirim-bulusmasi-gundem-oldu","status":"publish","type":"post","link":"https:\/\/adanaseshaber.com.tr\/?p=34605","title":{"rendered":"Dursun \u00d6zbek Aziz Y\u0131ld\u0131r\u0131m bulu\u015fmas\u0131 g\u00fcndem oldu"},"content":{"rendered":"<p>Fenerbah\u00e7e\u2019nin eski ba\u015fkan\u0131 Aziz Y\u0131ld\u0131r\u0131m ile Galatasaray Ba\u015fkan\u0131 Dursun \u00d6zbek\u2019in bir d\u00fc\u011f\u00fcnde ayn\u0131 karede yer almas\u0131 sosyal medyan\u0131n g\u00fcndemine yerle\u015fti. \u0130kilinin ayn\u0131 masada oturdu\u011fu ve bir s\u00fcre sohbet etti\u011fi g\u00f6r\u00fcld\u00fc. D\u00fc\u011f\u00fcnde bulu\u015fan ikilinin sohbetlerinin ard\u0131ndan hat\u0131ra foto\u011fraf\u0131 \u00e7ektirdi\u011fi g\u00f6r\u00fcl\u00fcrken bu anlar sosyal medyada \u00e7ok konu\u015fuldu. Fenerbah\u00e7e Ba\u015fkanl\u0131\u011f\u0131\u2019n\u0131 20 y\u0131l s\u00fcrd\u00fcren Aziz Y\u0131ld\u0131r\u0131m, mevcut Galatasaray Ba\u015fkan\u0131 Dursun \u00d6zbek ile bir d\u00fc\u011f\u00fcnde bir araya geldi. T\u00fcrk futbolunun iki \u00f6nemli isminin bulu\u015fmas\u0131 spor man\u015fetlerinin de en \u00fcst s\u0131ralar\u0131nda yerini ald\u0131. Ayn\u0131 karede yer alan ve masada beraber oturan iki \u00f6nemli isim bir s\u00fcre sohbet etti. \u0130kili hat\u0131ra foto\u011fraf\u0131 \u00e7ektirmeyi de ihmal etmedi.<\/p>\n<p><strong>AZ\u0130Z YILDIRIM VE DURSUN \u00d6ZBEK YAN YANA<\/strong><\/p>\n<p>Fenerbah\u00e7e\u2019de 20 y\u0131l ba\u015fkanl\u0131k g\u00f6revini s\u00fcrd\u00fcren Aziz Y\u0131ld\u0131r\u0131m ve mevcut Galatasaray Ba\u015fkan\u0131 Dursun \u00d6zbek, \u0130stanbul Sait Halim Pa\u015fa Yal\u0131s\u0131\u2019nda bir d\u00fc\u011f\u00fcnde kar\u015f\u0131la\u015ft\u0131. T\u00fcrk futbolunun iki \u00f6nemli ismi d\u00fc\u011f\u00fcnde ayn\u0131 karede yer al\u0131rken ikilinin ayn\u0131 masaya oturdu\u011fu ve bir s\u00fcre sohbet etti\u011fi g\u00f6r\u00fcld\u00fc.<\/p>\n<p><img loading=\"lazy\" decoding=\"async\" class=\"aligncenter wp-image-34607 size-full\" src=\"https:\/\/adanaseshaber.com.tr\/wp-content\/uploads\/2022\/08\/dursun-ozbek-aziz-yildirim-bulusmasi-gundem-oldu-1.jpg\" alt=\"\" width=\"1280\" height=\"720\" srcset=\"https:\/\/adanaseshaber.com.tr\/wp-content\/uploads\/2022\/08\/dursun-ozbek-aziz-yildirim-bulusmasi-gundem-oldu-1.jpg 1280w, https:\/\/adanaseshaber.com.tr\/wp-content\/uploads\/2022\/08\/dursun-ozbek-aziz-yildirim-bulusmasi-gundem-oldu-1-300x169.jpg 300w, https:\/\/adanaseshaber.com.tr\/wp-content\/uploads\/2022\/08\/dursun-ozbek-aziz-yildirim-bulusmasi-gundem-oldu-1-1024x576.jpg 1024w, https:\/\/adanaseshaber.com.tr\/wp-content\/uploads\/2022\/08\/dursun-ozbek-aziz-yildirim-bulusmasi-gundem-oldu-1-768x432.jpg 768w, https:\/\/adanaseshaber.com.tr\/wp-content\/uploads\/2022\/08\/dursun-ozbek-aziz-yildirim-bulusmasi-gundem-oldu-1-390x220.jpg 390w\" sizes=\"auto, (max-width: 1280px) 100vw, 1280px\" \/><\/p>\n<p><strong>HATIRA FOTO\u011eRAFI \u00c7EK\u0130LD\u0130LER<\/strong><\/p>\n<p>Spor man\u015fetlerinin ve sosyal medyan\u0131n g\u00fcndemine yerle\u015fen bu bulu\u015fma \u00e7ok konu\u015fuldu. Muhabir P\u0131nar Erba\u015f ile gazeteci Mehmet Akif Ersoy\u2019un d\u00fc\u011f\u00fcn\u00fcne kat\u0131lan Aziz Y\u0131ld\u0131r\u0131m ile Dursun \u00d6zbek, t\u00f6rende sahneye \u00e7\u0131karak gen\u00e7 \u00e7ifte mutluluklar diledi. Y\u0131ld\u0131r\u0131m ve \u00d6zbek, birlikte hat\u0131ra foto\u011fraf\u0131 \u00e7ekilmeyi de ihmal etmedi.<\/p>\n","protected":false},"excerpt":{"rendered":"<p>Fenerbah\u00e7e\u2019nin eski ba\u015fkan\u0131 Aziz Y\u0131ld\u0131r\u0131m ile Galatasaray Ba\u015fkan\u0131 Dursun \u00d6zbek\u2019in bir d\u00fc\u011f\u00fcnde ayn\u0131 karede yer almas\u0131 sosyal medyan\u0131n g\u00fcndemine yerle\u015fti. \u0130kilinin ayn\u0131 masada oturdu\u011fu ve bir s\u00fcre sohbet etti\u011fi g\u00f6r\u00fcld\u00fc. D\u00fc\u011f\u00fcnde bulu\u015fan ikilinin sohbetlerinin ard\u0131ndan hat\u0131ra foto\u011fraf\u0131 \u00e7ektirdi\u011fi g\u00f6r\u00fcl\u00fcrken bu anlar sosyal medyada \u00e7ok konu\u015fuldu. Fenerbah\u00e7e Ba\u015fkanl\u0131\u011f\u0131\u2019n\u0131 20 y\u0131l s\u00fcrd\u00fcren Aziz Y\u0131ld\u0131r\u0131m, mevcut Galatasaray Ba\u015fkan\u0131 &hellip;<\/p>\n","protected":false},"author":6,"featured_media":34606,"comment_status":"closed","ping_status":"closed","sticky":false,"template":"","format":"standard","meta":{"footnotes":""},"categories":[5],"tags":[],"class_list":["post-34605","post","type-post","status-publish","format-standard","has-post-thumbnail","hentry","category-spor"],"amp_enabled":true,"_links":{"self":[{"href":"https:\/\/adanaseshaber.com.tr\/index.php?rest_route=\/wp\/v2\/posts\/34605","targetHints":{"allow":["GET"]}}],"collection":[{"href":"https:\/\/adanaseshaber.com.tr\/index.php?rest_route=\/wp\/v2\/posts"}],"about":[{"href":"https:\/\/adanaseshaber.com.tr\/index.php?rest_route=\/wp\/v2\/types\/post"}],"author":[{"embeddable":true,"href":"https:\/\/adanaseshaber.com.tr\/index.php?rest_route=\/wp\/v2\/users\/6"}],"replies":[{"embeddable":true,"href":"https:\/\/adanaseshaber.com.tr\/index.php?rest_route=%2Fwp%2Fv2%2Fcomments&post=34605"}],"version-history":[{"count":2,"href":"https:\/\/adanaseshaber.com.tr\/index.php?rest_route=\/wp\/v2\/posts\/34605\/revisions"}],"predecessor-version":[{"id":34609,"href":"https:\/\/adanaseshaber.com.tr\/index.php?rest_route=\/wp\/v2\/posts\/34605\/revisions\/34609"}],"wp:featuredmedia":[{"embeddable":true,"href":"https:\/\/adanaseshaber.com.tr\/index.php?rest_route=\/wp\/v2\/media\/34606"}],"wp:attachment":[{"href":"https:\/\/adanaseshaber.com.tr\/index.php?rest_route=%2Fwp%2Fv2%2Fmedia&parent=34605"}],"wp:term":[{"taxonomy":"category","embeddable":true,"href":"https:\/\/adanaseshaber.com.tr\/index.php?rest_route=%2Fwp%2Fv2%2Fcategories&post=34605"},{"taxonomy":"post_tag","embeddable":true,"href":"https:\/\/adanaseshaber.com.tr\/index.php?rest_route=%2Fwp%2Fv2%2Ftags&post=34605"}],"curies":[{"name":"wp","href":"https:\/\/api.w.org\/{rel}","templated":true}]}}