{"id":34610,"date":"2022-08-15T17:01:26","date_gmt":"2022-08-15T14:01:26","guid":{"rendered":"https:\/\/www.adanaseshaber.com\/?p=34610"},"modified":"2022-08-15T17:01:07","modified_gmt":"2022-08-15T14:01:07","slug":"super-lig-hakemi-cinsel-taciz-sucundan-ceza-aldi-omer-faruk-unal-bombayi-patlatti","status":"publish","type":"post","link":"https:\/\/adanaseshaber.com.tr\/?p=34610","title":{"rendered":"S\u00fcper Lig hakemi cinsel taciz su\u00e7undan ceza ald\u0131! \u00d6mer Faruk \u00dcnal bombay\u0131 patlatt\u0131"},"content":{"rendered":"<p>S\u00fcper Lig\u2019de yeni sezon heyecan\u0131 ba\u015flarken hakemlerle ilgili tart\u0131\u015fmalar da ba\u015flad\u0131. Yeni sezonun ikinci hafta ma\u00e7lar\u0131 oynan\u0131rken hakem yorumcusu \u00d6mer Faruk \u00dcnal2dan g\u00fcndeme bomba gibi d\u00fc\u015fen bir iddia geldi. T\u00fcrk futbolunu derinden sarsacak bu iddia spor man\u015fetlerinin en \u00fcst s\u0131ralar\u0131nda yerini ald\u0131. \u00dcnal, TFF\u2019nin hakemler i\u00e7in sab\u0131ka kayd\u0131 istemesi gerekti\u011fini s\u00f6yledi. \u0130sim vermeyece\u011fini belirterek a\u00e7\u0131klamalarda bulunan hakem yorumcusu \u00d6mer Faruk \u00dcnal, \u2018\u00c7ok tart\u0131\u015f\u0131lan bir hakemin cinsel taciz ve memura hakaretten kesinle\u015fmi\u015f cezas\u0131 var, hapis cezas\u0131 para cezas\u0131na \u00e7evrilmi\u015f\u2019 dedi. \u00dcnal\u2019\u0131n bu iddias\u0131 spor man\u015fetlerinde ilk s\u0131rada yerini ald\u0131. \u0130\u015fte spor g\u00fcndemine bomba gibi d\u00fc\u015fen o iddia ve t\u00fcm detaylar\u2026<\/p>\n<p><strong>C\u0130NSEL TAC\u0130Z \u0130DD\u0130ASI G\u00dcNDEME BOMBA G\u0130B\u0130 D\u00dc\u015eT\u00dc<\/strong><\/p>\n<p>S\u00fcper Lig\u2019in yeni sezonunda yine hakem y\u00f6netimleri g\u00fcndem olmaya ve tart\u0131\u015f\u0131lmaya ba\u015flad\u0131. S\u00fcper Lig\u2019in yeni sezonunun ikinci ma\u00e7lar\u0131 oynan\u0131rken T\u00fcrkiye Gazetesi Yazar\u0131 ve Hakem Yorumcusu \u00d6mer Faruk \u00dcnal\u2019dan \u00e7ok konu\u015fulacak bir iddia geldi. Radyospor\u2019da Ters K\u00f6\u015fe program\u0131na kat\u0131lan ve Ayg\u00fcn \u00d6zipek\u2019e konu\u015fan \u00dcnal, S\u00fcper Lig\u2019de d\u00fcd\u00fck \u00e7alan bir hakemin cinsel taciz su\u00e7undan kesinle\u015fmi\u015f hapis cezas\u0131 oldu\u011funu iddia etti ve \u2018TFF\u2019de Mehmet B\u00fcy\u00fckek\u015fi ba\u015fkan olduktan sonra mal beyan\u0131 istiyoruz denildi ancak TFF, hakemler i\u00e7in sab\u0131ka kayd\u0131 istemiyor. \u0130sim vermeyece\u011fim. \u00c7ok tart\u0131\u015f\u0131lan bir hakemin cinsel taciz ve memura hakaretten kesinle\u015fmi\u015f cezas\u0131 var, hapis cezas\u0131 para cezas\u0131na \u00e7evrilmi\u015f. \u0130lk kez a\u00e7\u0131kl\u0131yorum. Benzer su\u00e7tan bir hakem hakk\u0131nda da iddia var. Belge olmad\u0131\u011f\u0131 i\u00e7in \u015fu anda iddia ediyorum.\u2019 ifadelerini kulland\u0131.<\/p>\n<p><img loading=\"lazy\" decoding=\"async\" class=\"aligncenter wp-image-34612 size-full\" src=\"https:\/\/adanaseshaber.com.tr\/wp-content\/uploads\/2022\/08\/super-lig-hakemi-cinsel-taciz-sucundan-ceza-aldi-omer-faruk-unal-bombayi-patlatti-1.jpg\" alt=\"\" width=\"1280\" height=\"720\" srcset=\"https:\/\/adanaseshaber.com.tr\/wp-content\/uploads\/2022\/08\/super-lig-hakemi-cinsel-taciz-sucundan-ceza-aldi-omer-faruk-unal-bombayi-patlatti-1.jpg 1280w, https:\/\/adanaseshaber.com.tr\/wp-content\/uploads\/2022\/08\/super-lig-hakemi-cinsel-taciz-sucundan-ceza-aldi-omer-faruk-unal-bombayi-patlatti-1-300x169.jpg 300w, https:\/\/adanaseshaber.com.tr\/wp-content\/uploads\/2022\/08\/super-lig-hakemi-cinsel-taciz-sucundan-ceza-aldi-omer-faruk-unal-bombayi-patlatti-1-1024x576.jpg 1024w, https:\/\/adanaseshaber.com.tr\/wp-content\/uploads\/2022\/08\/super-lig-hakemi-cinsel-taciz-sucundan-ceza-aldi-omer-faruk-unal-bombayi-patlatti-1-768x432.jpg 768w, https:\/\/adanaseshaber.com.tr\/wp-content\/uploads\/2022\/08\/super-lig-hakemi-cinsel-taciz-sucundan-ceza-aldi-omer-faruk-unal-bombayi-patlatti-1-390x220.jpg 390w\" sizes=\"auto, (max-width: 1280px) 100vw, 1280px\" \/><\/p>\n<p><strong>\u2018ZORLU MA\u00c7LARI Y\u00d6NETECEK HAKEMLER\u0130M\u0130Z \u00c7OK AZ\u2019<\/strong><\/p>\n<p>Ge\u00e7ti\u011fimiz sezon hakemler \u00fczerinde ciddi \u015fekilde oynand\u0131\u011f\u0131n\u0131 s\u00f6yleyen \u00dcnal, bu sezon \u00f6ncesinde ise iki \u00f6nemli hakem F\u0131rat Aydunus ile C\u00fcneyt \u00c7ak\u0131r\u2019\u0131n hakemli\u011fi b\u0131rakt\u0131\u011f\u0131n\u0131 hat\u0131rlatarak \u2018Halil Umut Meler de FIFA i\u00e7in atletik testi ge\u00e7emedi. S\u00fcper Lig\u2019de zorlu ma\u00e7lar\u0131 y\u00f6netecek hakemlerimiz \u00e7ok az. F\u0131rat Aydunuz ve C\u00fcneyt \u00c7ak\u0131r\u2019\u0131 arayaca\u011f\u0131z.\u2019 ifadelerine yer verdi.<\/p>\n<p>&nbsp;<\/p>\n","protected":false},"excerpt":{"rendered":"<p>S\u00fcper Lig\u2019de yeni sezon heyecan\u0131 ba\u015flarken hakemlerle ilgili tart\u0131\u015fmalar da ba\u015flad\u0131. Yeni sezonun ikinci hafta ma\u00e7lar\u0131 oynan\u0131rken hakem yorumcusu \u00d6mer Faruk \u00dcnal2dan g\u00fcndeme bomba gibi d\u00fc\u015fen bir iddia geldi. T\u00fcrk futbolunu derinden sarsacak bu iddia spor man\u015fetlerinin en \u00fcst s\u0131ralar\u0131nda yerini ald\u0131. \u00dcnal, TFF\u2019nin hakemler i\u00e7in sab\u0131ka kayd\u0131 istemesi gerekti\u011fini s\u00f6yledi. \u0130sim vermeyece\u011fini belirterek a\u00e7\u0131klamalarda &hellip;<\/p>\n","protected":false},"author":6,"featured_media":34611,"comment_status":"closed","ping_status":"closed","sticky":false,"template":"","format":"standard","meta":{"footnotes":""},"categories":[5],"tags":[],"class_list":["post-34610","post","type-post","status-publish","format-standard","has-post-thumbnail","hentry","category-spor"],"amp_enabled":true,"_links":{"self":[{"href":"https:\/\/adanaseshaber.com.tr\/index.php?rest_route=\/wp\/v2\/posts\/34610","targetHints":{"allow":["GET"]}}],"collection":[{"href":"https:\/\/adanaseshaber.com.tr\/index.php?rest_route=\/wp\/v2\/posts"}],"about":[{"href":"https:\/\/adanaseshaber.com.tr\/index.php?rest_route=\/wp\/v2\/types\/post"}],"author":[{"embeddable":true,"href":"https:\/\/adanaseshaber.com.tr\/index.php?rest_route=\/wp\/v2\/users\/6"}],"replies":[{"embeddable":true,"href":"https:\/\/adanaseshaber.com.tr\/index.php?rest_route=%2Fwp%2Fv2%2Fcomments&post=34610"}],"version-history":[{"count":2,"href":"https:\/\/adanaseshaber.com.tr\/index.php?rest_route=\/wp\/v2\/posts\/34610\/revisions"}],"predecessor-version":[{"id":34614,"href":"https:\/\/adanaseshaber.com.tr\/index.php?rest_route=\/wp\/v2\/posts\/34610\/revisions\/34614"}],"wp:featuredmedia":[{"embeddable":true,"href":"https:\/\/adanaseshaber.com.tr\/index.php?rest_route=\/wp\/v2\/media\/34611"}],"wp:attachment":[{"href":"https:\/\/adanaseshaber.com.tr\/index.php?rest_route=%2Fwp%2Fv2%2Fmedia&parent=34610"}],"wp:term":[{"taxonomy":"category","embeddable":true,"href":"https:\/\/adanaseshaber.com.tr\/index.php?rest_route=%2Fwp%2Fv2%2Fcategories&post=34610"},{"taxonomy":"post_tag","embeddable":true,"href":"https:\/\/adanaseshaber.com.tr\/index.php?rest_route=%2Fwp%2Fv2%2Ftags&post=34610"}],"curies":[{"name":"wp","href":"https:\/\/api.w.org\/{rel}","templated":true}]}}