{"id":34615,"date":"2022-08-15T17:34:07","date_gmt":"2022-08-15T14:34:07","guid":{"rendered":"https:\/\/www.adanaseshaber.com\/?p=34615"},"modified":"2022-08-15T17:34:19","modified_gmt":"2022-08-15T14:34:19","slug":"tercih-yapip-yerlesemeyince-obp-puani-duser-mi-yks-yerlesemeyince-obp-puani-kirilir-mi","status":"publish","type":"post","link":"https:\/\/adanaseshaber.com.tr\/?p=34615","title":{"rendered":"Tercih yap\u0131p yerle\u015femeyince OBP puan\u0131 d\u00fc\u015fer mi? YKS yerle\u015femeyince OBP puan\u0131 k\u0131r\u0131l\u0131r m\u0131?"},"content":{"rendered":"<p>Milyonlarca \u00fcniversite aday\u0131 bug\u00fcn tercih sonucunu \u00f6\u011frendi. G\u00fcnlerdir merakla beklenen \u00fcniversite tercih sonu\u00e7lar\u0131 bug\u00fcn a\u00e7\u0131kland\u0131. \u00d6SYM, bu sabah saatlerinde tercih sonu\u00e7lar\u0131n\u0131 ilan etti. Tercih sonu\u00e7lar\u0131n\u0131n a\u00e7\u0131klanmas\u0131n\u0131n ard\u0131ndan \u00e7ok say\u0131da soruya cevap aranmaya ba\u015fland\u0131. \u00dcniversite kay\u0131t tarihleri, ek yerle\u015ftirme tarihleri ve tercih yapan ancak yerle\u015femeyenlerin ortalama ba\u015far\u0131 puanlar\u0131 ile ilgili \u00e7ok say\u0131da ara\u015ft\u0131rma ba\u015flad\u0131. Tercih yap\u0131p yerle\u015femeyenlerin ortalama ba\u015far\u0131 puanlar\u0131 (OBP) d\u00fc\u015f\u00fcp d\u00fc\u015fmeyece\u011fi ara\u015ft\u0131r\u0131l\u0131yor. Tercih yapan ancak yerle\u015femeyenlerin OBP puan\u0131n\u0131n k\u0131r\u0131l\u0131p k\u0131r\u0131lmayaca\u011f\u0131 ara\u015ft\u0131r\u0131lan konular\u0131n ba\u015f\u0131nda geliyor. Peki, tercih yap\u0131p yerle\u015femeyenlerin OBP puan\u0131 d\u00fc\u015fer mi? YKS yerle\u015femeyince OBP puan\u0131 k\u0131r\u0131l\u0131r m\u0131? \u0130\u015fte detaylar\u2026<\/p>\n<p><strong>TERC\u0130H YAPIP YERLE\u015eEMEY\u0130NCE PUAN D\u00dc\u015eER M\u0130?<\/strong><\/p>\n<p>2022 YKS tercih sonu\u00e7lar\u0131n\u0131n a\u00e7\u0131klanmas\u0131n\u0131n ard\u0131ndan \u00e7ok say\u0131da soruya yan\u0131t aranmaya ba\u015fland\u0131. Bu sorular\u0131n ba\u015f\u0131nda \u2018Tercih yap\u0131p yerle\u015femeyince OBP puan\u0131 d\u00fc\u015fer mi?\u2019 geliyor. S\u00f6z konusu soru ile ilgili \u00d6SYM\u2019nin yay\u0131mlad\u0131\u011f\u0131 \u2018S\u0131k sorulan sorular\u2019 k\u0131lavuzunda yer alan bilgi \u015f\u00f6yle;<\/p>\n<p>&#8211; Ge\u00e7en y\u0131l 2021-YK puan\u0131mla merkezi yerle\u015ftirmede bir y\u00fcksek\u00f6\u011fretim program\u0131na yerle\u015ftirildim ve kay\u0131t yapt\u0131rd\u0131m. Bu y\u0131l s\u0131nava girersem OBP\u2019nin \u00e7arp\u0131laca\u011f\u0131 katsay\u0131larda bir de\u011fi\u015fiklik olacak m\u0131?<\/p>\n<p><strong>&#8211; Evet. 2021-YKS puanlar\u0131yla bir y\u00fcksek\u00f6\u011fretim program\u0131na yerle\u015ftirilen veya \u00f6zel yetenek s\u0131nav\u0131 sonucu kay\u0131t olan adaylar\u0131n orta\u00f6\u011fretim ba\u015far\u0131 puanlar\u0131na ili\u015fkin katsay\u0131lar\u0131 yar\u0131ya d\u00fc\u015f\u00fcr\u00fcl\u00fcr.<\/strong><\/p>\n<p>&#8211; Ge\u00e7en y\u0131l 2021-YKS puan\u0131mla merkezi yerle\u015ftirmede bir y\u00fcksek\u00f6\u011fretim program\u0131na yerle\u015ftim, fakat kay\u0131t yapt\u0131rmad\u0131m. Bu y\u0131l s\u0131nava girsem OBP\u2019nin \u00e7arp\u0131laca\u011f\u0131 katsay\u0131larda bir de\u011fi\u015fiklik olacak m\u0131?<\/p>\n<p><strong>&#8211; Evet. 2021-YKS puanlar\u0131yla bir y\u00fcksek\u00f6\u011fretim program\u0131na yerle\u015ftirilen adaylar\u0131n orta\u00f6\u011fretim ba\u015far\u0131 puanlar\u0131na ili\u015fkin katsay\u0131lar\u0131 yar\u0131ya d\u00fc\u015f\u00fcr\u00fcl\u00fcr.<\/strong><\/p>\n<p><img loading=\"lazy\" decoding=\"async\" class=\"aligncenter wp-image-34617 size-full\" src=\"https:\/\/adanaseshaber.com.tr\/wp-content\/uploads\/2022\/08\/tercih-yapip-yerlesemeyince-obp-puani-duser-mi-yks-yerlesemeyince-obp-puani-kirilir-mi-1.jpg\" alt=\"\" width=\"1280\" height=\"720\" srcset=\"https:\/\/adanaseshaber.com.tr\/wp-content\/uploads\/2022\/08\/tercih-yapip-yerlesemeyince-obp-puani-duser-mi-yks-yerlesemeyince-obp-puani-kirilir-mi-1.jpg 1280w, https:\/\/adanaseshaber.com.tr\/wp-content\/uploads\/2022\/08\/tercih-yapip-yerlesemeyince-obp-puani-duser-mi-yks-yerlesemeyince-obp-puani-kirilir-mi-1-300x169.jpg 300w, https:\/\/adanaseshaber.com.tr\/wp-content\/uploads\/2022\/08\/tercih-yapip-yerlesemeyince-obp-puani-duser-mi-yks-yerlesemeyince-obp-puani-kirilir-mi-1-1024x576.jpg 1024w, https:\/\/adanaseshaber.com.tr\/wp-content\/uploads\/2022\/08\/tercih-yapip-yerlesemeyince-obp-puani-duser-mi-yks-yerlesemeyince-obp-puani-kirilir-mi-1-768x432.jpg 768w, https:\/\/adanaseshaber.com.tr\/wp-content\/uploads\/2022\/08\/tercih-yapip-yerlesemeyince-obp-puani-duser-mi-yks-yerlesemeyince-obp-puani-kirilir-mi-1-390x220.jpg 390w\" sizes=\"auto, (max-width: 1280px) 100vw, 1280px\" \/><\/p>\n<p><strong>OBP PUANI NASIL HESAPLANIR?<\/strong><\/p>\n<p>Tercih sonu\u00e7lar\u0131n\u0131n a\u00e7\u0131klanmas\u0131n\u0131n ard\u0131ndan g\u00fcn\u00fcn en merak edilen sorular\u0131ndan biri de \u2018OBP puan\u0131 nas\u0131l hesaplan\u0131r?\u2019 oldu. Orta\u00f6\u011fretimde 100 \u00fczerinden al\u0131nan diploma notu 5 ile \u00e7arp\u0131l\u0131r ve Orta\u00f6\u011fretim ba\u015far\u0131 puan\u0131na d\u00f6n\u00fc\u015ft\u00fcr\u00fcl\u00fcr. Diploma notu bildirilmeyen adaylar\u0131n diploma notu ile 50\u2019nin alt\u0131nda olan adaylar\u0131n diploma notlar\u0131 ise 50 olarak de\u011ferlendirilmeye al\u0131n\u0131r. Bu durumda 50 olan en d\u00fc\u015f\u00fck diploma notu i\u00e7in OBP 25, 100 olan en y\u00fcksek diploma notu i\u00e7in de OBP 500 olacakt\u0131r. Ortalama ba\u015far\u0131 puan\u0131 (OBP), 0,12 katsay\u0131s\u0131 ile \u00e7arp\u0131larak s\u0131nav puanlar\u0131na eklenip yerle\u015ftirme puanlar\u0131 hesaplanmaktad\u0131r.<\/p>\n","protected":false},"excerpt":{"rendered":"<p>Milyonlarca \u00fcniversite aday\u0131 bug\u00fcn tercih sonucunu \u00f6\u011frendi. G\u00fcnlerdir merakla beklenen \u00fcniversite tercih sonu\u00e7lar\u0131 bug\u00fcn a\u00e7\u0131kland\u0131. \u00d6SYM, bu sabah saatlerinde tercih sonu\u00e7lar\u0131n\u0131 ilan etti. Tercih sonu\u00e7lar\u0131n\u0131n a\u00e7\u0131klanmas\u0131n\u0131n ard\u0131ndan \u00e7ok say\u0131da soruya cevap aranmaya ba\u015fland\u0131. \u00dcniversite kay\u0131t tarihleri, ek yerle\u015ftirme tarihleri ve tercih yapan ancak yerle\u015femeyenlerin ortalama ba\u015far\u0131 puanlar\u0131 ile ilgili \u00e7ok say\u0131da ara\u015ft\u0131rma ba\u015flad\u0131. Tercih yap\u0131p &hellip;<\/p>\n","protected":false},"author":6,"featured_media":34616,"comment_status":"closed","ping_status":"closed","sticky":false,"template":"","format":"standard","meta":{"footnotes":""},"categories":[1],"tags":[],"class_list":["post-34615","post","type-post","status-publish","format-standard","has-post-thumbnail","hentry","category-genel"],"amp_enabled":true,"_links":{"self":[{"href":"https:\/\/adanaseshaber.com.tr\/index.php?rest_route=\/wp\/v2\/posts\/34615","targetHints":{"allow":["GET"]}}],"collection":[{"href":"https:\/\/adanaseshaber.com.tr\/index.php?rest_route=\/wp\/v2\/posts"}],"about":[{"href":"https:\/\/adanaseshaber.com.tr\/index.php?rest_route=\/wp\/v2\/types\/post"}],"author":[{"embeddable":true,"href":"https:\/\/adanaseshaber.com.tr\/index.php?rest_route=\/wp\/v2\/users\/6"}],"replies":[{"embeddable":true,"href":"https:\/\/adanaseshaber.com.tr\/index.php?rest_route=%2Fwp%2Fv2%2Fcomments&post=34615"}],"version-history":[{"count":2,"href":"https:\/\/adanaseshaber.com.tr\/index.php?rest_route=\/wp\/v2\/posts\/34615\/revisions"}],"predecessor-version":[{"id":34619,"href":"https:\/\/adanaseshaber.com.tr\/index.php?rest_route=\/wp\/v2\/posts\/34615\/revisions\/34619"}],"wp:featuredmedia":[{"embeddable":true,"href":"https:\/\/adanaseshaber.com.tr\/index.php?rest_route=\/wp\/v2\/media\/34616"}],"wp:attachment":[{"href":"https:\/\/adanaseshaber.com.tr\/index.php?rest_route=%2Fwp%2Fv2%2Fmedia&parent=34615"}],"wp:term":[{"taxonomy":"category","embeddable":true,"href":"https:\/\/adanaseshaber.com.tr\/index.php?rest_route=%2Fwp%2Fv2%2Fcategories&post=34615"},{"taxonomy":"post_tag","embeddable":true,"href":"https:\/\/adanaseshaber.com.tr\/index.php?rest_route=%2Fwp%2Fv2%2Ftags&post=34615"}],"curies":[{"name":"wp","href":"https:\/\/api.w.org\/{rel}","templated":true}]}}