{"id":34621,"date":"2022-08-15T18:06:31","date_gmt":"2022-08-15T15:06:31","guid":{"rendered":"https:\/\/www.adanaseshaber.com\/?p=34621"},"modified":"2022-08-15T18:06:49","modified_gmt":"2022-08-15T15:06:49","slug":"kyk-burs-basvurulari-ne-zaman-2023-kyk-burs-ve-yurt-basvurulari-basladi-mi","status":"publish","type":"post","link":"https:\/\/adanaseshaber.com.tr\/?p=34621","title":{"rendered":"KYK burs ba\u015fvurular\u0131 ne zaman 2023? KYK burs ve yurt ba\u015fvurular\u0131 ba\u015flad\u0131 m\u0131?"},"content":{"rendered":"<p>Merakla beklenen \u00fcniversite tercih sonu\u00e7lar\u0131n\u0131n a\u00e7\u0131klanmas\u0131n\u0131n ard\u0131ndan \u015fimdi g\u00f6zler KYK yurt ve burs ba\u015fvurular\u0131na \u00e7evrildi. \u00dcniversite tercih sonu\u00e7lar\u0131n\u0131n ard\u0131ndan KYK burs ve yurt ara\u015ft\u0131rmalar\u0131 ba\u015flad\u0131. Farkl\u0131 illerdeki \u00fcniversitelere yerle\u015fen ve \u00f6\u011frenim s\u00fcrecinde devlet yurdunda kalmak isteyen \u00f6\u011frenciler Kredi Yurtlar Kurumu\u2019nun ba\u015fvuru tarihlerini ara\u015ft\u0131rmaya ba\u015flad\u0131. KYK yurt ve burs ba\u015fvurular\u0131 ile ilgili yo\u011fun ara\u015ft\u0131rmalar devam ediyor. YKS 2022 yerle\u015ftirme sonu\u00e7lar\u0131n\u0131n a\u00e7\u0131klanmas\u0131n\u0131n ard\u0131ndan \u015fimdi kay\u0131t maratonu i\u00e7in haz\u0131rl\u0131klar ba\u015flad\u0131. \u00dcniversite kay\u0131tlar\u0131n\u0131n yan\u0131 s\u0131ra KYK burs ve yurt ba\u015fvurular\u0131 ile ilgili s\u00fcrecin detaylar\u0131 da b\u00fcy\u00fck bir merakla ara\u015ft\u0131r\u0131l\u0131yor. Peki, KYK burs ba\u015fvurular\u0131 ba\u015flad\u0131 m\u0131? KYK burs ba\u015fvurular\u0131 ne zaman 2023? KYK yurt ba\u015fvurular\u0131 ba\u015flad\u0131 m\u0131? KYK yurt ba\u015fvurular\u0131 ne zaman 2022-2023? KYK burs ve yurt ba\u015fvurular\u0131 ne zaman, hangi tarihte ba\u015flayacak? \u0130\u015fte detaylar\u2026<\/p>\n<p><strong>KYK YURT BA\u015eVURULARI NE ZAMAN BA\u015eLAYACAK?<\/strong><\/p>\n<p>\u00dcniversite adaylar\u0131n\u0131n b\u00fcy\u00fck bir merak ve heyecanla bekledi\u011fi YKS 2022 tercih sonu\u00e7lar\u0131 bu sabah saatlerinde \u00d6SYM taraf\u0131ndan ilan edildi. Yerle\u015ftirme sonu\u00e7lar\u0131n\u0131n a\u00e7\u0131klanmas\u0131n\u0131n ard\u0131ndan g\u00f6zler kay\u0131t i\u015flemlerine ve KYK yurt ve burs ba\u015fvurular\u0131na \u00e7evrildi. Farkl\u0131 illerdeki \u00fcniversitelere yerle\u015fenler yurt ara\u015ft\u0131rmalar\u0131n\u0131 s\u00fcrd\u00fcr\u00fcrken \u00f6\u011frenim s\u00fcreleri boyunca devlet yurdunda kalmak isteyenler Kredi Yurtlar Kurumu\u2019nun ba\u015fvuru tarihlerini ara\u015ft\u0131rmaya ba\u015flad\u0131. \u00dcniversite \u00f6\u011frencilerinin KYK ve burs ba\u015fvuru tarihleri Gen\u00e7lik ve Spor Bakanl\u0131\u011f\u0131 taraf\u0131ndan duyurulacak.<\/p>\n<p><img loading=\"lazy\" decoding=\"async\" class=\"aligncenter wp-image-34623 size-full\" src=\"https:\/\/adanaseshaber.com.tr\/wp-content\/uploads\/2022\/08\/kyk-burs-basvurulari-ne-zaman-2023-kyk-burs-ve-yurt-basvurulari-basladi-mi-1.jpg\" alt=\"\" width=\"1280\" height=\"720\" srcset=\"https:\/\/adanaseshaber.com.tr\/wp-content\/uploads\/2022\/08\/kyk-burs-basvurulari-ne-zaman-2023-kyk-burs-ve-yurt-basvurulari-basladi-mi-1.jpg 1280w, https:\/\/adanaseshaber.com.tr\/wp-content\/uploads\/2022\/08\/kyk-burs-basvurulari-ne-zaman-2023-kyk-burs-ve-yurt-basvurulari-basladi-mi-1-300x169.jpg 300w, https:\/\/adanaseshaber.com.tr\/wp-content\/uploads\/2022\/08\/kyk-burs-basvurulari-ne-zaman-2023-kyk-burs-ve-yurt-basvurulari-basladi-mi-1-1024x576.jpg 1024w, https:\/\/adanaseshaber.com.tr\/wp-content\/uploads\/2022\/08\/kyk-burs-basvurulari-ne-zaman-2023-kyk-burs-ve-yurt-basvurulari-basladi-mi-1-768x432.jpg 768w, https:\/\/adanaseshaber.com.tr\/wp-content\/uploads\/2022\/08\/kyk-burs-basvurulari-ne-zaman-2023-kyk-burs-ve-yurt-basvurulari-basladi-mi-1-390x220.jpg 390w\" sizes=\"auto, (max-width: 1280px) 100vw, 1280px\" \/><\/p>\n<p><strong>KYK KRED\u0130 VE BURS BA\u015eVURULARI NE ZAMAN BA\u015eLAYACAK?<\/strong><\/p>\n<p>2022 YKS tercih sonu\u00e7lar\u0131n\u0131n a\u00e7\u0131klanmas\u0131n\u0131n ard\u0131ndan en merak edilen konular\u0131n ba\u015f\u0131nda KYK burs ba\u015fvurular\u0131 gelmeye ba\u015flad\u0131. 2022-2023 e\u011fitim \u00f6\u011fretim d\u00f6nemi i\u00e7in KYK kredi ve burs ba\u015fvurular\u0131n\u0131n geride b\u0131rakt\u0131\u011f\u0131m\u0131z y\u0131llarda oldu\u011fu gibi 2022 YK yerle\u015ftirme i\u015flemlerinin tamamlanmas\u0131 ve yerle\u015ftirme sonu\u00e7lar\u0131n\u0131n eri\u015fime a\u00e7\u0131lmas\u0131n\u0131n ard\u0131ndan Eyl\u00fcl ay\u0131nda yap\u0131lmas\u0131 bekleniyor. Hen\u00fcz konuyla ilgili resmi bir a\u00e7\u0131klama gelmedi.<\/p>\n","protected":false},"excerpt":{"rendered":"<p>Merakla beklenen \u00fcniversite tercih sonu\u00e7lar\u0131n\u0131n a\u00e7\u0131klanmas\u0131n\u0131n ard\u0131ndan \u015fimdi g\u00f6zler KYK yurt ve burs ba\u015fvurular\u0131na \u00e7evrildi. \u00dcniversite tercih sonu\u00e7lar\u0131n\u0131n ard\u0131ndan KYK burs ve yurt ara\u015ft\u0131rmalar\u0131 ba\u015flad\u0131. Farkl\u0131 illerdeki \u00fcniversitelere yerle\u015fen ve \u00f6\u011frenim s\u00fcrecinde devlet yurdunda kalmak isteyen \u00f6\u011frenciler Kredi Yurtlar Kurumu\u2019nun ba\u015fvuru tarihlerini ara\u015ft\u0131rmaya ba\u015flad\u0131. KYK yurt ve burs ba\u015fvurular\u0131 ile ilgili yo\u011fun ara\u015ft\u0131rmalar devam ediyor. &hellip;<\/p>\n","protected":false},"author":6,"featured_media":34622,"comment_status":"closed","ping_status":"closed","sticky":false,"template":"","format":"standard","meta":{"footnotes":""},"categories":[1],"tags":[],"class_list":["post-34621","post","type-post","status-publish","format-standard","has-post-thumbnail","hentry","category-genel"],"amp_enabled":true,"_links":{"self":[{"href":"https:\/\/adanaseshaber.com.tr\/index.php?rest_route=\/wp\/v2\/posts\/34621","targetHints":{"allow":["GET"]}}],"collection":[{"href":"https:\/\/adanaseshaber.com.tr\/index.php?rest_route=\/wp\/v2\/posts"}],"about":[{"href":"https:\/\/adanaseshaber.com.tr\/index.php?rest_route=\/wp\/v2\/types\/post"}],"author":[{"embeddable":true,"href":"https:\/\/adanaseshaber.com.tr\/index.php?rest_route=\/wp\/v2\/users\/6"}],"replies":[{"embeddable":true,"href":"https:\/\/adanaseshaber.com.tr\/index.php?rest_route=%2Fwp%2Fv2%2Fcomments&post=34621"}],"version-history":[{"count":2,"href":"https:\/\/adanaseshaber.com.tr\/index.php?rest_route=\/wp\/v2\/posts\/34621\/revisions"}],"predecessor-version":[{"id":34625,"href":"https:\/\/adanaseshaber.com.tr\/index.php?rest_route=\/wp\/v2\/posts\/34621\/revisions\/34625"}],"wp:featuredmedia":[{"embeddable":true,"href":"https:\/\/adanaseshaber.com.tr\/index.php?rest_route=\/wp\/v2\/media\/34622"}],"wp:attachment":[{"href":"https:\/\/adanaseshaber.com.tr\/index.php?rest_route=%2Fwp%2Fv2%2Fmedia&parent=34621"}],"wp:term":[{"taxonomy":"category","embeddable":true,"href":"https:\/\/adanaseshaber.com.tr\/index.php?rest_route=%2Fwp%2Fv2%2Fcategories&post=34621"},{"taxonomy":"post_tag","embeddable":true,"href":"https:\/\/adanaseshaber.com.tr\/index.php?rest_route=%2Fwp%2Fv2%2Ftags&post=34621"}],"curies":[{"name":"wp","href":"https:\/\/api.w.org\/{rel}","templated":true}]}}