{"id":34626,"date":"2022-08-15T18:16:33","date_gmt":"2022-08-15T15:16:33","guid":{"rendered":"https:\/\/www.adanaseshaber.com\/?p=34626"},"modified":"2022-08-15T18:51:23","modified_gmt":"2022-08-15T15:51:23","slug":"ankarada-firtina-nedeniyle-adliyenin-tavani-coktu","status":"publish","type":"post","link":"https:\/\/adanaseshaber.com.tr\/?p=34626","title":{"rendered":"Ankara\u2019da f\u0131rt\u0131na nedeniyle Adliye\u2019nin tavan\u0131 \u00e7\u00f6kt\u00fc"},"content":{"rendered":"<p>Ankara&#8217;da sa\u011fanak ya\u011f\u0131\u015f ve f\u0131rt\u0131na etkili oluyor. Meteoroloji Genel M\u00fcd\u00fcrl\u00fc\u011f\u00fc\u2019nden gelen pe\u015f pe\u015fe uyar\u0131lar\u0131n ard\u0131ndan Ankara\u2019da sa\u011fanak ya\u011f\u0131\u015f etkisini g\u00f6stermeye ba\u015flad\u0131. Kentte etkili olan sa\u011fanak ve f\u0131rt\u0131na sebebiyle a\u011fa\u00e7lar devrildi, \u00e7at\u0131lar u\u00e7tu, yollar g\u00f6le d\u00f6nd\u00fc. Meydana gelen f\u0131rt\u0131na nedeniyle Ankara Adliyesi\u2019nin tavan\u0131 \u00e7\u00f6kt\u00fc. Ba\u015fkent\u2019te sa\u011fanak ve f\u0131rt\u0131na etkili oluyor. K\u0131sa s\u00fcre i\u00e7inde etkili olan sa\u011fanak ve f\u0131rt\u0131nan\u0131n ard\u0131ndan \u00e7at\u0131lar u\u00e7tu, a\u011fa\u00e7lar devrildi, yollar g\u00f6le d\u00f6nd\u00fc. \u00c7ankaya il\u00e7esi ba\u015fta olmak \u00fczere kent merkezinde \u00e7ok say\u0131da yerde su bask\u0131nlar\u0131 meydana gelirken f\u0131rt\u0131na sebebiyle Ankara Adliyesi\u2019nin tavan\u0131 \u00e7\u00f6kt\u00fc.<\/p>\n<p><strong>ADL\u0130YE&#8217;N\u0130N TAVANI \u00c7\u00d6KT\u00dc<\/strong><\/p>\n<p>Bu sabah saatlerinde \u0130stanbul&#8217;da etkili olan sa\u011fanak ya\u011f\u0131\u015f\u0131n ard\u0131ndan Ba\u015fkent Ankara&#8217;da da kuvvetli ya\u011f\u0131\u015f etkisini g\u00f6stermeye ba\u015flad\u0131. Ankara&#8217;da meydana gelen sa\u011fanak ve f\u0131rt\u0131na sebebiyle a\u011fa\u00e7lar devrildi, \u00e7at\u0131lar u\u00e7tu, yollar g\u00f6le d\u00f6nd\u00fc. Meydana gelen f\u0131rt\u0131na sebebiyle Ankara Adliyesi&#8217;nin tavan\u0131 \u00e7\u00f6kt\u00fc. Ankara Adalet Saray\u0131&#8217;nda C Blok zemin katta yer alan \u00c7ocuk Su\u00e7lar\u0131 Soru\u015fturma B\u00fcrosu&#8217;nun tavan\u0131 \u00e7\u00f6kt\u00fc. Ya\u015fanan yo\u011fun f\u0131rt\u0131na sebebiyle tavanda \u00e7\u00f6kme meydana gelirken adliye personellerinin g\u00fcvenlik \u00f6nlemleri sebebiyle odaya giri\u015f ve \u00e7\u0131k\u0131\u015flar\u0131n\u0131n ge\u00e7ici bir s\u00fcreli\u011fine kapat\u0131ld\u0131\u011f\u0131 bilgisine ula\u015f\u0131ld\u0131.<\/p>\n<p><img loading=\"lazy\" decoding=\"async\" class=\"aligncenter wp-image-34632 size-full\" src=\"https:\/\/adanaseshaber.com.tr\/wp-content\/uploads\/2022\/08\/ankarada-firtina-nedeniyle-adliyenin-tavani-coktu-1.jpg\" alt=\"\" width=\"1280\" height=\"720\" srcset=\"https:\/\/adanaseshaber.com.tr\/wp-content\/uploads\/2022\/08\/ankarada-firtina-nedeniyle-adliyenin-tavani-coktu-1.jpg 1280w, https:\/\/adanaseshaber.com.tr\/wp-content\/uploads\/2022\/08\/ankarada-firtina-nedeniyle-adliyenin-tavani-coktu-1-300x169.jpg 300w, https:\/\/adanaseshaber.com.tr\/wp-content\/uploads\/2022\/08\/ankarada-firtina-nedeniyle-adliyenin-tavani-coktu-1-1024x576.jpg 1024w, https:\/\/adanaseshaber.com.tr\/wp-content\/uploads\/2022\/08\/ankarada-firtina-nedeniyle-adliyenin-tavani-coktu-1-768x432.jpg 768w, https:\/\/adanaseshaber.com.tr\/wp-content\/uploads\/2022\/08\/ankarada-firtina-nedeniyle-adliyenin-tavani-coktu-1-390x220.jpg 390w\" sizes=\"auto, (max-width: 1280px) 100vw, 1280px\" \/><\/p>\n<p><strong>\u0130STANBUL&#8217;DA DA ADL\u0130YE&#8217;N\u0130N TAVANI \u00c7\u00d6KM\u00dc\u015eT\u00dc<\/strong><\/p>\n<p>\u00d6te yandan ge\u00e7ti\u011fimiz haftalarda da \u0130stanbul&#8217;da benzer bir durum ya\u015fanm\u0131\u015ft\u0131. \u0130stanbul Karta&#8217;da bulunan Anadolu Adliyesi&#8217;nde sulh ceza mahkemelerinin bulundu\u011fu B Blok 1. katta asma tavanda \u00e7\u00f6kme meydana gelmi\u015fti.<\/p>\n<p><strong>YOLLAR G\u00d6LE D\u00d6ND\u00dc<\/strong><\/p>\n<p>Ankara&#8217;da meydana gelen sa\u011fanak ya\u011f\u0131\u015f ve f\u0131rt\u0131na sebebiyle a\u011fa\u00e7lar devrildi, yollar g\u00f6le d\u00f6nd\u00fc. Yakla\u015f\u0131k 20 dakika s\u00fcren f\u0131rt\u0131na ve sa\u011fanak ya\u011f\u0131\u015f\u0131n ard\u0131ndan K\u0131z\u0131lay semtinde a\u011fa\u00e7lar\u0131n devrildi\u011fi g\u00f6r\u00fcld\u00fc.<\/p>\n","protected":false},"excerpt":{"rendered":"<p>Ankara&#8217;da sa\u011fanak ya\u011f\u0131\u015f ve f\u0131rt\u0131na etkili oluyor. Meteoroloji Genel M\u00fcd\u00fcrl\u00fc\u011f\u00fc\u2019nden gelen pe\u015f pe\u015fe uyar\u0131lar\u0131n ard\u0131ndan Ankara\u2019da sa\u011fanak ya\u011f\u0131\u015f etkisini g\u00f6stermeye ba\u015flad\u0131. Kentte etkili olan sa\u011fanak ve f\u0131rt\u0131na sebebiyle a\u011fa\u00e7lar devrildi, \u00e7at\u0131lar u\u00e7tu, yollar g\u00f6le d\u00f6nd\u00fc. Meydana gelen f\u0131rt\u0131na nedeniyle Ankara Adliyesi\u2019nin tavan\u0131 \u00e7\u00f6kt\u00fc. Ba\u015fkent\u2019te sa\u011fanak ve f\u0131rt\u0131na etkili oluyor. K\u0131sa s\u00fcre i\u00e7inde etkili olan sa\u011fanak &hellip;<\/p>\n","protected":false},"author":6,"featured_media":34627,"comment_status":"closed","ping_status":"closed","sticky":false,"template":"","format":"standard","meta":{"footnotes":""},"categories":[1],"tags":[],"class_list":["post-34626","post","type-post","status-publish","format-standard","has-post-thumbnail","hentry","category-genel"],"amp_enabled":true,"_links":{"self":[{"href":"https:\/\/adanaseshaber.com.tr\/index.php?rest_route=\/wp\/v2\/posts\/34626","targetHints":{"allow":["GET"]}}],"collection":[{"href":"https:\/\/adanaseshaber.com.tr\/index.php?rest_route=\/wp\/v2\/posts"}],"about":[{"href":"https:\/\/adanaseshaber.com.tr\/index.php?rest_route=\/wp\/v2\/types\/post"}],"author":[{"embeddable":true,"href":"https:\/\/adanaseshaber.com.tr\/index.php?rest_route=\/wp\/v2\/users\/6"}],"replies":[{"embeddable":true,"href":"https:\/\/adanaseshaber.com.tr\/index.php?rest_route=%2Fwp%2Fv2%2Fcomments&post=34626"}],"version-history":[{"count":5,"href":"https:\/\/adanaseshaber.com.tr\/index.php?rest_route=\/wp\/v2\/posts\/34626\/revisions"}],"predecessor-version":[{"id":34633,"href":"https:\/\/adanaseshaber.com.tr\/index.php?rest_route=\/wp\/v2\/posts\/34626\/revisions\/34633"}],"wp:featuredmedia":[{"embeddable":true,"href":"https:\/\/adanaseshaber.com.tr\/index.php?rest_route=\/wp\/v2\/media\/34627"}],"wp:attachment":[{"href":"https:\/\/adanaseshaber.com.tr\/index.php?rest_route=%2Fwp%2Fv2%2Fmedia&parent=34626"}],"wp:term":[{"taxonomy":"category","embeddable":true,"href":"https:\/\/adanaseshaber.com.tr\/index.php?rest_route=%2Fwp%2Fv2%2Fcategories&post=34626"},{"taxonomy":"post_tag","embeddable":true,"href":"https:\/\/adanaseshaber.com.tr\/index.php?rest_route=%2Fwp%2Fv2%2Ftags&post=34626"}],"curies":[{"name":"wp","href":"https:\/\/api.w.org\/{rel}","templated":true}]}}