{"id":34634,"date":"2022-08-15T23:46:24","date_gmt":"2022-08-15T20:46:24","guid":{"rendered":"https:\/\/www.adanaseshaber.com\/?p=34634"},"modified":"2022-08-15T23:46:13","modified_gmt":"2022-08-15T20:46:13","slug":"temizlik-iscisi-hamit-karakaya-kirac-konserinde-kurtlarini-doktu","status":"publish","type":"post","link":"https:\/\/adanaseshaber.com.tr\/?p=34634","title":{"rendered":"Temizlik i\u015f\u00e7isi Hamit Karakaya K\u0131ra\u00e7 konserinde kurtlar\u0131n\u0131 d\u00f6kt\u00fc"},"content":{"rendered":"<p>Dans ederek \u00e7al\u0131\u015fan ve sosyal medyan\u0131n g\u00fcndemine oturan temizlik i\u015f\u00e7isi Hamit Karakaya, K\u0131ra\u00e7 konserinde sahneye \u00e7\u0131karak bir g\u00fczel kurtlar\u0131n\u0131 d\u00f6kt\u00fc. Aksaray Belediyesi\u2019nde g\u00f6revli olan temizlik i\u015f\u00e7isi Hamit Karakaya, \u00fcnl\u00fc \u015fark\u0131c\u0131 K\u0131ra\u00e7\u2019\u0131n konserinde sahnedeki dans\u0131yla dinleyicileri g\u00fcl\u00fcmsetti. Karakaya\u2019n\u0131n sahnedeki dans performans\u0131 sosyal medyan\u0131n g\u00fcndemine oturdu. Son g\u00fcnlerde sosyal medyada videolar\u0131 payla\u015f\u0131m rekorlar\u0131 k\u0131ran Aksaray Belediyesi\u2019nde g\u00f6revli olan temizlik i\u015f\u00e7isi Hamit Karakaya, \u00fcnl\u00fc \u015fark\u0131c\u0131 K\u0131ra\u00e7\u2019\u0131n konserinde sahneye \u00e7\u0131karak muhte\u015fem dans performans\u0131n\u0131 sergiledi. Hamit Karakaya\u2019n\u0131n sahnedeki dans\u0131 dinleyicileri g\u00fcl\u00fcmsetirken sosyal medyan\u0131n da g\u00fcndemine yerle\u015fti.<\/p>\n<p><strong>DANSIYLA G\u00dcNDEM OLMU\u015eTU<\/strong><\/p>\n<p>Aksaray Belediyesi\u2019nde g\u00f6revli olan temizlik i\u015f\u00e7isi Hamit Karakaya, \u00e7al\u0131\u015ft\u0131\u011f\u0131 esnada denk geldi\u011fi bir d\u00fc\u011f\u00fcndeki dans performans\u0131yla g\u00fcndem olmu\u015f ve sosyal medyay\u0131 sallam\u0131\u015ft\u0131. Hem i\u015fini yapan hem de dans\u0131n\u0131 eden Hamit Karakaya, i\u015fi esnas\u0131nda kulakl\u0131kla m\u00fczik dinleyerek dans ediyor. Hamit Karakaya\u2019n\u0131n bu enerjisi g\u00fcndem olurken son olarak \u00fcnl\u00fc \u015fark\u0131c\u0131 K\u0131ra\u00e7, g\u00fcnlerdir konu\u015fulan Karakaya\u2019y\u0131 sahnesine davet ederek enerji dolu dans\u0131n\u0131 bir kez daha izletti.<\/p>\n<p><img loading=\"lazy\" decoding=\"async\" class=\"aligncenter wp-image-34636 size-full\" src=\"https:\/\/adanaseshaber.com.tr\/wp-content\/uploads\/2022\/08\/temizlik-iscisi-hamit-karakaya-kirac-konserinde-kurtlarini-doktu-1.jpg\" alt=\"\" width=\"1280\" height=\"720\" srcset=\"https:\/\/adanaseshaber.com.tr\/wp-content\/uploads\/2022\/08\/temizlik-iscisi-hamit-karakaya-kirac-konserinde-kurtlarini-doktu-1.jpg 1280w, https:\/\/adanaseshaber.com.tr\/wp-content\/uploads\/2022\/08\/temizlik-iscisi-hamit-karakaya-kirac-konserinde-kurtlarini-doktu-1-300x169.jpg 300w, https:\/\/adanaseshaber.com.tr\/wp-content\/uploads\/2022\/08\/temizlik-iscisi-hamit-karakaya-kirac-konserinde-kurtlarini-doktu-1-1024x576.jpg 1024w, https:\/\/adanaseshaber.com.tr\/wp-content\/uploads\/2022\/08\/temizlik-iscisi-hamit-karakaya-kirac-konserinde-kurtlarini-doktu-1-768x432.jpg 768w, https:\/\/adanaseshaber.com.tr\/wp-content\/uploads\/2022\/08\/temizlik-iscisi-hamit-karakaya-kirac-konserinde-kurtlarini-doktu-1-390x220.jpg 390w\" sizes=\"auto, (max-width: 1280px) 100vw, 1280px\" \/><\/p>\n<p><strong>KIRA\u00c7\u2019IN SAHNES\u0130NDE DANS ETT\u0130<\/strong><\/p>\n<p>Aksaray\u2019da temizlik i\u015f\u00e7isi Hamit Karakaya\u2019n\u0131n \u00e7al\u0131\u015ft\u0131\u011f\u0131 esnada kulakla m\u00fczik dinleyerek dans etti\u011fi pozitif anlar sosyal medyada g\u00fcndem olmu\u015f ve \u00e7ok konu\u015fulmu\u015ftu. Denk geldi\u011fi bir d\u00fc\u011f\u00fcndeki dans performans\u0131yla sosyal medyan\u0131n g\u00fcndemine yerle\u015fen Karakaya\u2019n\u0131n videolar\u0131 payla\u015f\u0131m rekorlar\u0131 k\u0131rm\u0131\u015ft\u0131. Etraf\u0131na pozitif enerji sa\u00e7an ve i\u015fini severek yapt\u0131\u011f\u0131n\u0131, dans etmeyi de \u00e7ok sevdi\u011fini s\u00f6yleyen Karakaya, \u00fcnl\u00fc \u015fark\u0131c\u0131 K\u0131ra\u00e7\u2019\u0131n sahnesine konuk oldu. Hamit Karakaya\u2019y\u0131 sahnesine davet eden K\u0131ra\u00e7, o anlar\u0131 sosyal medya hesab\u0131ndan payla\u015ft\u0131 ve \u2018Son g\u00fcnlerde hepimizin y\u00fcz\u00fcnde tebess\u00fcm ettiren Hamit Karakaya karde\u015fim bizlerleydi\u2019 notunu ekledi. Hamit Karakaya, sahnedeki pozitif enerjisi ve muhte\u015fem dans\u0131yla dinleyicilerin y\u00fcz\u00fcn\u00fc g\u00fcl\u00fcmsetti.<\/p>\n","protected":false},"excerpt":{"rendered":"<p>Dans ederek \u00e7al\u0131\u015fan ve sosyal medyan\u0131n g\u00fcndemine oturan temizlik i\u015f\u00e7isi Hamit Karakaya, K\u0131ra\u00e7 konserinde sahneye \u00e7\u0131karak bir g\u00fczel kurtlar\u0131n\u0131 d\u00f6kt\u00fc. Aksaray Belediyesi\u2019nde g\u00f6revli olan temizlik i\u015f\u00e7isi Hamit Karakaya, \u00fcnl\u00fc \u015fark\u0131c\u0131 K\u0131ra\u00e7\u2019\u0131n konserinde sahnedeki dans\u0131yla dinleyicileri g\u00fcl\u00fcmsetti. Karakaya\u2019n\u0131n sahnedeki dans performans\u0131 sosyal medyan\u0131n g\u00fcndemine oturdu. Son g\u00fcnlerde sosyal medyada videolar\u0131 payla\u015f\u0131m rekorlar\u0131 k\u0131ran Aksaray Belediyesi\u2019nde g\u00f6revli &hellip;<\/p>\n","protected":false},"author":6,"featured_media":34635,"comment_status":"closed","ping_status":"closed","sticky":false,"template":"","format":"standard","meta":{"footnotes":""},"categories":[15431],"tags":[],"class_list":["post-34634","post","type-post","status-publish","format-standard","has-post-thumbnail","hentry","category-medya"],"amp_enabled":true,"_links":{"self":[{"href":"https:\/\/adanaseshaber.com.tr\/index.php?rest_route=\/wp\/v2\/posts\/34634","targetHints":{"allow":["GET"]}}],"collection":[{"href":"https:\/\/adanaseshaber.com.tr\/index.php?rest_route=\/wp\/v2\/posts"}],"about":[{"href":"https:\/\/adanaseshaber.com.tr\/index.php?rest_route=\/wp\/v2\/types\/post"}],"author":[{"embeddable":true,"href":"https:\/\/adanaseshaber.com.tr\/index.php?rest_route=\/wp\/v2\/users\/6"}],"replies":[{"embeddable":true,"href":"https:\/\/adanaseshaber.com.tr\/index.php?rest_route=%2Fwp%2Fv2%2Fcomments&post=34634"}],"version-history":[{"count":2,"href":"https:\/\/adanaseshaber.com.tr\/index.php?rest_route=\/wp\/v2\/posts\/34634\/revisions"}],"predecessor-version":[{"id":34638,"href":"https:\/\/adanaseshaber.com.tr\/index.php?rest_route=\/wp\/v2\/posts\/34634\/revisions\/34638"}],"wp:featuredmedia":[{"embeddable":true,"href":"https:\/\/adanaseshaber.com.tr\/index.php?rest_route=\/wp\/v2\/media\/34635"}],"wp:attachment":[{"href":"https:\/\/adanaseshaber.com.tr\/index.php?rest_route=%2Fwp%2Fv2%2Fmedia&parent=34634"}],"wp:term":[{"taxonomy":"category","embeddable":true,"href":"https:\/\/adanaseshaber.com.tr\/index.php?rest_route=%2Fwp%2Fv2%2Fcategories&post=34634"},{"taxonomy":"post_tag","embeddable":true,"href":"https:\/\/adanaseshaber.com.tr\/index.php?rest_route=%2Fwp%2Fv2%2Ftags&post=34634"}],"curies":[{"name":"wp","href":"https:\/\/api.w.org\/{rel}","templated":true}]}}