{"id":34639,"date":"2022-08-16T00:35:58","date_gmt":"2022-08-15T21:35:58","guid":{"rendered":"https:\/\/www.adanaseshaber.com\/?p=34639"},"modified":"2022-08-16T00:35:13","modified_gmt":"2022-08-15T21:35:13","slug":"asli-bekiroglu-ile-mustafa-kotan-sakalasirken-cam-sebil-kirildi","status":"publish","type":"post","link":"https:\/\/adanaseshaber.com.tr\/?p=34639","title":{"rendered":"Asl\u0131 Bekiro\u011flu ile Mustafa Kotan \u015fakala\u015f\u0131rken cam sebil k\u0131r\u0131ld\u0131"},"content":{"rendered":"<p>\u00dcnl\u00fc oyuncu Asl\u0131 Bekiro\u011flu ile y\u00f6netmen Mustafa Kotan aras\u0131ndaki bir \u015faka s\u0131ras\u0131nda cam sebilin k\u0131r\u0131lmas\u0131 cep telefonu kameras\u0131na yans\u0131d\u0131. Y\u00f6netmen Mustafa Kotan, cam sebilin i\u00e7indeki i\u00e7ece\u011fi oyuncu Asl\u0131 Bekiro\u011flu\u2019na i\u00e7irirken bir anda cam sebilin k\u0131r\u0131ld\u0131\u011f\u0131 g\u00f6r\u00fcl\u00fcyor. Orada bulunan ba\u015fka biri taraf\u0131ndan bu anlar cep telefonu kameras\u0131na kaydedilirken talihsiz kaza an\u0131 da kameraya yans\u0131d\u0131. Son d\u00f6nemde yapt\u0131\u011f\u0131 a\u00e7\u0131klamalarla s\u0131k s\u0131k magazin g\u00fcndeminde yer alan \u00fcnl\u00fc oyuncu Asl\u0131 Bekiro\u011flu, y\u00f6netmen Mustafa Kotan ile \u015fakala\u015ft\u0131\u011f\u0131 s\u0131rada cam sebil k\u0131r\u0131ld\u0131. \u00dcnl\u00fc oyuncu ve y\u00f6netmen aras\u0131ndaki \u015faka ilk andan itibaren yanlar\u0131nda bulunan bir ki\u015fi taraf\u0131ndan cep telefonu kameras\u0131na kaydedilirken cam sebilin k\u0131r\u0131lma an\u0131 da saniye saniye kameraya yans\u0131d\u0131.<\/p>\n<p><strong>\u015eAKA ESNASINDA CAM SEB\u0130L KIRILDI<\/strong><\/p>\n<p>\u00dcnl\u00fc oyuncu Asl\u0131 Bekiro\u011flu, son d\u00f6nemde yapt\u0131\u011f\u0131 \u00e7\u0131k\u0131\u015flarla s\u0131k s\u0131k magazin man\u015fetlerinde yer al\u0131rken bu kez bir \u015faka an\u0131nda ya\u015fanan kazayla g\u00fcndem oldu. Y\u00f6netmen Mustafa Kotan ile Asl\u0131 Bekiro\u011flu aras\u0131ndaki \u015fakala\u015fma an\u0131nda cam sebil k\u0131r\u0131ld\u0131. Y\u00f6netmen Mustafa Kotan\u2019\u0131n cam sebil i\u00e7indeki i\u00e7ece\u011fi Asl\u0131 Bekiro\u011flu\u2019na i\u00e7irdi\u011fi anlarda cam sebil bir anda k\u0131r\u0131ld\u0131. Bu anlarda y\u00f6netmen Kotan ve Bekiro\u011flu\u2019nun b\u00fcy\u00fck \u015fa\u015fk\u0131nl\u0131k ya\u015fad\u0131\u011f\u0131 ve panikledi\u011fi g\u00f6r\u00fcld\u00fc.<\/p>\n<p><img loading=\"lazy\" decoding=\"async\" class=\"aligncenter wp-image-34641 size-full\" src=\"https:\/\/adanaseshaber.com.tr\/wp-content\/uploads\/2022\/08\/asli-bekiroglu-ile-mustafa-kotan-sakalasirken-cam-sebil-kirildi-1.jpg\" alt=\"\" width=\"1280\" height=\"720\" srcset=\"https:\/\/adanaseshaber.com.tr\/wp-content\/uploads\/2022\/08\/asli-bekiroglu-ile-mustafa-kotan-sakalasirken-cam-sebil-kirildi-1.jpg 1280w, https:\/\/adanaseshaber.com.tr\/wp-content\/uploads\/2022\/08\/asli-bekiroglu-ile-mustafa-kotan-sakalasirken-cam-sebil-kirildi-1-300x169.jpg 300w, https:\/\/adanaseshaber.com.tr\/wp-content\/uploads\/2022\/08\/asli-bekiroglu-ile-mustafa-kotan-sakalasirken-cam-sebil-kirildi-1-1024x576.jpg 1024w, https:\/\/adanaseshaber.com.tr\/wp-content\/uploads\/2022\/08\/asli-bekiroglu-ile-mustafa-kotan-sakalasirken-cam-sebil-kirildi-1-768x432.jpg 768w, https:\/\/adanaseshaber.com.tr\/wp-content\/uploads\/2022\/08\/asli-bekiroglu-ile-mustafa-kotan-sakalasirken-cam-sebil-kirildi-1-390x220.jpg 390w\" sizes=\"auto, (max-width: 1280px) 100vw, 1280px\" \/><\/p>\n<p><img loading=\"lazy\" decoding=\"async\" class=\"aligncenter wp-image-34642 size-full\" src=\"https:\/\/adanaseshaber.com.tr\/wp-content\/uploads\/2022\/08\/asli-bekiroglu-ile-mustafa-kotan-sakalasirken-cam-sebil-kirildi-2.jpg\" alt=\"\" width=\"1280\" height=\"720\" srcset=\"https:\/\/adanaseshaber.com.tr\/wp-content\/uploads\/2022\/08\/asli-bekiroglu-ile-mustafa-kotan-sakalasirken-cam-sebil-kirildi-2.jpg 1280w, https:\/\/adanaseshaber.com.tr\/wp-content\/uploads\/2022\/08\/asli-bekiroglu-ile-mustafa-kotan-sakalasirken-cam-sebil-kirildi-2-300x169.jpg 300w, https:\/\/adanaseshaber.com.tr\/wp-content\/uploads\/2022\/08\/asli-bekiroglu-ile-mustafa-kotan-sakalasirken-cam-sebil-kirildi-2-1024x576.jpg 1024w, https:\/\/adanaseshaber.com.tr\/wp-content\/uploads\/2022\/08\/asli-bekiroglu-ile-mustafa-kotan-sakalasirken-cam-sebil-kirildi-2-768x432.jpg 768w, https:\/\/adanaseshaber.com.tr\/wp-content\/uploads\/2022\/08\/asli-bekiroglu-ile-mustafa-kotan-sakalasirken-cam-sebil-kirildi-2-390x220.jpg 390w\" sizes=\"auto, (max-width: 1280px) 100vw, 1280px\" \/><\/p>\n<p><strong>CEP TELEFONU KAMERASINA YANSIDI<\/strong><\/p>\n<p>Y\u00f6netmen Mustafa Kotan ve oyuncu Asl\u0131 Bekiro\u011flu aras\u0131ndaki \u015fakala\u015fma s\u0131ras\u0131nda cam sebilin aniden patlamas\u0131 k\u0131sa s\u00fcreli panik yaratt\u0131. Bu anlar orada bulunan a\u015fka bir ki\u015fi taraf\u0131ndan saniye saniye cep telefonu kameras\u0131 ile kaydedildi. Cam sebilin k\u0131r\u0131lma an\u0131 da cep telefonu kameras\u0131na yans\u0131d\u0131.<\/p>\n","protected":false},"excerpt":{"rendered":"<p>\u00dcnl\u00fc oyuncu Asl\u0131 Bekiro\u011flu ile y\u00f6netmen Mustafa Kotan aras\u0131ndaki bir \u015faka s\u0131ras\u0131nda cam sebilin k\u0131r\u0131lmas\u0131 cep telefonu kameras\u0131na yans\u0131d\u0131. Y\u00f6netmen Mustafa Kotan, cam sebilin i\u00e7indeki i\u00e7ece\u011fi oyuncu Asl\u0131 Bekiro\u011flu\u2019na i\u00e7irirken bir anda cam sebilin k\u0131r\u0131ld\u0131\u011f\u0131 g\u00f6r\u00fcl\u00fcyor. Orada bulunan ba\u015fka biri taraf\u0131ndan bu anlar cep telefonu kameras\u0131na kaydedilirken talihsiz kaza an\u0131 da kameraya yans\u0131d\u0131. Son d\u00f6nemde &hellip;<\/p>\n","protected":false},"author":6,"featured_media":34640,"comment_status":"closed","ping_status":"closed","sticky":false,"template":"","format":"standard","meta":{"footnotes":""},"categories":[15431],"tags":[],"class_list":["post-34639","post","type-post","status-publish","format-standard","has-post-thumbnail","hentry","category-medya"],"amp_enabled":true,"_links":{"self":[{"href":"https:\/\/adanaseshaber.com.tr\/index.php?rest_route=\/wp\/v2\/posts\/34639","targetHints":{"allow":["GET"]}}],"collection":[{"href":"https:\/\/adanaseshaber.com.tr\/index.php?rest_route=\/wp\/v2\/posts"}],"about":[{"href":"https:\/\/adanaseshaber.com.tr\/index.php?rest_route=\/wp\/v2\/types\/post"}],"author":[{"embeddable":true,"href":"https:\/\/adanaseshaber.com.tr\/index.php?rest_route=\/wp\/v2\/users\/6"}],"replies":[{"embeddable":true,"href":"https:\/\/adanaseshaber.com.tr\/index.php?rest_route=%2Fwp%2Fv2%2Fcomments&post=34639"}],"version-history":[{"count":2,"href":"https:\/\/adanaseshaber.com.tr\/index.php?rest_route=\/wp\/v2\/posts\/34639\/revisions"}],"predecessor-version":[{"id":34644,"href":"https:\/\/adanaseshaber.com.tr\/index.php?rest_route=\/wp\/v2\/posts\/34639\/revisions\/34644"}],"wp:featuredmedia":[{"embeddable":true,"href":"https:\/\/adanaseshaber.com.tr\/index.php?rest_route=\/wp\/v2\/media\/34640"}],"wp:attachment":[{"href":"https:\/\/adanaseshaber.com.tr\/index.php?rest_route=%2Fwp%2Fv2%2Fmedia&parent=34639"}],"wp:term":[{"taxonomy":"category","embeddable":true,"href":"https:\/\/adanaseshaber.com.tr\/index.php?rest_route=%2Fwp%2Fv2%2Fcategories&post=34639"},{"taxonomy":"post_tag","embeddable":true,"href":"https:\/\/adanaseshaber.com.tr\/index.php?rest_route=%2Fwp%2Fv2%2Ftags&post=34639"}],"curies":[{"name":"wp","href":"https:\/\/api.w.org\/{rel}","templated":true}]}}