{"id":34700,"date":"2022-08-16T11:44:29","date_gmt":"2022-08-16T08:44:29","guid":{"rendered":"https:\/\/www.adanaseshaber.com\/?p=34700"},"modified":"2022-08-16T11:56:44","modified_gmt":"2022-08-16T08:56:44","slug":"sozlesmeli-ogretmenlik-mulakat-sonuclari-aciklandi","status":"publish","type":"post","link":"https:\/\/adanaseshaber.com.tr\/?p=34700","title":{"rendered":"S\u00f6zle\u015fmeli \u00f6\u011fretmenlik m\u00fclakat sonu\u00e7lar\u0131 a\u00e7\u0131kland\u0131"},"content":{"rendered":"<p>Milli E\u011fitim Bakanl\u0131\u011f\u0131 taraf\u0131ndan ger\u00e7ekle\u015ftirilen 20 bin \u00f6\u011fretmen al\u0131m\u0131na ili\u015fkin yap\u0131lan s\u00f6zl\u00fc s\u0131nav sonu\u00e7lar\u0131 a\u00e7\u0131kland\u0131. \u0130lan edilen sonu\u00e7lar adaylar taraf\u0131ndan e-Devlet \u00fczerinden \u00f6\u011frenilebilecek. S\u00f6z konusu s\u00f6zl\u00fc s\u0131navda 60 ve \u00fcst\u00fc puan alan adaylar en fazla 40 e\u011fitim kurumu tercih etme hakk\u0131na sahip olacak. S\u00f6zl\u00fc s\u0131nav sonu\u00e7lar\u0131 adaylar taraf\u0131ndan e-Devlet \u00fczerinde \u00f6\u011frenilebilecek. Tercih yapacak olan adaylar\u0131n kurum tercih ba\u015fvurular\u0131 ise ki\u015fisel e-Devlet kullan\u0131c\u0131 ad\u0131 ve \u015fifre kullanmak suretiyle e-Devlet sistemi \u00fczerinden ger\u00e7ekle\u015ftirilecek.<\/p>\n<p><b>20 B\u0130N \u00d6\u011eRETMEN ALIMI S\u00d6ZL\u00dc SINAV SONU\u00c7LARI A\u00c7IKLANDI<\/b><\/p>\n<p>Milli E\u011fitim Bakanl\u0131\u011f\u0131, 20 bin s\u00f6zle\u015fmeli \u00f6\u011fretmen al\u0131m\u0131 ile ilgili s\u00f6zl\u00fc s\u0131nav sonu\u00e7lar\u0131n\u0131 ilan etti. Yap\u0131lan s\u00f6zl\u00fc s\u0131navda 60 ve \u00fcst\u00fc puan alan adaylar, en fazla 40 e\u011fitim kurumunu tercih edebilecek.<\/p>\n<p><strong>TERC\u0130H BA\u015eVURUSU NASIL YAPILACAK?<\/strong><\/p>\n<p>S\u00f6zl\u00fc s\u0131navda 60 ve \u00fczeri puan alan adaylar en fazla 40 e\u011fitim kurumu tercihi yapabilecek. Kurum tercih ba\u015fvurular\u0131 ise ki\u015fisel e-Devlet kullan\u0131c\u0131 ad\u0131 ve \u015fifre kullan\u0131larak e-Devlet sistemi \u00fczerinden yap\u0131lacak.<\/p>\n<p><strong>ATAMA SONU\u00c7LARI NE ZAMAN A\u00c7IKLANACAK?<\/strong><\/p>\n<p>\u00d6te yandan 1-13 A\u011fustos 2022 tarihleri aras\u0131nda ger\u00e7ekle\u015ftirilen s\u0131navlar\u0131n tercihleri 27-31 A\u011fustos 2022 tarihleri aras\u0131nda yap\u0131lacak. Atama sonu\u00e7lar\u0131 ise 1 Eyl\u00fcl 2022 tarihinde a\u00e7\u0131klanacak.<\/p>\n<p><img loading=\"lazy\" decoding=\"async\" class=\"aligncenter wp-image-34714 size-full\" src=\"https:\/\/adanaseshaber.com.tr\/wp-content\/uploads\/2022\/08\/sozlesmeli-ogretmenlik-mulakat-sonuclari-aciklandi-1.jpg\" alt=\"\" width=\"1280\" height=\"720\" srcset=\"https:\/\/adanaseshaber.com.tr\/wp-content\/uploads\/2022\/08\/sozlesmeli-ogretmenlik-mulakat-sonuclari-aciklandi-1.jpg 1280w, https:\/\/adanaseshaber.com.tr\/wp-content\/uploads\/2022\/08\/sozlesmeli-ogretmenlik-mulakat-sonuclari-aciklandi-1-300x169.jpg 300w, https:\/\/adanaseshaber.com.tr\/wp-content\/uploads\/2022\/08\/sozlesmeli-ogretmenlik-mulakat-sonuclari-aciklandi-1-1024x576.jpg 1024w, https:\/\/adanaseshaber.com.tr\/wp-content\/uploads\/2022\/08\/sozlesmeli-ogretmenlik-mulakat-sonuclari-aciklandi-1-768x432.jpg 768w, https:\/\/adanaseshaber.com.tr\/wp-content\/uploads\/2022\/08\/sozlesmeli-ogretmenlik-mulakat-sonuclari-aciklandi-1-390x220.jpg 390w\" sizes=\"auto, (max-width: 1280px) 100vw, 1280px\" \/><\/p>\n<p><strong>TERC\u0130HLER\u0130NE ATANAMAYAN ADAYLAR NE YAPACAK?<\/strong><\/p>\n<p>Atama s\u00fcreciyle ilgili merak edilenlerin ba\u015f\u0131nda &#8216;Atanamayan adaylar ne yapacak?&#8217; sorusu geliyor. Tercihlerine atanamayan adaylardan &#8216;Tercihlerim d\u0131\u015f\u0131ndaki e\u011fitim kurumlar\u0131na atanmak istiyorum&#8217; se\u00e7ene\u011fini i\u015faretleyenler ise ilan edilen kontenjanlardan bo\u015f kalan e\u011fitim kurumlar\u0131na bilgisayar kuras\u0131yla atanmak \u00fczere de\u011ferlendirmeye girecek.<\/p>\n<p><strong>ATAMALARIN Y\u00dcZDE 50&#8217;S\u0130 \u0130STANBUL&#8217;A<\/strong><\/p>\n<p>Daha \u00f6nce \u00f6\u011fretmen atamas\u0131 ile ilgili konu\u015fan Milli E\u011fitim Bakan\u0131 Mahmut \u00d6zer, \u00f6\u011fretmen atamas\u0131n\u0131n 2022 y\u0131l\u0131nda yap\u0131laca\u011f\u0131n\u0131 belirtmi\u015fti. \u00c7al\u0131\u015fmalar\u0131n sonu\u00e7land\u0131\u011f\u0131n\u0131 ve Maliye Bakan\u0131 ile g\u00f6r\u00fc\u015fmelerinin bitti\u011fini s\u00f6yleyen Bakan \u00d6zer, &#8216;2022-2023 \u00f6\u011fretim y\u0131l\u0131nda, yani Eyl\u00fcl&#8217;\u00fcn ilk haftas\u0131nda atamalar yap\u0131lacak \u015fekilde s\u00fcreci kamuoyuyla payla\u015faca\u011f\u0131z. Atamalar\u0131n y\u00fczde 50&#8217;sini \u0130stanbul&#8217;a yapaca\u011f\u0131z. \u0130stanbul&#8217;u ger\u00e7ekten merkeze ald\u0131k. \u0130stanbul&#8217;un hem fiziki imkanlar\u0131n\u0131 art\u0131rma hem de \u00f6\u011fretmen ihtiyac\u0131 ile ilgili g\u00fc\u00e7l\u00fc destek vermeye \u00e7al\u0131\u015f\u0131yoruz.&#8217; ifadelerini kullanm\u0131\u015ft\u0131.<\/p>\n","protected":false},"excerpt":{"rendered":"<p>Milli E\u011fitim Bakanl\u0131\u011f\u0131 taraf\u0131ndan ger\u00e7ekle\u015ftirilen 20 bin \u00f6\u011fretmen al\u0131m\u0131na ili\u015fkin yap\u0131lan s\u00f6zl\u00fc s\u0131nav sonu\u00e7lar\u0131 a\u00e7\u0131kland\u0131. \u0130lan edilen sonu\u00e7lar adaylar taraf\u0131ndan e-Devlet \u00fczerinden \u00f6\u011frenilebilecek. S\u00f6z konusu s\u00f6zl\u00fc s\u0131navda 60 ve \u00fcst\u00fc puan alan adaylar en fazla 40 e\u011fitim kurumu tercih etme hakk\u0131na sahip olacak. S\u00f6zl\u00fc s\u0131nav sonu\u00e7lar\u0131 adaylar taraf\u0131ndan e-Devlet \u00fczerinde \u00f6\u011frenilebilecek. Tercih yapacak olan adaylar\u0131n &hellip;<\/p>\n","protected":false},"author":6,"featured_media":34701,"comment_status":"closed","ping_status":"closed","sticky":false,"template":"","format":"standard","meta":{"footnotes":""},"categories":[1],"tags":[],"class_list":["post-34700","post","type-post","status-publish","format-standard","has-post-thumbnail","hentry","category-genel"],"amp_enabled":true,"_links":{"self":[{"href":"https:\/\/adanaseshaber.com.tr\/index.php?rest_route=\/wp\/v2\/posts\/34700","targetHints":{"allow":["GET"]}}],"collection":[{"href":"https:\/\/adanaseshaber.com.tr\/index.php?rest_route=\/wp\/v2\/posts"}],"about":[{"href":"https:\/\/adanaseshaber.com.tr\/index.php?rest_route=\/wp\/v2\/types\/post"}],"author":[{"embeddable":true,"href":"https:\/\/adanaseshaber.com.tr\/index.php?rest_route=\/wp\/v2\/users\/6"}],"replies":[{"embeddable":true,"href":"https:\/\/adanaseshaber.com.tr\/index.php?rest_route=%2Fwp%2Fv2%2Fcomments&post=34700"}],"version-history":[{"count":7,"href":"https:\/\/adanaseshaber.com.tr\/index.php?rest_route=\/wp\/v2\/posts\/34700\/revisions"}],"predecessor-version":[{"id":34715,"href":"https:\/\/adanaseshaber.com.tr\/index.php?rest_route=\/wp\/v2\/posts\/34700\/revisions\/34715"}],"wp:featuredmedia":[{"embeddable":true,"href":"https:\/\/adanaseshaber.com.tr\/index.php?rest_route=\/wp\/v2\/media\/34701"}],"wp:attachment":[{"href":"https:\/\/adanaseshaber.com.tr\/index.php?rest_route=%2Fwp%2Fv2%2Fmedia&parent=34700"}],"wp:term":[{"taxonomy":"category","embeddable":true,"href":"https:\/\/adanaseshaber.com.tr\/index.php?rest_route=%2Fwp%2Fv2%2Fcategories&post=34700"},{"taxonomy":"post_tag","embeddable":true,"href":"https:\/\/adanaseshaber.com.tr\/index.php?rest_route=%2Fwp%2Fv2%2Ftags&post=34700"}],"curies":[{"name":"wp","href":"https:\/\/api.w.org\/{rel}","templated":true}]}}