{"id":34716,"date":"2022-08-16T12:13:45","date_gmt":"2022-08-16T09:13:45","guid":{"rendered":"https:\/\/www.adanaseshaber.com\/?p=34716"},"modified":"2022-08-16T12:13:29","modified_gmt":"2022-08-16T09:13:29","slug":"arda-guler-kasimpasaya-attigi-golle-devlesti","status":"publish","type":"post","link":"https:\/\/adanaseshaber.com.tr\/?p=34716","title":{"rendered":"Arda G\u00fcler Kas\u0131mpa\u015fa\u2019ya att\u0131\u011f\u0131 golle devle\u015fti"},"content":{"rendered":"<p>Gen\u00e7 ya\u015f\u0131na ra\u011fmen g\u00f6sterdi\u011fi ba\u015far\u0131l\u0131 performansla Fenerbah\u00e7e\u2019nin y\u0131ld\u0131z\u0131 olmay\u0131 ba\u015faran Arda G\u00fcler, d\u00fcn ak\u015fam oynanan Kas\u0131mpa\u015fa-Fenerbah\u00e7e kar\u015f\u0131la\u015fmas\u0131nda att\u0131\u011f\u0131 golle adeta devle\u015fti. 6-0 skorla biten Kas\u0131mpa\u015fa ma\u00e7\u0131nda att\u0131\u011f\u0131 gollerle taraftar\u0131n\u0131 co\u015fturan G\u00fcler\u2019in ba\u015far\u0131l\u0131 performans\u0131 sosyal medyan\u0131n da g\u00fcndemine yerle\u015fti. Arda\u2019n\u0131n \u00f6zellikle ilk att\u0131\u011f\u0131 gol, Messi\u2019nin \u015eampiyonlar Ligi\u2019ndeki 100. gol\u00fcne benzetildi. Fenerbah\u00e7e\u2019nin gen\u00e7 yetene\u011fi Arda G\u00fcler, Kas\u0131mpa\u015fa ma\u00e7\u0131nda sergiledi\u011fi performansla bir kez daha i\u00e7indeki cevheri ortaya \u00e7\u0131kard\u0131. Kas\u0131mpa\u015fa\u2019y\u0131 6 golle ma\u011flup eden Fenerbah\u00e7e\u2019nin 2 gol\u00fc ise gen\u00e7 y\u0131ld\u0131z\u0131 Arda\u2019dan geldi. Arda\u2019n\u0131n golleri sosyal medyan\u0131n da g\u00fcndemine yerle\u015fti. Fenerbah\u00e7e taraftarlar\u0131 kadar rakip tak\u0131m taraftarlar\u0131 da Arda G\u00fcler\u2019in ba\u015far\u0131l\u0131 performans\u0131n\u0131 takdir etti.<\/p>\n<p><strong>ARDA G\u00dcLER\u2019DEN MEST EDEN GOL<\/strong><\/p>\n<p>Fenerbah\u00e7e, deplasmanda kar\u015f\u0131la\u015ft\u0131\u011f\u0131 Kas\u0131mpa\u015fa\u2019y\u0131 6-0 skorla ma\u011flup etti. D\u00fcn ak\u015fam oynanan kar\u015f\u0131la\u015fmay\u0131 6-0 kazanan sar\u0131-lacivertli tak\u0131m\u0131n 2 gol\u00fcn\u00fc ise gen\u00e7 y\u0131ld\u0131z Arda G\u00fcler kaydetti. Taraftar\u0131n sevgisini \u00e7ok k\u0131sa bir s\u00fcrede kazanmay\u0131 ba\u015faran gen\u00e7 y\u0131ld\u0131z\u0131n att\u0131\u011f\u0131 goller sosyal medyan\u0131n da g\u00fcndemine yerle\u015fti. Sonradan oyuna girerek 2 gol kaydeden Arda G\u00fcler\u2019in rakip tak\u0131ma att\u0131\u011f\u0131 ilk gol ise Lionel Messi\u2019nin \u015eampiyonlar Ligi\u2019nde att\u0131\u011f\u0131 100. gole benzetildi.<\/p>\n<p><img loading=\"lazy\" decoding=\"async\" class=\"aligncenter wp-image-34718 size-full\" src=\"https:\/\/adanaseshaber.com.tr\/wp-content\/uploads\/2022\/08\/arda-guler-kasimpasaya-attigi-golle-devlesti-1.jpg\" alt=\"\" width=\"1280\" height=\"720\" srcset=\"https:\/\/adanaseshaber.com.tr\/wp-content\/uploads\/2022\/08\/arda-guler-kasimpasaya-attigi-golle-devlesti-1.jpg 1280w, https:\/\/adanaseshaber.com.tr\/wp-content\/uploads\/2022\/08\/arda-guler-kasimpasaya-attigi-golle-devlesti-1-300x169.jpg 300w, https:\/\/adanaseshaber.com.tr\/wp-content\/uploads\/2022\/08\/arda-guler-kasimpasaya-attigi-golle-devlesti-1-1024x576.jpg 1024w, https:\/\/adanaseshaber.com.tr\/wp-content\/uploads\/2022\/08\/arda-guler-kasimpasaya-attigi-golle-devlesti-1-768x432.jpg 768w, https:\/\/adanaseshaber.com.tr\/wp-content\/uploads\/2022\/08\/arda-guler-kasimpasaya-attigi-golle-devlesti-1-390x220.jpg 390w\" sizes=\"auto, (max-width: 1280px) 100vw, 1280px\" \/><\/p>\n<p><img loading=\"lazy\" decoding=\"async\" class=\"aligncenter wp-image-34720 size-full\" src=\"https:\/\/adanaseshaber.com.tr\/wp-content\/uploads\/2022\/08\/arda-guler-kasimpasaya-attigi-golle-devlesti-2.jpg\" alt=\"\" width=\"1280\" height=\"720\" srcset=\"https:\/\/adanaseshaber.com.tr\/wp-content\/uploads\/2022\/08\/arda-guler-kasimpasaya-attigi-golle-devlesti-2.jpg 1280w, https:\/\/adanaseshaber.com.tr\/wp-content\/uploads\/2022\/08\/arda-guler-kasimpasaya-attigi-golle-devlesti-2-300x169.jpg 300w, https:\/\/adanaseshaber.com.tr\/wp-content\/uploads\/2022\/08\/arda-guler-kasimpasaya-attigi-golle-devlesti-2-1024x576.jpg 1024w, https:\/\/adanaseshaber.com.tr\/wp-content\/uploads\/2022\/08\/arda-guler-kasimpasaya-attigi-golle-devlesti-2-768x432.jpg 768w, https:\/\/adanaseshaber.com.tr\/wp-content\/uploads\/2022\/08\/arda-guler-kasimpasaya-attigi-golle-devlesti-2-390x220.jpg 390w\" sizes=\"auto, (max-width: 1280px) 100vw, 1280px\" \/><\/p>\n<p><strong>MESS\u0130\u2019Y\u0130 HATIRLATTI<\/strong><\/p>\n<p>Kas\u0131mpa\u015fa-Fenerbah\u00e7e kar\u015f\u0131la\u015fmas\u0131n\u0131n 86. dakikas\u0131nda rakip ceza sahas\u0131nda topla bulu\u015fan Arda G\u00fcler, enfes bir dribling ile sahaya girdi ve kalecinin bacak aras\u0131ndan topu a\u011flarla bulu\u015fturdu. Gen\u00e7 futbolcunun att\u0131\u011f\u0131 bu muhte\u015fem gol g\u00fcndem oldu. Futbolseverler, Arda\u2019n\u0131n bu muhte\u015fem gol\u00fcyle Messi\u2019yi hat\u0131rlad\u0131.<\/p>\n","protected":false},"excerpt":{"rendered":"<p>Gen\u00e7 ya\u015f\u0131na ra\u011fmen g\u00f6sterdi\u011fi ba\u015far\u0131l\u0131 performansla Fenerbah\u00e7e\u2019nin y\u0131ld\u0131z\u0131 olmay\u0131 ba\u015faran Arda G\u00fcler, d\u00fcn ak\u015fam oynanan Kas\u0131mpa\u015fa-Fenerbah\u00e7e kar\u015f\u0131la\u015fmas\u0131nda att\u0131\u011f\u0131 golle adeta devle\u015fti. 6-0 skorla biten Kas\u0131mpa\u015fa ma\u00e7\u0131nda att\u0131\u011f\u0131 gollerle taraftar\u0131n\u0131 co\u015fturan G\u00fcler\u2019in ba\u015far\u0131l\u0131 performans\u0131 sosyal medyan\u0131n da g\u00fcndemine yerle\u015fti. Arda\u2019n\u0131n \u00f6zellikle ilk att\u0131\u011f\u0131 gol, Messi\u2019nin \u015eampiyonlar Ligi\u2019ndeki 100. gol\u00fcne benzetildi. Fenerbah\u00e7e\u2019nin gen\u00e7 yetene\u011fi Arda G\u00fcler, Kas\u0131mpa\u015fa &hellip;<\/p>\n","protected":false},"author":6,"featured_media":34717,"comment_status":"closed","ping_status":"closed","sticky":false,"template":"","format":"standard","meta":{"footnotes":""},"categories":[5],"tags":[],"class_list":["post-34716","post","type-post","status-publish","format-standard","has-post-thumbnail","hentry","category-spor"],"amp_enabled":true,"_links":{"self":[{"href":"https:\/\/adanaseshaber.com.tr\/index.php?rest_route=\/wp\/v2\/posts\/34716","targetHints":{"allow":["GET"]}}],"collection":[{"href":"https:\/\/adanaseshaber.com.tr\/index.php?rest_route=\/wp\/v2\/posts"}],"about":[{"href":"https:\/\/adanaseshaber.com.tr\/index.php?rest_route=\/wp\/v2\/types\/post"}],"author":[{"embeddable":true,"href":"https:\/\/adanaseshaber.com.tr\/index.php?rest_route=\/wp\/v2\/users\/6"}],"replies":[{"embeddable":true,"href":"https:\/\/adanaseshaber.com.tr\/index.php?rest_route=%2Fwp%2Fv2%2Fcomments&post=34716"}],"version-history":[{"count":2,"href":"https:\/\/adanaseshaber.com.tr\/index.php?rest_route=\/wp\/v2\/posts\/34716\/revisions"}],"predecessor-version":[{"id":34722,"href":"https:\/\/adanaseshaber.com.tr\/index.php?rest_route=\/wp\/v2\/posts\/34716\/revisions\/34722"}],"wp:featuredmedia":[{"embeddable":true,"href":"https:\/\/adanaseshaber.com.tr\/index.php?rest_route=\/wp\/v2\/media\/34717"}],"wp:attachment":[{"href":"https:\/\/adanaseshaber.com.tr\/index.php?rest_route=%2Fwp%2Fv2%2Fmedia&parent=34716"}],"wp:term":[{"taxonomy":"category","embeddable":true,"href":"https:\/\/adanaseshaber.com.tr\/index.php?rest_route=%2Fwp%2Fv2%2Fcategories&post=34716"},{"taxonomy":"post_tag","embeddable":true,"href":"https:\/\/adanaseshaber.com.tr\/index.php?rest_route=%2Fwp%2Fv2%2Ftags&post=34716"}],"curies":[{"name":"wp","href":"https:\/\/api.w.org\/{rel}","templated":true}]}}