{"id":34751,"date":"2022-08-16T14:48:41","date_gmt":"2022-08-16T11:48:41","guid":{"rendered":"https:\/\/www.adanaseshaber.com\/?p=34751"},"modified":"2022-08-16T15:14:47","modified_gmt":"2022-08-16T12:14:47","slug":"sanliurfa-hudut-karakoluna-roketli-saldiri-1-asker-sehit-4-asker-yarali","status":"publish","type":"post","link":"https:\/\/adanaseshaber.com.tr\/?p=34751","title":{"rendered":"\u015eanl\u0131urfa Hudut Karakolu\u2019na roketli sald\u0131r\u0131: 1 asker \u015fehit, 4 asker yaral\u0131"},"content":{"rendered":"<p>\u015eanl\u0131urfa Hudut Karakolu\u2019na b\u00f6l\u00fcc\u00fc ter\u00f6r \u00f6rg\u00fct\u00fc PKK taraf\u0131ndan roketli sald\u0131r\u0131 d\u00fczenlendi. Hain sald\u0131r\u0131 sonras\u0131nda 1 askerimiz \u015fehit olurken 4 askerimiz yaraland\u0131. T\u00fcrk Silahl\u0131 Kuvvetleri sald\u0131r\u0131 sonras\u0131nda ter\u00f6r hedeflerini yo\u011fun ate\u015f alt\u0131na ald\u0131. \u015eanl\u0131urfa \u00c7i\u00e7ekalan Hudut Karakolu\u2019na d\u00fczenlenen roketli sald\u0131r\u0131 sonras\u0131nda 1 asker \u015fehit oldu, 4 asker yaraland\u0131. \u015eanl\u0131urfa Valisi Salih Ayhan, sald\u0131r\u0131n\u0131n ard\u0131ndan yapt\u0131\u011f\u0131 a\u00e7\u0131klamayla 1 askerimizin \u015fehit oldu\u011funu 4 askerimizin ise yaraland\u0131\u011f\u0131n\u0131 duyurdu. TSK, sald\u0131r\u0131 sonras\u0131nda ter\u00f6r hedeflerini yo\u011fun ate\u015f alt\u0131na ald\u0131.<\/p>\n<p><b>HUDUT KARAKOLU&#8217;NA HA\u0130N SALDIRI<\/b><\/p>\n<p>\u015eanl\u0131urfa \u00c7i\u00e7ekalan Hudut Karakolu&#8217;na b\u00f6l\u00fcc\u00fc ter\u00f6r \u00f6rg\u00fct\u00fc PKK taraf\u0131ndan roketli sald\u0131r\u0131 d\u00fczenlendi. T\u00fcrk Silahl\u0131 Kuvvetleri sald\u0131r\u0131n\u0131n ard\u0131ndan ter\u00f6r hedeflerini yo\u011fun ate\u015f alt\u0131na ald\u0131. \u015eanl\u0131urf Valisi Salih Ayhan, 1 askerimizin \u015fehit oldu\u011funu, 4 askerimizin yaraland\u0131\u011f\u0131n\u0131 a\u00e7\u0131klad\u0131.<\/p>\n<p><strong>YARALI ASKERLER TEDAV\u0130 ALTINA ALINDI<\/strong><\/p>\n<p>\u015eanl\u0131urfa&#8217;n\u0131n Birecik il\u00e7esindeki \u00c7i\u00e7ekalan Hudut Karakolu&#8217;na Suriye&#8217;nin Ayn-ElArap b\u00f6lgesindeki PKK ter\u00f6r \u00f6rg\u00fct\u00fc \u00fcyeleri taraf\u0131ndan roketli sald\u0131r\u0131 d\u00fczenlendi. Hain sald\u0131r\u0131n\u0131n ard\u0131ndan olay yerine takviye ekipler ve sa\u011fl\u0131k ekipleri sevk edildi. Sald\u0131r\u0131da yaralanan askerler yap\u0131lan ilk m\u00fcdahalenin ard\u0131ndan Birecik Devlet Hastanesi&#8217;ne kald\u0131r\u0131larak tedavi alt\u0131na al\u0131nd\u0131.<\/p>\n<p><img loading=\"lazy\" decoding=\"async\" class=\"aligncenter wp-image-34759 size-full\" src=\"https:\/\/adanaseshaber.com.tr\/wp-content\/uploads\/2022\/08\/sanliurfa-hudut-karakoluna-roketli-saldiri-1-asker-sehit-4-asker-yarali-1.jpg\" alt=\"\" width=\"1280\" height=\"720\" srcset=\"https:\/\/adanaseshaber.com.tr\/wp-content\/uploads\/2022\/08\/sanliurfa-hudut-karakoluna-roketli-saldiri-1-asker-sehit-4-asker-yarali-1.jpg 1280w, https:\/\/adanaseshaber.com.tr\/wp-content\/uploads\/2022\/08\/sanliurfa-hudut-karakoluna-roketli-saldiri-1-asker-sehit-4-asker-yarali-1-300x169.jpg 300w, https:\/\/adanaseshaber.com.tr\/wp-content\/uploads\/2022\/08\/sanliurfa-hudut-karakoluna-roketli-saldiri-1-asker-sehit-4-asker-yarali-1-1024x576.jpg 1024w, https:\/\/adanaseshaber.com.tr\/wp-content\/uploads\/2022\/08\/sanliurfa-hudut-karakoluna-roketli-saldiri-1-asker-sehit-4-asker-yarali-1-768x432.jpg 768w, https:\/\/adanaseshaber.com.tr\/wp-content\/uploads\/2022\/08\/sanliurfa-hudut-karakoluna-roketli-saldiri-1-asker-sehit-4-asker-yarali-1-390x220.jpg 390w\" sizes=\"auto, (max-width: 1280px) 100vw, 1280px\" \/><\/p>\n<p><strong>\u015eANLIURFA VAL\u0130S\u0130&#8217;NDEN A\u00c7IKLAMA<\/strong><\/p>\n<p>B\u00f6l\u00fcc\u00fc ter\u00f6r \u00f6rg\u00fct\u00fc PKK&#8217;n\u0131n karakola roketli sald\u0131r\u0131s\u0131n\u0131n ard\u0131ndan a\u00e7\u0131klama yapan \u015eanl\u0131urfa Valisi Salih Ayhan, 1 askerin \u015fehit oldu\u011funu, 4 askerin yaraland\u0131\u011f\u0131n\u0131 duyurdu. Sald\u0131r\u0131ya TSK taraf\u0131ndan misliyle kar\u015f\u0131l\u0131k verildi\u011fini aktaran Vali Ayhan, &#8216;Sald\u0131r\u0131 esnas\u0131nda maalesef 1 askerimiz \u015fehit d\u00fc\u015ft\u00fc, 4 askerimiz yaraland\u0131. Yaral\u0131 askerlerimizin ilk m\u00fcdahalesi Birecik il\u00e7emizde yap\u0131ld\u0131, ard\u0131ndan helikopterle E\u011fitim Ara\u015ft\u0131rma Hastanemize getirildi. \u015eu anda askerlerimizi ziyaret ettik. Bilgiler ald\u0131k. 4 askerimizin sa\u011fl\u0131k durumu takip edilmekte. Sa\u011fl\u0131k durumlar\u0131 da \u015fimdilik iyi. Maalesef 1 askerimiz \u015fehit oldu. Milletimizin ba\u015f\u0131 sa\u011f olsun.&#8217; ifadelerine yer verdi.<\/p>\n","protected":false},"excerpt":{"rendered":"<p>\u015eanl\u0131urfa Hudut Karakolu\u2019na b\u00f6l\u00fcc\u00fc ter\u00f6r \u00f6rg\u00fct\u00fc PKK taraf\u0131ndan roketli sald\u0131r\u0131 d\u00fczenlendi. Hain sald\u0131r\u0131 sonras\u0131nda 1 askerimiz \u015fehit olurken 4 askerimiz yaraland\u0131. T\u00fcrk Silahl\u0131 Kuvvetleri sald\u0131r\u0131 sonras\u0131nda ter\u00f6r hedeflerini yo\u011fun ate\u015f alt\u0131na ald\u0131. \u015eanl\u0131urfa \u00c7i\u00e7ekalan Hudut Karakolu\u2019na d\u00fczenlenen roketli sald\u0131r\u0131 sonras\u0131nda 1 asker \u015fehit oldu, 4 asker yaraland\u0131. \u015eanl\u0131urfa Valisi Salih Ayhan, sald\u0131r\u0131n\u0131n ard\u0131ndan yapt\u0131\u011f\u0131 a\u00e7\u0131klamayla &hellip;<\/p>\n","protected":false},"author":6,"featured_media":34752,"comment_status":"closed","ping_status":"closed","sticky":false,"template":"","format":"standard","meta":{"footnotes":""},"categories":[1],"tags":[],"class_list":["post-34751","post","type-post","status-publish","format-standard","has-post-thumbnail","hentry","category-genel"],"amp_enabled":true,"_links":{"self":[{"href":"https:\/\/adanaseshaber.com.tr\/index.php?rest_route=\/wp\/v2\/posts\/34751","targetHints":{"allow":["GET"]}}],"collection":[{"href":"https:\/\/adanaseshaber.com.tr\/index.php?rest_route=\/wp\/v2\/posts"}],"about":[{"href":"https:\/\/adanaseshaber.com.tr\/index.php?rest_route=\/wp\/v2\/types\/post"}],"author":[{"embeddable":true,"href":"https:\/\/adanaseshaber.com.tr\/index.php?rest_route=\/wp\/v2\/users\/6"}],"replies":[{"embeddable":true,"href":"https:\/\/adanaseshaber.com.tr\/index.php?rest_route=%2Fwp%2Fv2%2Fcomments&post=34751"}],"version-history":[{"count":7,"href":"https:\/\/adanaseshaber.com.tr\/index.php?rest_route=\/wp\/v2\/posts\/34751\/revisions"}],"predecessor-version":[{"id":34760,"href":"https:\/\/adanaseshaber.com.tr\/index.php?rest_route=\/wp\/v2\/posts\/34751\/revisions\/34760"}],"wp:featuredmedia":[{"embeddable":true,"href":"https:\/\/adanaseshaber.com.tr\/index.php?rest_route=\/wp\/v2\/media\/34752"}],"wp:attachment":[{"href":"https:\/\/adanaseshaber.com.tr\/index.php?rest_route=%2Fwp%2Fv2%2Fmedia&parent=34751"}],"wp:term":[{"taxonomy":"category","embeddable":true,"href":"https:\/\/adanaseshaber.com.tr\/index.php?rest_route=%2Fwp%2Fv2%2Fcategories&post=34751"},{"taxonomy":"post_tag","embeddable":true,"href":"https:\/\/adanaseshaber.com.tr\/index.php?rest_route=%2Fwp%2Fv2%2Ftags&post=34751"}],"curies":[{"name":"wp","href":"https:\/\/api.w.org\/{rel}","templated":true}]}}