{"id":34761,"date":"2022-08-16T15:35:06","date_gmt":"2022-08-16T12:35:06","guid":{"rendered":"https:\/\/www.adanaseshaber.com\/?p=34761"},"modified":"2022-08-16T15:35:09","modified_gmt":"2022-08-16T12:35:09","slug":"ece-erken-durusma-salonunda-bayildi","status":"publish","type":"post","link":"https:\/\/adanaseshaber.com.tr\/?p=34761","title":{"rendered":"Ece Erken duru\u015fma salonunda bay\u0131ld\u0131"},"content":{"rendered":"<p>Ge\u00e7ti\u011fimiz aylarda e\u015fi \u015eafak Mahmutyaz\u0131c\u0131o\u011flu\u2019nun vefat\u0131yla sars\u0131lan \u00fcnl\u00fc sunucu Ece Erken, \u015eafak Mahmutyaz\u0131c\u0131o\u011flu\u2019nun \u00f6ld\u00fcr\u00fclmesine ili\u015fkin davan\u0131n ilk duru\u015fmas\u0131nda bay\u0131ld\u0131. San\u0131k Kadir Yasak\u2019\u0131n savunma yapt\u0131\u011f\u0131 anlarda fenala\u015fan Erken\u2019in bayg\u0131nl\u0131k ge\u00e7irdi\u011fi \u00f6\u011frenildi. Duru\u015fma salonunda bay\u0131lan \u00fcnl\u00fc sunucunun fenala\u015ft\u0131\u011f\u0131 anlarda duru\u015fma salonundaki sandalyeye ba\u015f\u0131n\u0131 \u00e7arpt\u0131\u011f\u0131 \u00f6\u011frenildi. \u00dcnl\u00fc sunucunun duru\u015fma salonunda bay\u0131lmas\u0131yla ilgili avukat\u0131 P\u0131r\u0131l Erkanl\u0131 \u00dc\u00e7g\u00fcl\u2019den a\u00e7\u0131klama geldi. Avukat \u00dc\u00e7g\u00fcl, Erken\u2019in duru\u015fman\u0131n sonuna kadar dayanamad\u0131\u011f\u0131n\u0131, destekle arka kap\u0131dan \u00e7\u0131kartt\u0131klar\u0131n\u0131 ve hastaneye g\u00f6t\u00fcr\u00fcld\u00fc\u011f\u00fcn\u00fc belirtti. Fenala\u015ft\u0131\u011f\u0131 anlarda sandalyenin u\u00e7 k\u0131sm\u0131na ba\u015f\u0131n\u0131 vurdu\u011fu i\u00e7in doktor kontrol\u00fc gerekebilece\u011fini s\u00f6yledi.<\/p>\n<p><strong>ECE ERKEN DURU\u015eMAYA KATILDI<\/strong><\/p>\n<p>Avukat e\u015fi \u015eafak Mahmut Yaz\u0131c\u0131o\u011flu\u2019nun vefat\u0131n\u0131n ard\u0131ndan zor g\u00fcnler ge\u00e7iren ve e\u015fini kaybetmenin ac\u0131s\u0131n\u0131 ya\u015fayan \u00fcnl\u00fc sunucu Ece Erken, Avukat \u015eafak Mahmutyaz\u0131c\u0131o\u011flu\u2019nun katledilmesine ili\u015fkin ilk duru\u015fmaya kat\u0131lan Erken, duru\u015fma salonunda fenala\u015farak bay\u0131ld\u0131. Avukat \u015eafak Mahmutyaz\u0131z\u0131c\u0131o\u011flu, Ocak ay\u0131nda u\u011frad\u0131\u011f\u0131 hain bir sald\u0131r\u0131 sonucunda hayat\u0131n\u0131 kaybetmi\u015fti. Avukat Mahmutyaz\u0131c\u0131o\u011flu\u2019nun katledilmesine ili\u015fkin ilk duru\u015fma bug\u00fcn Bak\u0131rk\u00f6y A\u011f\u0131r Ceza Mahkemesi\u2019nde g\u00f6r\u00fcld\u00fc.<\/p>\n<p><img loading=\"lazy\" decoding=\"async\" class=\"aligncenter wp-image-34763 size-full\" src=\"https:\/\/adanaseshaber.com.tr\/wp-content\/uploads\/2022\/08\/ece-erken-durusma-salonunda-bayildi.jpg\" alt=\"\" width=\"1280\" height=\"720\" srcset=\"https:\/\/adanaseshaber.com.tr\/wp-content\/uploads\/2022\/08\/ece-erken-durusma-salonunda-bayildi.jpg 1280w, https:\/\/adanaseshaber.com.tr\/wp-content\/uploads\/2022\/08\/ece-erken-durusma-salonunda-bayildi-300x169.jpg 300w, https:\/\/adanaseshaber.com.tr\/wp-content\/uploads\/2022\/08\/ece-erken-durusma-salonunda-bayildi-1024x576.jpg 1024w, https:\/\/adanaseshaber.com.tr\/wp-content\/uploads\/2022\/08\/ece-erken-durusma-salonunda-bayildi-768x432.jpg 768w, https:\/\/adanaseshaber.com.tr\/wp-content\/uploads\/2022\/08\/ece-erken-durusma-salonunda-bayildi-390x220.jpg 390w\" sizes=\"auto, (max-width: 1280px) 100vw, 1280px\" \/><\/p>\n<p><strong>ECE ERKEN DURU\u015eMA SALONUNDA BAYILDI<\/strong><\/p>\n<p>\u00dcnl\u00fc sunucu Ece Erken, e\u015finin katledilmesine ili\u015fkin ilk duru\u015fmada adliyede yerini ald\u0131. Davan\u0131n ilk duru\u015fmas\u0131na kat\u0131lan Ece Erken, fenal\u0131k ge\u00e7irerek salondan d\u0131\u015far\u0131 \u00e7\u0131kt\u0131. Ece Erken ile \u015fafak Mahmutyaz\u0131c\u0131o\u011flu\u2019nun a\u011fabeyi Celal Mahmutyaz\u0131c\u0131o\u011flu da avukatlar\u0131yla birlikte adliyede haz\u0131r bulundu. Duru\u015fma salonunda fenal\u0131k ge\u00e7iren ve bay\u0131ld\u0131\u011f\u0131 \u00f6\u011frenilen Ece Erken\u2019in sa\u011fl\u0131k durumuyla ilgili ilk a\u00e7\u0131klama avukat\u0131ndan geldi. \u00dcnl\u00fc sunucu Erken\u2019in avukat\u0131 P\u0131r\u0131l Erkanl\u0131 \u00dc\u00e7g\u00fcl, \u2018Duru\u015fma sonuna kadar dayanamad\u0131. Kollar\u0131na girerek arka kap\u0131dan \u00e7\u0131kartt\u0131k. Hastaneye g\u00f6t\u00fcr\u00fcl\u00fcyor. Sandalyenin u\u00e7 k\u0131sm\u0131na ba\u015f\u0131n\u0131 vurdu\u011fu i\u00e7in belki bir doktor kontrol\u00fc gerekebilir.\u2019 dedi.<\/p>\n","protected":false},"excerpt":{"rendered":"<p>Ge\u00e7ti\u011fimiz aylarda e\u015fi \u015eafak Mahmutyaz\u0131c\u0131o\u011flu\u2019nun vefat\u0131yla sars\u0131lan \u00fcnl\u00fc sunucu Ece Erken, \u015eafak Mahmutyaz\u0131c\u0131o\u011flu\u2019nun \u00f6ld\u00fcr\u00fclmesine ili\u015fkin davan\u0131n ilk duru\u015fmas\u0131nda bay\u0131ld\u0131. San\u0131k Kadir Yasak\u2019\u0131n savunma yapt\u0131\u011f\u0131 anlarda fenala\u015fan Erken\u2019in bayg\u0131nl\u0131k ge\u00e7irdi\u011fi \u00f6\u011frenildi. Duru\u015fma salonunda bay\u0131lan \u00fcnl\u00fc sunucunun fenala\u015ft\u0131\u011f\u0131 anlarda duru\u015fma salonundaki sandalyeye ba\u015f\u0131n\u0131 \u00e7arpt\u0131\u011f\u0131 \u00f6\u011frenildi. \u00dcnl\u00fc sunucunun duru\u015fma salonunda bay\u0131lmas\u0131yla ilgili avukat\u0131 P\u0131r\u0131l Erkanl\u0131 \u00dc\u00e7g\u00fcl\u2019den a\u00e7\u0131klama geldi. &hellip;<\/p>\n","protected":false},"author":6,"featured_media":34762,"comment_status":"closed","ping_status":"closed","sticky":false,"template":"","format":"standard","meta":{"footnotes":""},"categories":[15431],"tags":[],"class_list":["post-34761","post","type-post","status-publish","format-standard","has-post-thumbnail","hentry","category-medya"],"amp_enabled":true,"_links":{"self":[{"href":"https:\/\/adanaseshaber.com.tr\/index.php?rest_route=\/wp\/v2\/posts\/34761","targetHints":{"allow":["GET"]}}],"collection":[{"href":"https:\/\/adanaseshaber.com.tr\/index.php?rest_route=\/wp\/v2\/posts"}],"about":[{"href":"https:\/\/adanaseshaber.com.tr\/index.php?rest_route=\/wp\/v2\/types\/post"}],"author":[{"embeddable":true,"href":"https:\/\/adanaseshaber.com.tr\/index.php?rest_route=\/wp\/v2\/users\/6"}],"replies":[{"embeddable":true,"href":"https:\/\/adanaseshaber.com.tr\/index.php?rest_route=%2Fwp%2Fv2%2Fcomments&post=34761"}],"version-history":[{"count":2,"href":"https:\/\/adanaseshaber.com.tr\/index.php?rest_route=\/wp\/v2\/posts\/34761\/revisions"}],"predecessor-version":[{"id":34765,"href":"https:\/\/adanaseshaber.com.tr\/index.php?rest_route=\/wp\/v2\/posts\/34761\/revisions\/34765"}],"wp:featuredmedia":[{"embeddable":true,"href":"https:\/\/adanaseshaber.com.tr\/index.php?rest_route=\/wp\/v2\/media\/34762"}],"wp:attachment":[{"href":"https:\/\/adanaseshaber.com.tr\/index.php?rest_route=%2Fwp%2Fv2%2Fmedia&parent=34761"}],"wp:term":[{"taxonomy":"category","embeddable":true,"href":"https:\/\/adanaseshaber.com.tr\/index.php?rest_route=%2Fwp%2Fv2%2Fcategories&post=34761"},{"taxonomy":"post_tag","embeddable":true,"href":"https:\/\/adanaseshaber.com.tr\/index.php?rest_route=%2Fwp%2Fv2%2Ftags&post=34761"}],"curies":[{"name":"wp","href":"https:\/\/api.w.org\/{rel}","templated":true}]}}