{"id":34788,"date":"2022-08-16T16:39:07","date_gmt":"2022-08-16T13:39:07","guid":{"rendered":"https:\/\/www.adanaseshaber.com\/?p=34788"},"modified":"2022-08-16T16:39:13","modified_gmt":"2022-08-16T13:39:13","slug":"prof-dr-naci-gorurun-minimum-7-2-deprem-aciklamasi-urkuttu","status":"publish","type":"post","link":"https:\/\/adanaseshaber.com.tr\/?p=34788","title":{"rendered":"Prof. Dr. Naci G\u00f6r\u00fcr\u2019\u00fcn minimum 7.2 deprem a\u00e7\u0131klamas\u0131 \u00fcrk\u00fctt\u00fc"},"content":{"rendered":"<p>Bilim Akademisi \u00dcyesi Yer Bilimci Prof. Dr. Naci G\u00f6r\u00fcr\u2019\u00fcn olas\u0131 \u0130stanbul depremi ile ilgili yapt\u0131\u011f\u0131 yeni a\u00e7\u0131klamalar \u00fcrk\u00fctt\u00fc. \u0130stanbul depreminin minimum 7.2, maksimum 7.6 b\u00fcy\u00fckl\u00fc\u011f\u00fcnde olabilece\u011fini s\u00f6yleyen Prof. Dr. Naci G\u00f6r\u00fcr, Avrupa Yakas\u0131\u2019n\u0131n k\u0131y\u0131 kesimlerinin depremden etkilenebilece\u011fini s\u00f6yledi. G\u00f6r\u00fcr\u2019\u00fcn \u0130stanbul depremi ile ilgili tahminleri sosyal medyan\u0131n g\u00fcndemine yerle\u015fti. Yer Bilimci Prof. Dr. Naci G\u00f6r\u00fcr, olas\u0131 \u0130stanbul depremi ile ilgili yorumlar\u0131n\u0131 dile getirdi. Deprem tahminleri ile s\u0131k s\u0131k g\u00fcndeme gelen G\u00f6r\u00fcr, \u0130stanbul depreminin minimum 7.2, maksimum 7.6 b\u00fcy\u00fckl\u00fc\u011f\u00fcnde olabilece\u011fini s\u00f6yledi. \u0130\u015fte Prof. Dr. Naci G\u00f6r\u00fcr\u2019\u00fcn a\u00e7\u0131klamalar\u0131ndan \u00f6ne \u00e7\u0131kan ba\u015fl\u0131klar\u2026<\/p>\n<p><strong>2029 KR\u0130T\u0130K YIL<\/strong><\/p>\n<p>Elaz\u0131\u011f depremi ba\u015fta olmak \u00fczere \u00e7ok say\u0131da depremin tahminini ger\u00e7e\u011fine yak\u0131n yapan Yer Bilimci Prof. Dr. Naci G\u00f6r\u00fcr, olas\u0131 \u0130stanbul depremi ile ilgili de yorumlarda bulundu. Demir\u00f6ren Haber Ajans\u0131\u2019na a\u00e7\u0131klamalarda bulunan Prof. Dr. G\u00f6r\u00fcr, bilimsel verilere dayanarak yapt\u0131\u011f\u0131 de\u011ferlendirmeler kapsam\u0131nda 2029 y\u0131l\u0131n\u0131 i\u015faret etti. Marmara\u2019da beklenen depremin 1999 y\u0131l\u0131ndan itibaren her an olmak kayd\u0131yla 30 sene i\u00e7erisinde olma olas\u0131l\u0131\u011f\u0131n\u0131n y\u00fczde 64 oldu\u011funu bilimsel olarak a\u00e7\u0131klayan G\u00f6r\u00fcr, \u20181999\u2019dan bu yana 23 sene ge\u00e7ti. Y\u00fczde 64 olas\u0131l\u0131k 2029\u2019a kadar oldu\u011funa g\u00f6re, biz i\u015fin son evresine geldik.\u2019 ifadelerini kulland\u0131.<\/p>\n<p><strong>DEPREM\u0130N B\u00dcY\u00dcKL\u00dc\u011e\u00dcNE DA\u0130R YORUMU<\/strong><\/p>\n<p>Yer Bilimci Prof. Dr. Naci G\u00f6r\u00fcr, olas\u0131 \u0130stanbul depreminin b\u00fcy\u00fckl\u00fc\u011f\u00fcne dair de yorum yapt\u0131. Olas\u0131 bir \u0130stanbul depreminin minimum 7.2, maksimum 7.6 olabilece\u011fini s\u00f6yleyen G\u00f6r\u00fcr, \u2018Marmara\u2019n\u0131n alt\u0131ndaki Kuzey Anadolu\u2019nun bir b\u00f6l\u00fcm\u00fc olan fay k\u0131r\u0131ld\u0131\u011f\u0131 takdirde minimum 7.2, maksimum 7.6 b\u00fcy\u00fckl\u00fc\u011f\u00fcnde deprem \u00fcretir.\u2019 dedi.<\/p>\n<p><img loading=\"lazy\" decoding=\"async\" class=\"aligncenter wp-image-34790 size-full\" src=\"https:\/\/adanaseshaber.com.tr\/wp-content\/uploads\/2022\/08\/prof-dr-naci-gorurun-minimum-7-2-deprem-aciklamasi-urkuttu-1.jpg\" alt=\"\" width=\"1280\" height=\"720\" srcset=\"https:\/\/adanaseshaber.com.tr\/wp-content\/uploads\/2022\/08\/prof-dr-naci-gorurun-minimum-7-2-deprem-aciklamasi-urkuttu-1.jpg 1280w, https:\/\/adanaseshaber.com.tr\/wp-content\/uploads\/2022\/08\/prof-dr-naci-gorurun-minimum-7-2-deprem-aciklamasi-urkuttu-1-300x169.jpg 300w, https:\/\/adanaseshaber.com.tr\/wp-content\/uploads\/2022\/08\/prof-dr-naci-gorurun-minimum-7-2-deprem-aciklamasi-urkuttu-1-1024x576.jpg 1024w, https:\/\/adanaseshaber.com.tr\/wp-content\/uploads\/2022\/08\/prof-dr-naci-gorurun-minimum-7-2-deprem-aciklamasi-urkuttu-1-768x432.jpg 768w, https:\/\/adanaseshaber.com.tr\/wp-content\/uploads\/2022\/08\/prof-dr-naci-gorurun-minimum-7-2-deprem-aciklamasi-urkuttu-1-390x220.jpg 390w\" sizes=\"auto, (max-width: 1280px) 100vw, 1280px\" \/><\/p>\n<p><strong>H\u00dcK\u00dcMETE \u00d6NEML\u0130 \u00c7A\u011eRI<\/strong><\/p>\n<p>Olas\u0131 \u0130stanbul depremi ile ilgili tahminlerinin ard\u0131ndan AK Parti h\u00fck\u00fcmetine \u00f6nemli bir \u00e7a\u011fr\u0131da bulunan Prof. Dr. Naci G\u00f6r\u00fcr, \u2018T\u00fcrk h\u00fck\u00fcmetinin alelacele e\u011fer \u0130stanbul\u2019u konu\u015fuyorsak \u0130stanbul B\u00fcy\u00fck\u015fehir Belediyesi ile i\u015f birli\u011fi yaparak halk\u0131 da i\u015fin i\u00e7ine alarak gerekli finans kaynaklar\u0131n\u0131 olu\u015fturarak, ba\u015fka hi\u00e7bir ciddi projeye para israf etmeyerek Sadece \u0130stanbul\u2019u h\u0131zla depreme haz\u0131rlanmas\u0131 laz\u0131m. Aksi halde \u00e7ok \u00fcz\u00fclece\u011fiz.\u2019 dedi.<\/p>\n","protected":false},"excerpt":{"rendered":"<p>Bilim Akademisi \u00dcyesi Yer Bilimci Prof. Dr. Naci G\u00f6r\u00fcr\u2019\u00fcn olas\u0131 \u0130stanbul depremi ile ilgili yapt\u0131\u011f\u0131 yeni a\u00e7\u0131klamalar \u00fcrk\u00fctt\u00fc. \u0130stanbul depreminin minimum 7.2, maksimum 7.6 b\u00fcy\u00fckl\u00fc\u011f\u00fcnde olabilece\u011fini s\u00f6yleyen Prof. Dr. Naci G\u00f6r\u00fcr, Avrupa Yakas\u0131\u2019n\u0131n k\u0131y\u0131 kesimlerinin depremden etkilenebilece\u011fini s\u00f6yledi. G\u00f6r\u00fcr\u2019\u00fcn \u0130stanbul depremi ile ilgili tahminleri sosyal medyan\u0131n g\u00fcndemine yerle\u015fti. Yer Bilimci Prof. Dr. Naci G\u00f6r\u00fcr, olas\u0131 &hellip;<\/p>\n","protected":false},"author":6,"featured_media":34789,"comment_status":"closed","ping_status":"closed","sticky":false,"template":"","format":"standard","meta":{"footnotes":""},"categories":[1],"tags":[],"class_list":["post-34788","post","type-post","status-publish","format-standard","has-post-thumbnail","hentry","category-genel"],"amp_enabled":true,"_links":{"self":[{"href":"https:\/\/adanaseshaber.com.tr\/index.php?rest_route=\/wp\/v2\/posts\/34788","targetHints":{"allow":["GET"]}}],"collection":[{"href":"https:\/\/adanaseshaber.com.tr\/index.php?rest_route=\/wp\/v2\/posts"}],"about":[{"href":"https:\/\/adanaseshaber.com.tr\/index.php?rest_route=\/wp\/v2\/types\/post"}],"author":[{"embeddable":true,"href":"https:\/\/adanaseshaber.com.tr\/index.php?rest_route=\/wp\/v2\/users\/6"}],"replies":[{"embeddable":true,"href":"https:\/\/adanaseshaber.com.tr\/index.php?rest_route=%2Fwp%2Fv2%2Fcomments&post=34788"}],"version-history":[{"count":2,"href":"https:\/\/adanaseshaber.com.tr\/index.php?rest_route=\/wp\/v2\/posts\/34788\/revisions"}],"predecessor-version":[{"id":34792,"href":"https:\/\/adanaseshaber.com.tr\/index.php?rest_route=\/wp\/v2\/posts\/34788\/revisions\/34792"}],"wp:featuredmedia":[{"embeddable":true,"href":"https:\/\/adanaseshaber.com.tr\/index.php?rest_route=\/wp\/v2\/media\/34789"}],"wp:attachment":[{"href":"https:\/\/adanaseshaber.com.tr\/index.php?rest_route=%2Fwp%2Fv2%2Fmedia&parent=34788"}],"wp:term":[{"taxonomy":"category","embeddable":true,"href":"https:\/\/adanaseshaber.com.tr\/index.php?rest_route=%2Fwp%2Fv2%2Fcategories&post=34788"},{"taxonomy":"post_tag","embeddable":true,"href":"https:\/\/adanaseshaber.com.tr\/index.php?rest_route=%2Fwp%2Fv2%2Ftags&post=34788"}],"curies":[{"name":"wp","href":"https:\/\/api.w.org\/{rel}","templated":true}]}}