{"id":34806,"date":"2022-08-16T17:31:11","date_gmt":"2022-08-16T14:31:11","guid":{"rendered":"https:\/\/www.adanaseshaber.com\/?p=34806"},"modified":"2022-08-16T17:31:11","modified_gmt":"2022-08-16T14:31:11","slug":"denizlide-imamlara-eskort-sorusturmasi","status":"publish","type":"post","link":"https:\/\/adanaseshaber.com.tr\/?p=34806","title":{"rendered":"Denizli\u2019de imamlara eskort soru\u015fturmas\u0131"},"content":{"rendered":"<p>Denizli\u2019de imamlar hakk\u0131ndaki iddialar\u0131n ard\u0131ndan devreye giren Diyanet, ortaya at\u0131lan eskort iddias\u0131yla ilgili soru\u015fturma ba\u015flatt\u0131. Kentteki imam ve m\u00fcezzinlerin eskort kad\u0131nlarla birlikte oldu\u011funa dair iddialar \u00fczerine harekete ge\u00e7en Diyanet, konu hakk\u0131nda soru\u015fturma ba\u015flatt\u0131. Diyanet \u0130\u015fleri Ba\u015fkanl\u0131\u011f\u0131, Denizli\u2019de 3 imam ve bir m\u00fcezzinin eskort kad\u0131nlarla birlikte oldu\u011funa dair iddialar \u00fczerine harekete ge\u00e7ti. Kentte konu\u015fulan ve g\u00fcn ge\u00e7tik\u00e7e artan s\u00f6ylentilerle ilgili devreye giren Diyanet, konu hakk\u0131nda soru\u015fturma ba\u015flatt\u0131. \u0130\u015fte detaylar\u2026<\/p>\n<p><strong>3 \u0130MAM VE 1 M\u00dcEZZ\u0130N HAKKINDA OLAY YARATAN \u0130DD\u0130A<\/strong><\/p>\n<p>Denizli, 3 imam ve 1 m\u00fcezzin hakk\u0131ndaki eskort kad\u0131n iddialar\u0131n\u0131 konu\u015fuyor. 3 imam ve bir m\u00fcezzinin eskort kad\u0131nlarla birlikte oldu\u011fu iddias\u0131 g\u00fcndem oldu. S\u00f6z konusu olay, kentte din g\u00f6revlilerinin eskort k\u0131zlarla birlikte oldu\u011funa dair s\u00f6ylentilerin ortaya \u00e7\u0131kmas\u0131yla ba\u015flad\u0131. Bu konunun din g\u00f6revlileri aras\u0131nda s\u0131kl\u0131kla konu\u015fulmaya ba\u015flanmas\u0131 \u00fczerine Merkezefendi \u0130l\u00e7e M\u00fcft\u00fcl\u00fc\u011f\u00fc taraf\u0131ndan idari soru\u015fturma ba\u015flat\u0131ld\u0131. Bu s\u00fcre\u00e7te m\u00fcft\u00fcl\u00fc\u011f\u00fc denetime gelen Diyanet \u0130\u015fleri Ba\u015fkanl\u0131\u011f\u0131 m\u00fcfetti\u015fleri de olay\u0131 \u00f6\u011frendi ve soru\u015fturma ba\u015flatt\u0131.<\/p>\n<p><strong>CAM\u0130YE A\u0130T TELEFONLA G\u00d6R\u00dc\u015eM\u00dc\u015eLER<\/strong><\/p>\n<p>Denizli\u2019de 3 imam ve 1 m\u00fcezzin hakk\u0131nda y\u00fcr\u00fct\u00fclen soru\u015fturma kapsam\u0131nda \u00e7ok say\u0131da din g\u00f6revlisinin ifadesine ba\u015fvuruldu\u011fu bilgisine ula\u015f\u0131ld\u0131. Soru\u015fturma kapsam\u0131nda son olarak soru\u015fturmaya konu olan 4 din g\u00f6revlisi dinlendi. Eskort k\u0131zlarla yap\u0131lan g\u00f6r\u00fc\u015fmelerin bir camiye kay\u0131tl\u0131 telefondan yap\u0131ld\u0131\u011f\u0131 ayr\u0131ca WhatsApp ve Twitter uygulamalar\u0131n\u0131n kullan\u0131larak temasa ge\u00e7ildi\u011finin tespit edildi\u011fi \u00f6ne s\u00fcr\u00fcld\u00fc. Kentte soru\u015fturma dedikodular\u0131n\u0131n h\u0131zla yay\u0131lmas\u0131 \u00fczerine Denizli \u0130l M\u00fcft\u00fcl\u00fc\u011f\u00fc \u00f6n\u00fcnde a\u00e7\u0131klamalarda bulunan Adil Sen Genel Ba\u015fkan\u0131 Ahmet Murat Hocao\u011flu, il\u00e7e m\u00fcft\u00fcs\u00fcn\u00fcn soru\u015fturman\u0131n selameti a\u00e7\u0131\u011fa al\u0131nmas\u0131 gerekti\u011fini s\u00f6yledi. Hocao\u011flu, soru\u015fturmadan sonu\u00e7 \u00e7\u0131kmamas\u0131 halinde gerekli ad\u0131m\u0131 atacaklar\u0131n\u0131 da ekledi.<\/p>\n","protected":false},"excerpt":{"rendered":"<p>Denizli\u2019de imamlar hakk\u0131ndaki iddialar\u0131n ard\u0131ndan devreye giren Diyanet, ortaya at\u0131lan eskort iddias\u0131yla ilgili soru\u015fturma ba\u015flatt\u0131. Kentteki imam ve m\u00fcezzinlerin eskort kad\u0131nlarla birlikte oldu\u011funa dair iddialar \u00fczerine harekete ge\u00e7en Diyanet, konu hakk\u0131nda soru\u015fturma ba\u015flatt\u0131. Diyanet \u0130\u015fleri Ba\u015fkanl\u0131\u011f\u0131, Denizli\u2019de 3 imam ve bir m\u00fcezzinin eskort kad\u0131nlarla birlikte oldu\u011funa dair iddialar \u00fczerine harekete ge\u00e7ti. Kentte konu\u015fulan ve g\u00fcn &hellip;<\/p>\n","protected":false},"author":6,"featured_media":34807,"comment_status":"closed","ping_status":"closed","sticky":false,"template":"","format":"standard","meta":{"footnotes":""},"categories":[1],"tags":[],"class_list":["post-34806","post","type-post","status-publish","format-standard","has-post-thumbnail","hentry","category-genel"],"amp_enabled":true,"_links":{"self":[{"href":"https:\/\/adanaseshaber.com.tr\/index.php?rest_route=\/wp\/v2\/posts\/34806","targetHints":{"allow":["GET"]}}],"collection":[{"href":"https:\/\/adanaseshaber.com.tr\/index.php?rest_route=\/wp\/v2\/posts"}],"about":[{"href":"https:\/\/adanaseshaber.com.tr\/index.php?rest_route=\/wp\/v2\/types\/post"}],"author":[{"embeddable":true,"href":"https:\/\/adanaseshaber.com.tr\/index.php?rest_route=\/wp\/v2\/users\/6"}],"replies":[{"embeddable":true,"href":"https:\/\/adanaseshaber.com.tr\/index.php?rest_route=%2Fwp%2Fv2%2Fcomments&post=34806"}],"version-history":[{"count":1,"href":"https:\/\/adanaseshaber.com.tr\/index.php?rest_route=\/wp\/v2\/posts\/34806\/revisions"}],"predecessor-version":[{"id":34808,"href":"https:\/\/adanaseshaber.com.tr\/index.php?rest_route=\/wp\/v2\/posts\/34806\/revisions\/34808"}],"wp:featuredmedia":[{"embeddable":true,"href":"https:\/\/adanaseshaber.com.tr\/index.php?rest_route=\/wp\/v2\/media\/34807"}],"wp:attachment":[{"href":"https:\/\/adanaseshaber.com.tr\/index.php?rest_route=%2Fwp%2Fv2%2Fmedia&parent=34806"}],"wp:term":[{"taxonomy":"category","embeddable":true,"href":"https:\/\/adanaseshaber.com.tr\/index.php?rest_route=%2Fwp%2Fv2%2Fcategories&post=34806"},{"taxonomy":"post_tag","embeddable":true,"href":"https:\/\/adanaseshaber.com.tr\/index.php?rest_route=%2Fwp%2Fv2%2Ftags&post=34806"}],"curies":[{"name":"wp","href":"https:\/\/api.w.org\/{rel}","templated":true}]}}