{"id":34817,"date":"2022-08-16T17:48:46","date_gmt":"2022-08-16T14:48:46","guid":{"rendered":"https:\/\/www.adanaseshaber.com\/?p=34817"},"modified":"2022-08-16T17:48:32","modified_gmt":"2022-08-16T14:48:32","slug":"oyuncu-erdem-basin-luks-araci-gundem-oldu","status":"publish","type":"post","link":"https:\/\/adanaseshaber.com.tr\/?p=34817","title":{"rendered":"Oyuncu Erdem Ba\u015f\u2019\u0131n l\u00fcks arac\u0131 g\u00fcndem oldu"},"content":{"rendered":"<p>Ge\u00e7ti\u011fimiz aylarda ABD\u2019ye yerle\u015fen oyuncu Erdem Ba\u015f, b\u00f6lgedeki ya\u015fam\u0131yla ilgili s\u0131k s\u0131k takip\u00e7ilerine payla\u015f\u0131mlar yap\u0131yor. Amerika Birle\u015fik Devletleri\u2019ne yerle\u015ftikten sonra sosyal medya hesab\u0131ndan payla\u015ft\u0131\u011f\u0131 videolarla g\u00fcndeme gelmeye devam eden Ba\u015f, ald\u0131\u011f\u0131 l\u00fcks arac\u0131 takip\u00e7ilerine sundu ve \u2018Umar\u0131m lin\u00e7 yemem\u2019 notunu d\u00fc\u015ft\u00fc. Ba\u015fvurdu\u011fu Green Card \u00e7ekili\u015finin kendisine \u00e7\u0131kmas\u0131n\u0131n ard\u0131ndan ABD\u2019ye yerle\u015fen \u00fcnl\u00fc oyuncu Erdem Ba\u015f, sosyal medya hesab\u0131 \u00fczerinden yapt\u0131\u011f\u0131 payla\u015f\u0131mlarla s\u0131k s\u0131k g\u00fcndeme geliyor. Payla\u015ft\u0131\u011f\u0131 videolarla g\u00fcndem olan \u00fcnl\u00fc oyuncu bu kez ald\u0131\u011f\u0131 l\u00fcks arac\u0131 takip\u00e7ileriyle payla\u015ft\u0131 ve bir kez daha g\u00fcndem oldu.<\/p>\n<p><strong>TELEFONUYLA \u0130LG\u0130L\u0130 DETAYLARI PAYLA\u015eMI\u015eTI<\/strong><\/p>\n<p>Bir d\u00f6neme damgas\u0131n\u0131 vuran Reyting Hamdi, Ayr\u0131lsak Da Beraberiz, Seksenler ve \u00c7ocuklar Duymas\u0131n gibi fenomen dizilerde rol alan \u00fcnl\u00fc oyuncu Erdem Ba\u015f, ba\u015fvurdu\u011fu Green Card \u00e7ekili\u015finin kendisine \u00e7\u0131kmas\u0131n\u0131n ard\u0131ndan Amerika Birle\u015fik Devletleri\u2019ne yerle\u015fmi\u015fti. Ge\u00e7ti\u011fimiz aylarda ABD\u2019ye yerle\u015fen ve oradaki ya\u015fant\u0131s\u0131yla ilgili \u00e7ekti\u011fi videolar\u0131 takip\u00e7ileriyle payla\u015fan Ba\u015f, ge\u00e7ti\u011fimiz g\u00fcnlerde yeni ald\u0131\u011f\u0131 telefonla ilgili detaylar\u0131 payla\u015fm\u0131\u015ft\u0131.<\/p>\n<p><img loading=\"lazy\" decoding=\"async\" class=\"aligncenter wp-image-34819 size-full\" src=\"https:\/\/adanaseshaber.com.tr\/wp-content\/uploads\/2022\/08\/oyuncu-erdem-basin-luks-araci-gundem-oldu-1.jpg\" alt=\"\" width=\"1280\" height=\"720\" srcset=\"https:\/\/adanaseshaber.com.tr\/wp-content\/uploads\/2022\/08\/oyuncu-erdem-basin-luks-araci-gundem-oldu-1.jpg 1280w, https:\/\/adanaseshaber.com.tr\/wp-content\/uploads\/2022\/08\/oyuncu-erdem-basin-luks-araci-gundem-oldu-1-300x169.jpg 300w, https:\/\/adanaseshaber.com.tr\/wp-content\/uploads\/2022\/08\/oyuncu-erdem-basin-luks-araci-gundem-oldu-1-1024x576.jpg 1024w, https:\/\/adanaseshaber.com.tr\/wp-content\/uploads\/2022\/08\/oyuncu-erdem-basin-luks-araci-gundem-oldu-1-768x432.jpg 768w, https:\/\/adanaseshaber.com.tr\/wp-content\/uploads\/2022\/08\/oyuncu-erdem-basin-luks-araci-gundem-oldu-1-390x220.jpg 390w\" sizes=\"auto, (max-width: 1280px) 100vw, 1280px\" \/><\/p>\n<p><strong>L\u00dcKS ARACINI PAYLA\u015eTI<\/strong><\/p>\n<p>Sosyal medya hesab\u0131 \u00fczerinden l\u00fcks arac\u0131n\u0131 payla\u015fan ve a\u00e7\u0131klama yapan oyuncu Erdem Ba\u015f, \u2018Burada araba temel bir ihtiya\u00e7. Koca bir k\u0131ta ve otob\u00fcsle bir yere gitmek \u00e7ok zor. Dolay\u0131s\u0131yla burada ilk \u00f6nce \u00e7\u00f6z\u00fclecek ihtiya\u00e7lardan biri araba. 2. el fiyatlar\u0131 eskiye g\u00f6re burada da biraz artm\u0131\u015f.\u2019 ifadelerini kulland\u0131.<\/p>\n<p><img loading=\"lazy\" decoding=\"async\" class=\"aligncenter wp-image-34820 size-full\" src=\"https:\/\/adanaseshaber.com.tr\/wp-content\/uploads\/2022\/08\/oyuncu-erdem-basin-luks-araci-gundem-oldu-2.jpg\" alt=\"\" width=\"1280\" height=\"720\" srcset=\"https:\/\/adanaseshaber.com.tr\/wp-content\/uploads\/2022\/08\/oyuncu-erdem-basin-luks-araci-gundem-oldu-2.jpg 1280w, https:\/\/adanaseshaber.com.tr\/wp-content\/uploads\/2022\/08\/oyuncu-erdem-basin-luks-araci-gundem-oldu-2-300x169.jpg 300w, https:\/\/adanaseshaber.com.tr\/wp-content\/uploads\/2022\/08\/oyuncu-erdem-basin-luks-araci-gundem-oldu-2-1024x576.jpg 1024w, https:\/\/adanaseshaber.com.tr\/wp-content\/uploads\/2022\/08\/oyuncu-erdem-basin-luks-araci-gundem-oldu-2-768x432.jpg 768w, https:\/\/adanaseshaber.com.tr\/wp-content\/uploads\/2022\/08\/oyuncu-erdem-basin-luks-araci-gundem-oldu-2-390x220.jpg 390w\" sizes=\"auto, (max-width: 1280px) 100vw, 1280px\" \/><\/p>\n<p><strong>\u2018T\u00dcRK\u0130YE\u2019DE L\u00dcKS ARABALARA B\u0130NEMED\u0130M\u2019<\/strong><\/p>\n<p>Ba\u015f, l\u00fcks bir Alman markas\u0131na ait 2009 model bir jeep sat\u0131n ald\u0131\u011f\u0131n\u0131 a\u00e7\u0131klad\u0131 ve ABD\u2019ye ta\u015f\u0131nmadan \u00f6nce ge\u00e7ti\u011fimiz Kas\u0131m ay\u0131nda T\u00fcrkiye\u2019de kulland\u0131\u011f\u0131 yerli marka otomobilini 146 bin TL\u2019ye satt\u0131\u011f\u0131n\u0131 anlatt\u0131. Kesesine uymas\u0131 i\u00e7in 2. el araba ald\u0131\u011f\u0131n\u0131 s\u00f6yleyen Ba\u015f, \u2018Benim i\u00e7in beni bir yerden bir yere g\u00f6t\u00fcrmesi \u00f6nemli olan. Bana fazla bile. Aya\u011f\u0131m\u0131z\u0131 yerden kesiyor. Bunlar\u0131 s\u00f6ylemeye utan\u0131yordum ama sonunda payla\u015ft\u0131m. Bundan dolay\u0131 umar\u0131m fazla lin\u00e7 yemem. Ben T\u00fcrkiye\u2019de satt\u0131\u011f\u0131m otomobilin fiyat\u0131na burada bu arac\u0131 ald\u0131m. T\u00fcrkiye\u2019de l\u00fcks arabalara binemedim. Hi\u00e7 b\u00f6yle l\u00fcks bir jeepe binmek gibi bir \u015fans\u0131m olmam\u0131\u015ft\u0131. Burada bunu kolay bir \u015fekilde alabildik.\u2019 ifadelerine yer verdi.<\/p>\n<p>&nbsp;<\/p>\n","protected":false},"excerpt":{"rendered":"<p>Ge\u00e7ti\u011fimiz aylarda ABD\u2019ye yerle\u015fen oyuncu Erdem Ba\u015f, b\u00f6lgedeki ya\u015fam\u0131yla ilgili s\u0131k s\u0131k takip\u00e7ilerine payla\u015f\u0131mlar yap\u0131yor. Amerika Birle\u015fik Devletleri\u2019ne yerle\u015ftikten sonra sosyal medya hesab\u0131ndan payla\u015ft\u0131\u011f\u0131 videolarla g\u00fcndeme gelmeye devam eden Ba\u015f, ald\u0131\u011f\u0131 l\u00fcks arac\u0131 takip\u00e7ilerine sundu ve \u2018Umar\u0131m lin\u00e7 yemem\u2019 notunu d\u00fc\u015ft\u00fc. Ba\u015fvurdu\u011fu Green Card \u00e7ekili\u015finin kendisine \u00e7\u0131kmas\u0131n\u0131n ard\u0131ndan ABD\u2019ye yerle\u015fen \u00fcnl\u00fc oyuncu Erdem Ba\u015f, sosyal &hellip;<\/p>\n","protected":false},"author":6,"featured_media":34818,"comment_status":"closed","ping_status":"closed","sticky":false,"template":"","format":"standard","meta":{"footnotes":""},"categories":[15431],"tags":[],"class_list":["post-34817","post","type-post","status-publish","format-standard","has-post-thumbnail","hentry","category-medya"],"amp_enabled":true,"_links":{"self":[{"href":"https:\/\/adanaseshaber.com.tr\/index.php?rest_route=\/wp\/v2\/posts\/34817","targetHints":{"allow":["GET"]}}],"collection":[{"href":"https:\/\/adanaseshaber.com.tr\/index.php?rest_route=\/wp\/v2\/posts"}],"about":[{"href":"https:\/\/adanaseshaber.com.tr\/index.php?rest_route=\/wp\/v2\/types\/post"}],"author":[{"embeddable":true,"href":"https:\/\/adanaseshaber.com.tr\/index.php?rest_route=\/wp\/v2\/users\/6"}],"replies":[{"embeddable":true,"href":"https:\/\/adanaseshaber.com.tr\/index.php?rest_route=%2Fwp%2Fv2%2Fcomments&post=34817"}],"version-history":[{"count":2,"href":"https:\/\/adanaseshaber.com.tr\/index.php?rest_route=\/wp\/v2\/posts\/34817\/revisions"}],"predecessor-version":[{"id":34822,"href":"https:\/\/adanaseshaber.com.tr\/index.php?rest_route=\/wp\/v2\/posts\/34817\/revisions\/34822"}],"wp:featuredmedia":[{"embeddable":true,"href":"https:\/\/adanaseshaber.com.tr\/index.php?rest_route=\/wp\/v2\/media\/34818"}],"wp:attachment":[{"href":"https:\/\/adanaseshaber.com.tr\/index.php?rest_route=%2Fwp%2Fv2%2Fmedia&parent=34817"}],"wp:term":[{"taxonomy":"category","embeddable":true,"href":"https:\/\/adanaseshaber.com.tr\/index.php?rest_route=%2Fwp%2Fv2%2Fcategories&post=34817"},{"taxonomy":"post_tag","embeddable":true,"href":"https:\/\/adanaseshaber.com.tr\/index.php?rest_route=%2Fwp%2Fv2%2Ftags&post=34817"}],"curies":[{"name":"wp","href":"https:\/\/api.w.org\/{rel}","templated":true}]}}