{"id":34847,"date":"2022-08-17T00:16:32","date_gmt":"2022-08-16T21:16:32","guid":{"rendered":"https:\/\/www.adanaseshaber.com\/?p=34847"},"modified":"2022-08-17T00:30:32","modified_gmt":"2022-08-16T21:30:32","slug":"gaziantepte-camilerden-anons-yapiliyor-operasyon-var-evden-cikmayin","status":"publish","type":"post","link":"https:\/\/adanaseshaber.com.tr\/?p=34847","title":{"rendered":"Gaziantep\u2019te camilerden anons yap\u0131l\u0131yor: Operasyon var evden \u00e7\u0131kmay\u0131n"},"content":{"rendered":"<p>Bug\u00fcn b\u00f6l\u00fcc\u00fc ter\u00f6r \u00f6rg\u00fct\u00fcn\u00fcn sald\u0131r\u0131s\u0131na kar\u015f\u0131l\u0131k verilmi\u015f ve 13 ter\u00f6rist etkisiz hale getirilmi\u015fti. Bu ak\u015fam Gaziantep\u2019te camilerden anons yap\u0131ld\u0131\u011f\u0131 iddialar\u0131 sosyal medyada yerini ald\u0131. Gaziantep Karkam\u0131\u015f\u2019ta camilerden anons yap\u0131ld\u0131\u011f\u0131 ve \u2018Kahraman T\u00fcrk ordusu birazdan ter\u00f6r \u00f6rg\u00fct\u00fc PKK\u2019ya operasyon d\u00fczenleyecek. L\u00fctfen evlerinizden \u00e7\u0131kmay\u0131n\u2019 ifadelerine yer verildi\u011fi aktar\u0131ld\u0131. Sosyal medya Gaziantep Karkam\u0131\u015f\u2019ta camilerden yap\u0131lan anonsu konu\u015fuyor. Bu ak\u015fam Karkam\u0131\u015f\u2019ta camilerden yap\u0131lan anons sosyal medyan\u0131n g\u00fcndemine otururken s\u00f6z konusu anonsta T\u00fcrk ordusunun ter\u00f6r \u00f6rg\u00fct\u00fcne y\u00f6nelik operasyon d\u00fczenleyece\u011fi duyuruldu ve vatanda\u015flara evlerinizden \u00e7\u0131kmay\u0131n uyar\u0131lar\u0131 yap\u0131ld\u0131.<\/p>\n<p><b>KARKAMI\u015e&#8217;TA CAM\u0130LERDEN OPERASYON ANONSU<\/b><\/p>\n<p>T\u00fcrkiye&#8217;nin Suriye s\u0131n\u0131r\u0131nda yer alan Gaziantep&#8217;in Karkam\u0131\u015f il\u00e7esindeki camilerden yap\u0131lan operasyon anonsu sosyal medyan\u0131n g\u00fcndemine oturdu. Karkam\u0131\u015f il\u00e7esindeki camilerden yap\u0131lan anonslarda &#8216;Kahraman T\u00fcrk ordusu birazdan ter\u00f6r \u00f6rg\u00fct\u00fc PKK&#8217;ya operasyon d\u00fczenleyecek. L\u00fctfen evlerinizden \u00e7\u0131kmay\u0131n&#8217; denildi.<\/p>\n<p><strong>BELED\u0130YE BA\u015eKANI&#8217;NDAN A\u00c7IKLAMA<\/strong><\/p>\n<p>Camilerden yap\u0131lan operasyon anonslar\u0131yla ilgili Karkam\u0131\u015f Belediye Ba\u015fkan\u0131 Ali Do\u011fan&#8217;dan a\u00e7\u0131klama geldi. Do\u011fan, &#8216;Duyulan sesler sizi tela\u015fland\u0131rmas\u0131n. G\u00fcvenlik g\u00fc\u00e7lerimizin kontroll\u00fc m\u00fcdahalesidir. Zorunlu olmad\u0131k\u00e7a d\u0131\u015far\u0131ya \u00e7\u0131kmay\u0131n\u0131z&#8217; ifadelerine yer verdi.<\/p>\n<p><img loading=\"lazy\" decoding=\"async\" class=\"aligncenter wp-image-34853 size-full\" src=\"https:\/\/adanaseshaber.com.tr\/wp-content\/uploads\/2022\/08\/gaziantepte-camilerden-anons-yapiliyor-operasyon-var-evden-cikmayin-1.jpg\" alt=\"\" width=\"1280\" height=\"720\" srcset=\"https:\/\/adanaseshaber.com.tr\/wp-content\/uploads\/2022\/08\/gaziantepte-camilerden-anons-yapiliyor-operasyon-var-evden-cikmayin-1.jpg 1280w, https:\/\/adanaseshaber.com.tr\/wp-content\/uploads\/2022\/08\/gaziantepte-camilerden-anons-yapiliyor-operasyon-var-evden-cikmayin-1-300x169.jpg 300w, https:\/\/adanaseshaber.com.tr\/wp-content\/uploads\/2022\/08\/gaziantepte-camilerden-anons-yapiliyor-operasyon-var-evden-cikmayin-1-1024x576.jpg 1024w, https:\/\/adanaseshaber.com.tr\/wp-content\/uploads\/2022\/08\/gaziantepte-camilerden-anons-yapiliyor-operasyon-var-evden-cikmayin-1-768x432.jpg 768w, https:\/\/adanaseshaber.com.tr\/wp-content\/uploads\/2022\/08\/gaziantepte-camilerden-anons-yapiliyor-operasyon-var-evden-cikmayin-1-390x220.jpg 390w\" sizes=\"auto, (max-width: 1280px) 100vw, 1280px\" \/><\/p>\n<p><strong>CEZALANDIRMA ATI\u015eLARI YAPILDI<\/strong><\/p>\n<p>B\u00f6l\u00fcc\u00fc ter\u00f6r \u00f6rg\u00fct\u00fc PKK\/YPG, Gaziantep&#8217;in Karkam\u0131\u015f il\u00e7esine 4 havan mermisi att\u0131. F\u0131rat Nehri&#8217;nin do\u011fusunda ter\u00f6r \u00f6rg\u00fct\u00fcn\u00fcn i\u015fgali alt\u0131nda yer alan b\u00f6lgelerden ate\u015flenen 4 havan mermisinin Karkam\u0131\u015f il\u00e7esindeki bo\u015f alanlara isabet etti\u011fi \u00f6\u011frenildi. Hemen ard\u0131ndan g\u00fcvenlik g\u00fc\u00e7leri b\u00f6lgeyi g\u00fcvenlik \u00e7emberine alarak inceleme ba\u015flatt\u0131. Belediye ekipleri ise anonslar yaparak vatanda\u015flara toplu halde bulunmamalar\u0131 ve s\u0131n\u0131r hatt\u0131na yakla\u015fmamalar\u0131 konusunda uyar\u0131lar yapt\u0131. Sald\u0131r\u0131n\u0131n hemen ard\u0131ndan ate\u015f destek vas\u0131talar\u0131yla me\u015fru m\u00fcdafaa kapsam\u0131nda cezaland\u0131rma at\u0131\u015flar\u0131 ger\u00e7ekle\u015ftirildi. Cezaland\u0131rma at\u0131\u015flar\u0131n\u0131n ard\u0131ndan Karkam\u0131\u015f il\u00e7esinin do\u011fusunda yer alan Aynularap&#8217;\u0131n bat\u0131s\u0131ndaki baz\u0131 ter\u00f6r \u00f6rg\u00fct\u00fc mensuplar\u0131n\u0131n yerle\u015fti\u011fi b\u00f6lgelerden umanlar y\u00fckselmeye ba\u015flad\u0131\u011f\u0131 \u00f6\u011frenildi.<\/p>\n","protected":false},"excerpt":{"rendered":"<p>Bug\u00fcn b\u00f6l\u00fcc\u00fc ter\u00f6r \u00f6rg\u00fct\u00fcn\u00fcn sald\u0131r\u0131s\u0131na kar\u015f\u0131l\u0131k verilmi\u015f ve 13 ter\u00f6rist etkisiz hale getirilmi\u015fti. Bu ak\u015fam Gaziantep\u2019te camilerden anons yap\u0131ld\u0131\u011f\u0131 iddialar\u0131 sosyal medyada yerini ald\u0131. Gaziantep Karkam\u0131\u015f\u2019ta camilerden anons yap\u0131ld\u0131\u011f\u0131 ve \u2018Kahraman T\u00fcrk ordusu birazdan ter\u00f6r \u00f6rg\u00fct\u00fc PKK\u2019ya operasyon d\u00fczenleyecek. L\u00fctfen evlerinizden \u00e7\u0131kmay\u0131n\u2019 ifadelerine yer verildi\u011fi aktar\u0131ld\u0131. Sosyal medya Gaziantep Karkam\u0131\u015f\u2019ta camilerden yap\u0131lan anonsu konu\u015fuyor. Bu &hellip;<\/p>\n","protected":false},"author":6,"featured_media":34848,"comment_status":"closed","ping_status":"closed","sticky":false,"template":"","format":"standard","meta":{"footnotes":""},"categories":[1],"tags":[],"class_list":["post-34847","post","type-post","status-publish","format-standard","has-post-thumbnail","hentry","category-genel"],"amp_enabled":true,"_links":{"self":[{"href":"https:\/\/adanaseshaber.com.tr\/index.php?rest_route=\/wp\/v2\/posts\/34847","targetHints":{"allow":["GET"]}}],"collection":[{"href":"https:\/\/adanaseshaber.com.tr\/index.php?rest_route=\/wp\/v2\/posts"}],"about":[{"href":"https:\/\/adanaseshaber.com.tr\/index.php?rest_route=\/wp\/v2\/types\/post"}],"author":[{"embeddable":true,"href":"https:\/\/adanaseshaber.com.tr\/index.php?rest_route=\/wp\/v2\/users\/6"}],"replies":[{"embeddable":true,"href":"https:\/\/adanaseshaber.com.tr\/index.php?rest_route=%2Fwp%2Fv2%2Fcomments&post=34847"}],"version-history":[{"count":5,"href":"https:\/\/adanaseshaber.com.tr\/index.php?rest_route=\/wp\/v2\/posts\/34847\/revisions"}],"predecessor-version":[{"id":34854,"href":"https:\/\/adanaseshaber.com.tr\/index.php?rest_route=\/wp\/v2\/posts\/34847\/revisions\/34854"}],"wp:featuredmedia":[{"embeddable":true,"href":"https:\/\/adanaseshaber.com.tr\/index.php?rest_route=\/wp\/v2\/media\/34848"}],"wp:attachment":[{"href":"https:\/\/adanaseshaber.com.tr\/index.php?rest_route=%2Fwp%2Fv2%2Fmedia&parent=34847"}],"wp:term":[{"taxonomy":"category","embeddable":true,"href":"https:\/\/adanaseshaber.com.tr\/index.php?rest_route=%2Fwp%2Fv2%2Fcategories&post=34847"},{"taxonomy":"post_tag","embeddable":true,"href":"https:\/\/adanaseshaber.com.tr\/index.php?rest_route=%2Fwp%2Fv2%2Ftags&post=34847"}],"curies":[{"name":"wp","href":"https:\/\/api.w.org\/{rel}","templated":true}]}}