{"id":34855,"date":"2022-08-17T01:44:27","date_gmt":"2022-08-16T22:44:27","guid":{"rendered":"https:\/\/www.adanaseshaber.com\/?p=34855"},"modified":"2022-08-17T01:44:03","modified_gmt":"2022-08-16T22:44:03","slug":"karkamista-camilerden-yapilan-operasyon-anonslari-hakkinda-sorusturma","status":"publish","type":"post","link":"https:\/\/adanaseshaber.com.tr\/?p=34855","title":{"rendered":"Karkam\u0131\u015f\u2019ta camilerden yap\u0131lan operasyon anonslar\u0131 hakk\u0131nda soru\u015fturma"},"content":{"rendered":"<p>Gaziantep\u2019in Karkam\u0131\u015f il\u00e7esindeki baz\u0131 camilerden T\u00fcrk ordusunun ter\u00f6r \u00f6rg\u00fct\u00fcne kar\u015f\u0131 operasyon d\u00fczenleyece\u011fine dair anonslar yap\u0131lm\u0131\u015ft\u0131. Sosyal medyan\u0131n g\u00fcndemine oturan operasyon anonslar\u0131yla ilgili yeni bir geli\u015fme ya\u015fand\u0131. Gaziantep Valisi Davut G\u00fcl, anonslar\u0131n maksad\u0131 a\u015ft\u0131\u011f\u0131n\u0131 s\u00f6yledi ve olayla ilgili soru\u015fturma ba\u015flat\u0131ld\u0131\u011f\u0131n\u0131 duyurdu. Camilerden yap\u0131lan operasyon anonslar\u0131 sosyal medyan\u0131n g\u00fcndemine oturdu ve k\u0131sa s\u00fcrede olay g\u00fcndemin ilk s\u0131ralar\u0131nda yerini ald\u0131. Operasyon anonslar\u0131 ile ilgili a\u00e7\u0131klama yapan Gaziantep Valisi Davut G\u00fcl, anonslar\u0131n maksad\u0131n\u0131 a\u015ft\u0131\u011f\u0131n\u0131 s\u00f6yledi ve sorumlu kamu g\u00f6revlileri hakk\u0131nda soru\u015fturma ba\u015flat\u0131ld\u0131\u011f\u0131n\u0131 duyurdu. Konuyla ilgili \u0130\u00e7i\u015fleri Bakan\u0131 S\u00fcleyman Soylu\u2019dan da a\u00e7\u0131klama geldi. \u0130\u015fte detaylar\u2026<\/p>\n<p><strong>SORU\u015eTURMA A\u00c7ILDI<\/strong><\/p>\n<p>Gaziantep Karkam\u0131\u015f il\u00e7esinde gece yar\u0131s\u0131 baz\u0131 camilerden yap\u0131lan operasyon anonslar\u0131 sosyal medyan\u0131n g\u00fcndemine yerle\u015fti. Hareketli saatlerin ya\u015fand\u0131\u011f\u0131 b\u00f6lgedeki anonslarla ilgili harekete ge\u00e7ildi. Gaziantep Valisi Davut G\u00fcl, camilerden yap\u0131lan anonslar\u0131n maksad\u0131n\u0131 a\u015ft\u0131\u011f\u0131n\u0131 ifade etti ve sorumlu kamu g\u00f6revlileri hakk\u0131nda soru\u015fturma a\u00e7\u0131ld\u0131\u011f\u0131n\u0131 bildirdi.<\/p>\n<p><img loading=\"lazy\" decoding=\"async\" class=\"aligncenter wp-image-34857 size-full\" src=\"https:\/\/adanaseshaber.com.tr\/wp-content\/uploads\/2022\/08\/karkamista-camilerden-yapilan-operasyon-anonslari-hakkinda-sorusturma-1.jpg\" alt=\"\" width=\"1280\" height=\"720\" srcset=\"https:\/\/adanaseshaber.com.tr\/wp-content\/uploads\/2022\/08\/karkamista-camilerden-yapilan-operasyon-anonslari-hakkinda-sorusturma-1.jpg 1280w, https:\/\/adanaseshaber.com.tr\/wp-content\/uploads\/2022\/08\/karkamista-camilerden-yapilan-operasyon-anonslari-hakkinda-sorusturma-1-300x169.jpg 300w, https:\/\/adanaseshaber.com.tr\/wp-content\/uploads\/2022\/08\/karkamista-camilerden-yapilan-operasyon-anonslari-hakkinda-sorusturma-1-1024x576.jpg 1024w, https:\/\/adanaseshaber.com.tr\/wp-content\/uploads\/2022\/08\/karkamista-camilerden-yapilan-operasyon-anonslari-hakkinda-sorusturma-1-768x432.jpg 768w, https:\/\/adanaseshaber.com.tr\/wp-content\/uploads\/2022\/08\/karkamista-camilerden-yapilan-operasyon-anonslari-hakkinda-sorusturma-1-390x220.jpg 390w\" sizes=\"auto, (max-width: 1280px) 100vw, 1280px\" \/><\/p>\n<p><strong>BAKAN SOYLU\u2019DAN A\u00c7IKLAMA<\/strong><\/p>\n<p>Gaziantep\u2019in Karkam\u0131\u015f il\u00e7esindeki baz\u0131 camilerden yap\u0131lan operasyon anonslar\u0131 ile ilgili a\u00e7\u0131klama yapan \u0130\u00e7i\u015fleri Bakan\u0131 S\u00fcleyman Soylu, \u2018Vali Bey ile biraz \u00f6nce konu\u015ftuk. Soka\u011fa \u00e7\u0131kma yasa\u011f\u0131 falan s\u00f6z konusu de\u011fil. Sadece ufak bir uyar\u0131 s\u00f6z konusu olacakm\u0131\u015f. Zannediyorum maksad\u0131n\u0131 a\u015fm\u0131\u015f bir uyar\u0131 yap\u0131lm\u0131\u015f. Ne soka\u011fa \u00e7\u0131kma yasa\u011f\u0131 var, ne ba\u015fka bir \u015fey s\u00f6z konusu. Bu tip i\u015flerde buradaki kamu g\u00f6revlilerine de ikaz\u0131m so\u011fukkanl\u0131 olmalar\u0131d\u0131r. Oradaki kamu g\u00f6revlilerini de tenkit etti\u011fimi s\u00f6ylemek istiyorum.\u2019 dedi.<\/p>\n<p><strong>CAM\u0130LERDEN OPERASYON ANONSU YAPILDI<\/strong><\/p>\n<p>Gaziantep Karkam\u0131\u015f\u2019taki baz\u0131 camilerden yap\u0131lan anonslarda \u2018Kahraman T\u00fcrk ordusu birazdan PKK\u2019ya operasyon d\u00fczenleyecektir. Kimse korkmas\u0131n. Herkes evinde kals\u0131n. Dikkatli ve tedbirli olsun\u2019 denildi.<\/p>\n","protected":false},"excerpt":{"rendered":"<p>Gaziantep\u2019in Karkam\u0131\u015f il\u00e7esindeki baz\u0131 camilerden T\u00fcrk ordusunun ter\u00f6r \u00f6rg\u00fct\u00fcne kar\u015f\u0131 operasyon d\u00fczenleyece\u011fine dair anonslar yap\u0131lm\u0131\u015ft\u0131. Sosyal medyan\u0131n g\u00fcndemine oturan operasyon anonslar\u0131yla ilgili yeni bir geli\u015fme ya\u015fand\u0131. Gaziantep Valisi Davut G\u00fcl, anonslar\u0131n maksad\u0131 a\u015ft\u0131\u011f\u0131n\u0131 s\u00f6yledi ve olayla ilgili soru\u015fturma ba\u015flat\u0131ld\u0131\u011f\u0131n\u0131 duyurdu. Camilerden yap\u0131lan operasyon anonslar\u0131 sosyal medyan\u0131n g\u00fcndemine oturdu ve k\u0131sa s\u00fcrede olay g\u00fcndemin ilk s\u0131ralar\u0131nda &hellip;<\/p>\n","protected":false},"author":6,"featured_media":34856,"comment_status":"closed","ping_status":"closed","sticky":false,"template":"","format":"standard","meta":{"footnotes":""},"categories":[1],"tags":[],"class_list":["post-34855","post","type-post","status-publish","format-standard","has-post-thumbnail","hentry","category-genel"],"amp_enabled":true,"_links":{"self":[{"href":"https:\/\/adanaseshaber.com.tr\/index.php?rest_route=\/wp\/v2\/posts\/34855","targetHints":{"allow":["GET"]}}],"collection":[{"href":"https:\/\/adanaseshaber.com.tr\/index.php?rest_route=\/wp\/v2\/posts"}],"about":[{"href":"https:\/\/adanaseshaber.com.tr\/index.php?rest_route=\/wp\/v2\/types\/post"}],"author":[{"embeddable":true,"href":"https:\/\/adanaseshaber.com.tr\/index.php?rest_route=\/wp\/v2\/users\/6"}],"replies":[{"embeddable":true,"href":"https:\/\/adanaseshaber.com.tr\/index.php?rest_route=%2Fwp%2Fv2%2Fcomments&post=34855"}],"version-history":[{"count":2,"href":"https:\/\/adanaseshaber.com.tr\/index.php?rest_route=\/wp\/v2\/posts\/34855\/revisions"}],"predecessor-version":[{"id":34859,"href":"https:\/\/adanaseshaber.com.tr\/index.php?rest_route=\/wp\/v2\/posts\/34855\/revisions\/34859"}],"wp:featuredmedia":[{"embeddable":true,"href":"https:\/\/adanaseshaber.com.tr\/index.php?rest_route=\/wp\/v2\/media\/34856"}],"wp:attachment":[{"href":"https:\/\/adanaseshaber.com.tr\/index.php?rest_route=%2Fwp%2Fv2%2Fmedia&parent=34855"}],"wp:term":[{"taxonomy":"category","embeddable":true,"href":"https:\/\/adanaseshaber.com.tr\/index.php?rest_route=%2Fwp%2Fv2%2Fcategories&post=34855"},{"taxonomy":"post_tag","embeddable":true,"href":"https:\/\/adanaseshaber.com.tr\/index.php?rest_route=%2Fwp%2Fv2%2Ftags&post=34855"}],"curies":[{"name":"wp","href":"https:\/\/api.w.org\/{rel}","templated":true}]}}