{"id":34860,"date":"2022-08-17T02:02:28","date_gmt":"2022-08-16T23:02:28","guid":{"rendered":"https:\/\/www.adanaseshaber.com\/?p=34860"},"modified":"2022-08-17T02:02:14","modified_gmt":"2022-08-16T23:02:14","slug":"guldur-guldur-showun-bilali-onur-buldu-vedasiyla-uzdu","status":"publish","type":"post","link":"https:\/\/adanaseshaber.com.tr\/?p=34860","title":{"rendered":"G\u00fcld\u00fcr G\u00fcld\u00fcr Show\u2019un Bilal\u2019i Onur Buldu vedas\u0131yla \u00fczd\u00fc"},"content":{"rendered":"<p>Show TV ekranlar\u0131nda yay\u0131nlanan ve her b\u00f6l\u00fcm\u00fc b\u00fcy\u00fck bir be\u011feniyle takip edilen G\u00fcld\u00fcr G\u00fcld\u00fcr Show\u2019un sevilen isimlerinden biri olan Onur Buldu, canland\u0131rd\u0131\u011f\u0131 Bilal karakteri ile \u00e7ok sevilmi\u015f ve geni\u015f bir hayran kitlesine ula\u015fm\u0131\u015ft\u0131. Ancak Onur Buldu\u2019nun projeye veda etti\u011fine dair iddialar g\u00fcndeme gelmeye ba\u015flad\u0131. Sevilen ismin yeni bir projede yer ald\u0131\u011f\u0131 i\u00e7in yap\u0131ma veda etti\u011fi \u00f6ne s\u00fcr\u00fcl\u00fcyor. G\u00fcld\u00fcr G\u00fcld\u00fcr Show ekibinin sevilen isimlerinden biri olan Onur Buldu\u2019nun yap\u0131ma veda etti\u011fine dair iddialar g\u00fcndem oldu. Bilal karakteriyle herkesin y\u00fcz\u00fcn\u00fc g\u00fcld\u00fcren ve b\u00fcy\u00fck bir be\u011feni kazanan Onur Buldu\u2019nun yeni bir yap\u0131mda yer alaca\u011f\u0131 i\u00e7in G\u00fcld\u00fcr G\u00fcld\u00fcr Show\u2019a veda etti\u011fi konu\u015fuluyor. Onur Buldu\u2019nun veda etti\u011fine dair iddialar sevenleri taraf\u0131ndan b\u00fcy\u00fck bir \u00fcz\u00fcnt\u00fcyle kar\u015f\u0131lan\u0131rken hen\u00fcz Buldu\u2019dan konuyla ilgili herhangi bir a\u00e7\u0131klama gelmedi.<\/p>\n<p><strong>AYRILIK \u0130DD\u0130ASI<\/strong><\/p>\n<p>Show TV ekranlar\u0131nda yay\u0131nlanan ve \u015fahane kadrosuyla her b\u00f6l\u00fcm\u00fc izlenme rekorlar\u0131 k\u0131ran G\u00fcld\u00fcr G\u00fcld\u00fcr Show\u2019un Bilal\u2019i Onur Buldu\u2019nun yap\u0131ma veda etti\u011fi iddia ediliyor. Onur Buldu\u2019nun hayranlar\u0131 sosyal medyada \u00e7ok konu\u015fulan bir iddia ortaya att\u0131. \u0130ddialara g\u00f6re \u00fcnl\u00fc oyuncu, yeni bir projede yer ald\u0131\u011f\u0131 i\u00e7in G\u00fcld\u00fcr G\u00fcld\u00fcr Show\u2019a veda edecek.<\/p>\n<p><strong>G\u00dcLD\u00dcR G\u00dcLD\u00dcR SHOW HAYRANLARINI \u00dcZEN \u0130DD\u0130A<\/strong><\/p>\n<p>\u00dcnl\u00fc oyuncu Onur Buldu, sosyal medya hesab\u0131ndan G\u00fcld\u00fcr G\u00fcld\u00fcr Show ekibinin maky\u00f6z\u00fc ile beraber foto\u011fraf\u0131n\u0131 payla\u015fm\u0131\u015ft\u0131. Buldu\u2019nun payla\u015ft\u0131\u011f\u0131 bu foto\u011fraf\u0131n alt\u0131na \u00e7ok say\u0131da yorum geldi. \u00dcnl\u00fc oyuncunun baz\u0131 hayranlar\u0131 \u2018Onur Buldu projeden ayr\u0131l\u0131yor\u2019 ifadeleriyle g\u00fcndem olan iddiay\u0131 ortaya att\u0131. Oyuncunun hayranlar\u0131 ayr\u0131l\u0131k iddias\u0131n\u0131n \u00e7e\u015fitli kaynaklardan do\u011fruland\u0131\u011f\u0131n\u0131 ve Buldu\u2019nun projeden ayr\u0131l\u0131\u011f\u0131n\u0131n kesin oldu\u011funu \u00f6ne s\u00fcrd\u00fc.<\/p>\n<p><img loading=\"lazy\" decoding=\"async\" class=\"aligncenter wp-image-34862 size-full\" src=\"https:\/\/adanaseshaber.com.tr\/wp-content\/uploads\/2022\/08\/guldur-guldur-showun-bilali-onur-buldu-vedasiyla-uzdu-1.jpg\" alt=\"\" width=\"1280\" height=\"720\" srcset=\"https:\/\/adanaseshaber.com.tr\/wp-content\/uploads\/2022\/08\/guldur-guldur-showun-bilali-onur-buldu-vedasiyla-uzdu-1.jpg 1280w, https:\/\/adanaseshaber.com.tr\/wp-content\/uploads\/2022\/08\/guldur-guldur-showun-bilali-onur-buldu-vedasiyla-uzdu-1-300x169.jpg 300w, https:\/\/adanaseshaber.com.tr\/wp-content\/uploads\/2022\/08\/guldur-guldur-showun-bilali-onur-buldu-vedasiyla-uzdu-1-1024x576.jpg 1024w, https:\/\/adanaseshaber.com.tr\/wp-content\/uploads\/2022\/08\/guldur-guldur-showun-bilali-onur-buldu-vedasiyla-uzdu-1-768x432.jpg 768w, https:\/\/adanaseshaber.com.tr\/wp-content\/uploads\/2022\/08\/guldur-guldur-showun-bilali-onur-buldu-vedasiyla-uzdu-1-390x220.jpg 390w\" sizes=\"auto, (max-width: 1280px) 100vw, 1280px\" \/><\/p>\n<p><strong>RESM\u0130 B\u0130R A\u00c7IKLAMA GELMED\u0130<\/strong><\/p>\n<p>\u00dcnl\u00fc oyuncu Onur Buldu\u2019nun G\u00fcld\u00fcr G\u00fcld\u00fcr Show kadrosundan ayr\u0131ld\u0131\u011f\u0131na dair iddialarla ilgili hen\u00fcz resmi bir a\u00e7\u0131klama gelmedi.<\/p>\n","protected":false},"excerpt":{"rendered":"<p>Show TV ekranlar\u0131nda yay\u0131nlanan ve her b\u00f6l\u00fcm\u00fc b\u00fcy\u00fck bir be\u011feniyle takip edilen G\u00fcld\u00fcr G\u00fcld\u00fcr Show\u2019un sevilen isimlerinden biri olan Onur Buldu, canland\u0131rd\u0131\u011f\u0131 Bilal karakteri ile \u00e7ok sevilmi\u015f ve geni\u015f bir hayran kitlesine ula\u015fm\u0131\u015ft\u0131. Ancak Onur Buldu\u2019nun projeye veda etti\u011fine dair iddialar g\u00fcndeme gelmeye ba\u015flad\u0131. Sevilen ismin yeni bir projede yer ald\u0131\u011f\u0131 i\u00e7in yap\u0131ma veda etti\u011fi &hellip;<\/p>\n","protected":false},"author":6,"featured_media":34861,"comment_status":"closed","ping_status":"closed","sticky":false,"template":"","format":"standard","meta":{"footnotes":""},"categories":[15431],"tags":[],"class_list":["post-34860","post","type-post","status-publish","format-standard","has-post-thumbnail","hentry","category-medya"],"amp_enabled":true,"_links":{"self":[{"href":"https:\/\/adanaseshaber.com.tr\/index.php?rest_route=\/wp\/v2\/posts\/34860","targetHints":{"allow":["GET"]}}],"collection":[{"href":"https:\/\/adanaseshaber.com.tr\/index.php?rest_route=\/wp\/v2\/posts"}],"about":[{"href":"https:\/\/adanaseshaber.com.tr\/index.php?rest_route=\/wp\/v2\/types\/post"}],"author":[{"embeddable":true,"href":"https:\/\/adanaseshaber.com.tr\/index.php?rest_route=\/wp\/v2\/users\/6"}],"replies":[{"embeddable":true,"href":"https:\/\/adanaseshaber.com.tr\/index.php?rest_route=%2Fwp%2Fv2%2Fcomments&post=34860"}],"version-history":[{"count":2,"href":"https:\/\/adanaseshaber.com.tr\/index.php?rest_route=\/wp\/v2\/posts\/34860\/revisions"}],"predecessor-version":[{"id":34864,"href":"https:\/\/adanaseshaber.com.tr\/index.php?rest_route=\/wp\/v2\/posts\/34860\/revisions\/34864"}],"wp:featuredmedia":[{"embeddable":true,"href":"https:\/\/adanaseshaber.com.tr\/index.php?rest_route=\/wp\/v2\/media\/34861"}],"wp:attachment":[{"href":"https:\/\/adanaseshaber.com.tr\/index.php?rest_route=%2Fwp%2Fv2%2Fmedia&parent=34860"}],"wp:term":[{"taxonomy":"category","embeddable":true,"href":"https:\/\/adanaseshaber.com.tr\/index.php?rest_route=%2Fwp%2Fv2%2Fcategories&post=34860"},{"taxonomy":"post_tag","embeddable":true,"href":"https:\/\/adanaseshaber.com.tr\/index.php?rest_route=%2Fwp%2Fv2%2Ftags&post=34860"}],"curies":[{"name":"wp","href":"https:\/\/api.w.org\/{rel}","templated":true}]}}