{"id":34950,"date":"2022-08-17T12:05:01","date_gmt":"2022-08-17T09:05:01","guid":{"rendered":"https:\/\/www.adanaseshaber.com\/?p=34950"},"modified":"2022-08-17T12:06:33","modified_gmt":"2022-08-17T09:06:33","slug":"merkez-bankasi-faiz-karari-merakla-bekleniyor","status":"publish","type":"post","link":"https:\/\/adanaseshaber.com.tr\/?p=34950","title":{"rendered":"Merkez Bankas\u0131 faiz karar\u0131 merakla bekleniyor"},"content":{"rendered":"<p>T\u00fcrkiye Cumhuriyeti Merkez Bankas\u0131, 2022 y\u0131l\u0131n\u0131n 8. faiz karar\u0131n\u0131 a\u00e7\u0131klayacak. Merkez\u2019in faiz karar\u0131 merakla bekleniyor. Yar\u0131n a\u00e7\u0131klanacak olan faiz karar\u0131 ile ilgili ekonomistlerin yorumlar\u0131 faizin y\u00fczde 14\u2019te sabit b\u0131rak\u0131laca\u011f\u0131 y\u00f6n\u00fcnde. Milyonlar\u0131n merakla bekledi\u011fi faiz karar\u0131 i\u00e7in g\u00f6zler yar\u0131n saat 14.00\u2019e \u00e7evrildi. Ekonomistlerin kat\u0131ld\u0131\u011f\u0131 anketler kapsam\u0131nda faizin y\u00fczde 14\u2019te sabit b\u0131rak\u0131lmas\u0131 bekleniyor. Y\u0131l\u0131n sekizinci faiz karar\u0131 i\u00e7in g\u00f6zler yar\u0131na \u00e7evrildi. Merkez, yar\u0131n saat 14.00\u2019te faiz karar\u0131n\u0131 a\u00e7\u0131klayacak. Ekonomistlerin kat\u0131ld\u0131\u011f\u0131 anketler kapsam\u0131nda faizin y\u00fczde 14\u2019te sabit kalmas\u0131 bekleniyor.<\/p>\n<p><strong>2021 YILI SER\u0130 FA\u0130Z \u0130ND\u0130R\u0130M\u0130YLE KAPANDI<\/strong><\/p>\n<p>Merkez Bankas\u0131, 2021 y\u0131l\u0131n\u0131 Eyl\u00fcl ay\u0131nda ba\u015flad\u0131\u011f\u0131 seri faiz indirimleriyle kapatm\u0131\u015ft\u0131. Merkez, Eyl\u00fcl ay\u0131nda 100 baz puan, Ekim ay\u0131nda 200 baz puan ve Kas\u0131m ay\u0131nda 100 baz puan ve Aral\u0131k ay\u0131nda ise 100 baz puanl\u0131k faiz indirimi yapm\u0131\u015ft\u0131. Bu kapsamsa 4 ayda toplamda yap\u0131lan 500 baz puanl\u0131k indirimle faiz y\u00fczde 14\u2019e \u00e7ekilmi\u015fti.<\/p>\n<p><strong>2022 YILINDA FA\u0130ZDE DE\u011e\u0130\u015e\u0130KL\u0130K OLMADI<\/strong><\/p>\n<p>T\u00fcrkiye Cumhuriyeti Merkez Bankas\u0131, 2022 y\u0131l\u0131nda faizde herhangi bir de\u011fi\u015fikli\u011fe gitmedi. Ocak ay\u0131ndan itibaren faizde de\u011fi\u015fiklik yapmayan Merkez Bankas\u0131, faizi y\u00fczde 14\u2019te sabit b\u0131rakt\u0131.<\/p>\n<p><img loading=\"lazy\" decoding=\"async\" class=\"aligncenter wp-image-34953 size-full\" src=\"https:\/\/adanaseshaber.com.tr\/wp-content\/uploads\/2022\/08\/merkez-bankasi-faiz-karari-merakla-bekleniyor-1.jpg\" alt=\"\" width=\"1280\" height=\"720\" srcset=\"https:\/\/adanaseshaber.com.tr\/wp-content\/uploads\/2022\/08\/merkez-bankasi-faiz-karari-merakla-bekleniyor-1.jpg 1280w, https:\/\/adanaseshaber.com.tr\/wp-content\/uploads\/2022\/08\/merkez-bankasi-faiz-karari-merakla-bekleniyor-1-300x169.jpg 300w, https:\/\/adanaseshaber.com.tr\/wp-content\/uploads\/2022\/08\/merkez-bankasi-faiz-karari-merakla-bekleniyor-1-1024x576.jpg 1024w, https:\/\/adanaseshaber.com.tr\/wp-content\/uploads\/2022\/08\/merkez-bankasi-faiz-karari-merakla-bekleniyor-1-768x432.jpg 768w, https:\/\/adanaseshaber.com.tr\/wp-content\/uploads\/2022\/08\/merkez-bankasi-faiz-karari-merakla-bekleniyor-1-390x220.jpg 390w\" sizes=\"auto, (max-width: 1280px) 100vw, 1280px\" \/><\/p>\n<p><strong>G\u00d6ZLER YARIN A\u00c7IKLANACAK KARARDA<\/strong><\/p>\n<p>T\u00fcrkiye Cumhuriyeti Merkez Bankas\u0131, 2022 y\u0131l\u0131n\u0131n sekizinci faiz karar\u0131n\u0131 yar\u0131n a\u00e7\u0131klayacak. \u015eimdi g\u00f6zler Merkez Bankas\u0131\u2019n\u0131n 18 A\u011fustos 2022 Per\u015fembe (yar\u0131n) saat 14.00\u2019te a\u00e7\u0131klayaca\u011f\u0131 faiz karar\u0131na \u00e7evrildi. Piyasalardaki genel beklenti ise faizlerin sabit tutulaca\u011f\u0131 y\u00f6n\u00fcnde.<\/p>\n","protected":false},"excerpt":{"rendered":"<p>T\u00fcrkiye Cumhuriyeti Merkez Bankas\u0131, 2022 y\u0131l\u0131n\u0131n 8. faiz karar\u0131n\u0131 a\u00e7\u0131klayacak. Merkez\u2019in faiz karar\u0131 merakla bekleniyor. Yar\u0131n a\u00e7\u0131klanacak olan faiz karar\u0131 ile ilgili ekonomistlerin yorumlar\u0131 faizin y\u00fczde 14\u2019te sabit b\u0131rak\u0131laca\u011f\u0131 y\u00f6n\u00fcnde. Milyonlar\u0131n merakla bekledi\u011fi faiz karar\u0131 i\u00e7in g\u00f6zler yar\u0131n saat 14.00\u2019e \u00e7evrildi. Ekonomistlerin kat\u0131ld\u0131\u011f\u0131 anketler kapsam\u0131nda faizin y\u00fczde 14\u2019te sabit b\u0131rak\u0131lmas\u0131 bekleniyor. Y\u0131l\u0131n sekizinci faiz karar\u0131 &hellip;<\/p>\n","protected":false},"author":6,"featured_media":34951,"comment_status":"closed","ping_status":"closed","sticky":false,"template":"","format":"standard","meta":{"footnotes":""},"categories":[1],"tags":[],"class_list":["post-34950","post","type-post","status-publish","format-standard","has-post-thumbnail","hentry","category-genel"],"amp_enabled":true,"_links":{"self":[{"href":"https:\/\/adanaseshaber.com.tr\/index.php?rest_route=\/wp\/v2\/posts\/34950","targetHints":{"allow":["GET"]}}],"collection":[{"href":"https:\/\/adanaseshaber.com.tr\/index.php?rest_route=\/wp\/v2\/posts"}],"about":[{"href":"https:\/\/adanaseshaber.com.tr\/index.php?rest_route=\/wp\/v2\/types\/post"}],"author":[{"embeddable":true,"href":"https:\/\/adanaseshaber.com.tr\/index.php?rest_route=\/wp\/v2\/users\/6"}],"replies":[{"embeddable":true,"href":"https:\/\/adanaseshaber.com.tr\/index.php?rest_route=%2Fwp%2Fv2%2Fcomments&post=34950"}],"version-history":[{"count":2,"href":"https:\/\/adanaseshaber.com.tr\/index.php?rest_route=\/wp\/v2\/posts\/34950\/revisions"}],"predecessor-version":[{"id":34954,"href":"https:\/\/adanaseshaber.com.tr\/index.php?rest_route=\/wp\/v2\/posts\/34950\/revisions\/34954"}],"wp:featuredmedia":[{"embeddable":true,"href":"https:\/\/adanaseshaber.com.tr\/index.php?rest_route=\/wp\/v2\/media\/34951"}],"wp:attachment":[{"href":"https:\/\/adanaseshaber.com.tr\/index.php?rest_route=%2Fwp%2Fv2%2Fmedia&parent=34950"}],"wp:term":[{"taxonomy":"category","embeddable":true,"href":"https:\/\/adanaseshaber.com.tr\/index.php?rest_route=%2Fwp%2Fv2%2Fcategories&post=34950"},{"taxonomy":"post_tag","embeddable":true,"href":"https:\/\/adanaseshaber.com.tr\/index.php?rest_route=%2Fwp%2Fv2%2Ftags&post=34950"}],"curies":[{"name":"wp","href":"https:\/\/api.w.org\/{rel}","templated":true}]}}