{"id":34960,"date":"2022-08-17T12:42:48","date_gmt":"2022-08-17T09:42:48","guid":{"rendered":"https:\/\/www.adanaseshaber.com\/?p=34960"},"modified":"2022-08-17T12:42:24","modified_gmt":"2022-08-17T09:42:24","slug":"ankarali-namik-sarkilarinda-dans-eden-abdli-sarkici-ve-kizi-sosyal-medyada-viral-oldu","status":"publish","type":"post","link":"https:\/\/adanaseshaber.com.tr\/?p=34960","title":{"rendered":"Ankaral\u0131 Nam\u0131k \u015fark\u0131lar\u0131nda dans eden ABD\u2019li \u015fark\u0131c\u0131 ve k\u0131z\u0131 sosyal medyada viral oldu"},"content":{"rendered":"<p>Ankaral\u0131 Nam\u0131k ve \u00dcmit Besen\u2019in \u015fark\u0131lar\u0131 e\u015fli\u011finde dans eden ABD\u2019li \u015fark\u0131c\u0131 Jksola ve k\u0131z\u0131 sosyal medyan\u0131n g\u00fcndemine yerle\u015fti. Jksola ve k\u0131z\u0131n\u0131n dans videosu sosyal medyada viral oldu. Baba ve k\u0131z\u0131n e\u011flenceli anlar\u0131 k\u0131sa s\u00fcrede g\u00fcndem olurken sosyal medyada h\u0131zla yay\u0131lan g\u00f6r\u00fcnt\u00fclere be\u011feni ve yorum ya\u011fd\u0131. \u00d6zellikle T\u00fcrk kullan\u0131c\u0131lar bu pozitif videoyu yorum ya\u011fmuruna tuttu. D\u00fcnyaca \u00fcnl\u00fc ABD\u2019li \u015fark\u0131c\u0131 Jksola, \u00dcmit Besen ve Ankaral\u0131 Nam\u0131k\u2019\u0131n \u015fark\u0131lar\u0131 e\u015fli\u011finde dans etti. K\u0131z\u0131 ile beraber e\u011flenceli bir dans performans\u0131 sergileyen \u00fcnl\u00fc \u015fark\u0131c\u0131n\u0131n bu g\u00f6r\u00fcnt\u00fcleri sosyal medyan\u0131n g\u00fcndemine oturdu. ABD\u2019li \u015fark\u0131c\u0131, k\u0131z\u0131 ile beraber dans etti\u011fi anlar\u0131 sosyal medya hesab\u0131ndan takip\u00e7ileriyle payla\u015ft\u0131. Herkesin i\u00e7ini \u0131s\u0131tan g\u00f6r\u00fcnt\u00fclere yorum ya\u011fd\u0131.<\/p>\n<p><strong>ANKARALI NAMIK VE \u00dcM\u0130T BESEN \u015eARKILARINDA DANS ETT\u0130LER<\/strong><\/p>\n<p>D\u00fcnyaca \u00fcnl\u00fc ABD\u2019li \u015fark\u0131c\u0131 Jksola, k\u0131z\u0131 ile beraber Ankaral\u0131 Nam\u0131k\u2019\u0131n \u2018Kap\u0131c\u0131 \u0130zzet\u2019 ve \u00dcmit Besen\u2019in \u2018I Love You\u2019 \u015fark\u0131lar\u0131nda dans etti. K\u0131z\u0131yla beraber dans videosunu takip\u00e7ileriyle payla\u015fan \u00fcnl\u00fc \u015fark\u0131c\u0131n\u0131n g\u00f6nderisi viral oldu. \u015eark\u0131c\u0131 ve k\u0131z\u0131n\u0131n dans etti\u011fi video milyonlarca ki\u015fi taraf\u0131ndan izlendi. \u00d6zellikle T\u00fcrk kullan\u0131c\u0131lar bu pozitif videoya yorum ve be\u011feni ya\u011fd\u0131rd\u0131. \u00dcnl\u00fc \u015fark\u0131c\u0131 da yap\u0131lan payla\u015f\u0131mlar\u0131 kendi sosyal medya hesab\u0131ndan payla\u015farak te\u015fekk\u00fcr etti. \u00dcnl\u00fc \u015fark\u0131c\u0131 \u00dcmit Besen\u2019in de kendi \u015fark\u0131s\u0131nda dans eden ABD\u2019li \u015fark\u0131c\u0131 ve k\u0131z\u0131n\u0131 Instagram hesab\u0131ndan payla\u015ft\u0131\u011f\u0131 g\u00f6r\u00fcld\u00fc.<\/p>\n<p><img loading=\"lazy\" decoding=\"async\" class=\"aligncenter wp-image-34962 size-full\" src=\"https:\/\/adanaseshaber.com.tr\/wp-content\/uploads\/2022\/08\/ankarali-namik-sarkilarinda-dans-eden-abdli-sarkici-ve-kizi-sosyal-medyada-viral-oldu-1.jpg\" alt=\"\" width=\"1280\" height=\"720\" srcset=\"https:\/\/adanaseshaber.com.tr\/wp-content\/uploads\/2022\/08\/ankarali-namik-sarkilarinda-dans-eden-abdli-sarkici-ve-kizi-sosyal-medyada-viral-oldu-1.jpg 1280w, https:\/\/adanaseshaber.com.tr\/wp-content\/uploads\/2022\/08\/ankarali-namik-sarkilarinda-dans-eden-abdli-sarkici-ve-kizi-sosyal-medyada-viral-oldu-1-300x169.jpg 300w, https:\/\/adanaseshaber.com.tr\/wp-content\/uploads\/2022\/08\/ankarali-namik-sarkilarinda-dans-eden-abdli-sarkici-ve-kizi-sosyal-medyada-viral-oldu-1-1024x576.jpg 1024w, https:\/\/adanaseshaber.com.tr\/wp-content\/uploads\/2022\/08\/ankarali-namik-sarkilarinda-dans-eden-abdli-sarkici-ve-kizi-sosyal-medyada-viral-oldu-1-768x432.jpg 768w, https:\/\/adanaseshaber.com.tr\/wp-content\/uploads\/2022\/08\/ankarali-namik-sarkilarinda-dans-eden-abdli-sarkici-ve-kizi-sosyal-medyada-viral-oldu-1-390x220.jpg 390w\" sizes=\"auto, (max-width: 1280px) 100vw, 1280px\" \/><\/p>\n<p><strong>SOSYAL MEDYADA G\u00dcNDEM OLDU<\/strong><\/p>\n<p>ABD\u2019li \u015fark\u0131c\u0131 Jksola ve k\u0131z\u0131n\u0131n Ankaral\u0131 Nam\u0131k ve \u00dcmit Besen\u2019in \u015fark\u0131lar\u0131 e\u015fli\u011finde dans etti\u011fi anlar sosyal medyan\u0131n g\u00fcndemine oturdu. K\u0131sa s\u00fcrede milyonlarca ki\u015fi taraf\u0131ndan izlenen ve payla\u015f\u0131m rekorlar\u0131 k\u0131ran g\u00f6r\u00fcnt\u00fcler sosyal medyada viral oldu.<\/p>\n","protected":false},"excerpt":{"rendered":"<p>Ankaral\u0131 Nam\u0131k ve \u00dcmit Besen\u2019in \u015fark\u0131lar\u0131 e\u015fli\u011finde dans eden ABD\u2019li \u015fark\u0131c\u0131 Jksola ve k\u0131z\u0131 sosyal medyan\u0131n g\u00fcndemine yerle\u015fti. Jksola ve k\u0131z\u0131n\u0131n dans videosu sosyal medyada viral oldu. Baba ve k\u0131z\u0131n e\u011flenceli anlar\u0131 k\u0131sa s\u00fcrede g\u00fcndem olurken sosyal medyada h\u0131zla yay\u0131lan g\u00f6r\u00fcnt\u00fclere be\u011feni ve yorum ya\u011fd\u0131. \u00d6zellikle T\u00fcrk kullan\u0131c\u0131lar bu pozitif videoyu yorum ya\u011fmuruna tuttu. D\u00fcnyaca &hellip;<\/p>\n","protected":false},"author":6,"featured_media":34961,"comment_status":"closed","ping_status":"closed","sticky":false,"template":"","format":"standard","meta":{"footnotes":""},"categories":[15431],"tags":[],"class_list":["post-34960","post","type-post","status-publish","format-standard","has-post-thumbnail","hentry","category-medya"],"amp_enabled":true,"_links":{"self":[{"href":"https:\/\/adanaseshaber.com.tr\/index.php?rest_route=\/wp\/v2\/posts\/34960","targetHints":{"allow":["GET"]}}],"collection":[{"href":"https:\/\/adanaseshaber.com.tr\/index.php?rest_route=\/wp\/v2\/posts"}],"about":[{"href":"https:\/\/adanaseshaber.com.tr\/index.php?rest_route=\/wp\/v2\/types\/post"}],"author":[{"embeddable":true,"href":"https:\/\/adanaseshaber.com.tr\/index.php?rest_route=\/wp\/v2\/users\/6"}],"replies":[{"embeddable":true,"href":"https:\/\/adanaseshaber.com.tr\/index.php?rest_route=%2Fwp%2Fv2%2Fcomments&post=34960"}],"version-history":[{"count":3,"href":"https:\/\/adanaseshaber.com.tr\/index.php?rest_route=\/wp\/v2\/posts\/34960\/revisions"}],"predecessor-version":[{"id":34965,"href":"https:\/\/adanaseshaber.com.tr\/index.php?rest_route=\/wp\/v2\/posts\/34960\/revisions\/34965"}],"wp:featuredmedia":[{"embeddable":true,"href":"https:\/\/adanaseshaber.com.tr\/index.php?rest_route=\/wp\/v2\/media\/34961"}],"wp:attachment":[{"href":"https:\/\/adanaseshaber.com.tr\/index.php?rest_route=%2Fwp%2Fv2%2Fmedia&parent=34960"}],"wp:term":[{"taxonomy":"category","embeddable":true,"href":"https:\/\/adanaseshaber.com.tr\/index.php?rest_route=%2Fwp%2Fv2%2Fcategories&post=34960"},{"taxonomy":"post_tag","embeddable":true,"href":"https:\/\/adanaseshaber.com.tr\/index.php?rest_route=%2Fwp%2Fv2%2Ftags&post=34960"}],"curies":[{"name":"wp","href":"https:\/\/api.w.org\/{rel}","templated":true}]}}