{"id":34971,"date":"2022-08-17T13:06:59","date_gmt":"2022-08-17T10:06:59","guid":{"rendered":"https:\/\/www.adanaseshaber.com\/?p=34971"},"modified":"2022-08-17T13:07:44","modified_gmt":"2022-08-17T10:07:44","slug":"cengiz-under-galatasaraya-geliyor","status":"publish","type":"post","link":"https:\/\/adanaseshaber.com.tr\/?p=34971","title":{"rendered":"Cengiz \u00dcnder Galatasaray\u2019a geliyor"},"content":{"rendered":"<p>Okan Buruk\u2019un y\u00f6netimindeki Galatasaray\u2019\u0131n Cengiz \u00dcnder i\u00e7in harekete ge\u00e7ti\u011fi \u00f6\u011frenildi. Marsilya\u2019da forma giyen ve \u015fimdilerde teknik direkt\u00f6r Tudor\u2019un planlar\u0131 aras\u0131nda yer almayan Cengiz \u00dcnder i\u00e7in Galatasaray d\u00fc\u011fmeye bast\u0131. \u00dcnder\u2019in Galatasaray Teknik Direkt\u00f6r\u00fc Okan Buruk ile g\u00f6r\u00fcnt\u00fcl\u00fc telefon konu\u015fmas\u0131 yapaca\u011f\u0131 \u00f6\u011frenildi. Milli futbolcumuz Cengiz \u00dcnder\u2019in Galatasaray\u2019a transferi i\u00e7in d\u00fc\u011fmeye bas\u0131ld\u0131. Marsilya\u2019da forma giyen Cengiz \u00dcnder\u2019in Galatasaray\u2019a transfer olmas\u0131 i\u00e7in harekete ge\u00e7ildi. Galatasaray Teknik Direkt\u00f6r\u00fc Okan Buruk\u2019un \u00dcnder\u2019i Galatasaray formas\u0131 giymesi i\u00e7in ikna etmesi bekleniyor.<\/p>\n<p><strong>GALATASARAY\u2019DA CENG\u0130Z \u00dcNDER HEYECANI<\/strong><\/p>\n<p>T\u00fcrkiye Milli Futbol tak\u0131m\u0131nda forma giyen ve Marsilya\u2019da top ko\u015fturan Cengiz \u00dcnder i\u00e7in Galatasaray\u2019da b\u00fcy\u00fck bir heyecan ya\u015fan\u0131yor. Marsilya Teknik Direkt\u00f6r\u00fc Tudor\u2019un planlar\u0131 aras\u0131nda yer almad\u0131\u011f\u0131 belirtilen Milli y\u0131ld\u0131z i\u00e7in Galatasaray d\u00fc\u011fmeye bast\u0131. 25 ya\u015f\u0131ndaki ba\u015far\u0131l\u0131 futbolcunun sat\u0131n alma opsiyonuyla kiralanmas\u0131 planlan\u0131yor. Cengiz \u00dcnder transferi i\u00e7in bizzat Galatasaray Teknik Direkt\u00f6r\u00fc Okan Buruk\u2019un devreye girdi\u011fi \u00f6\u011frenildi.<\/p>\n<p><strong>CENG\u0130Z \u00dcNDER GALATASARAY\u2019A GEL\u0130R M\u0130?<\/strong><\/p>\n<p>Marsilya Teknik Direkt\u00f6r\u00fc Tudor\u2019un oyun sistemine uymad\u0131\u011f\u0131 gerek\u00e7esiyle sat\u0131\u015f listesine konulan Cengiz \u00dcnder\u2019e sar\u0131-k\u0131rm\u0131z\u0131l\u0131 tak\u0131m talip oldu. Galatasaray\u2019\u0131n Milli y\u0131ld\u0131z\u0131 sat\u0131n alma opsiyonuyla kiralamaya \u00e7al\u0131\u015ft\u0131\u011f\u0131 \u00f6\u011frenildi. Cengiz \u00dcnder\u2019in \u00f6nceli\u011fi ise Avrupa2da kalmak. Avrupa2da kalmak isteyen Cengiz, Avrupa Kul\u00fcpleri\u2019nden gelecek olan tekliflere a\u011f\u0131rl\u0131k vermeyi d\u00fc\u015f\u00fcn\u00fcyor. Ancak \u00dcnder, Galatasaray\u2019\u0131n ilgisine de kay\u0131ts\u0131z de\u011fil.<\/p>\n<p><img loading=\"lazy\" decoding=\"async\" class=\"aligncenter wp-image-34975 size-full\" src=\"https:\/\/adanaseshaber.com.tr\/wp-content\/uploads\/2022\/08\/cengiz-under-galatasaraya-geliyor-1.jpg\" alt=\"\" width=\"1280\" height=\"720\" srcset=\"https:\/\/adanaseshaber.com.tr\/wp-content\/uploads\/2022\/08\/cengiz-under-galatasaraya-geliyor-1.jpg 1280w, https:\/\/adanaseshaber.com.tr\/wp-content\/uploads\/2022\/08\/cengiz-under-galatasaraya-geliyor-1-300x169.jpg 300w, https:\/\/adanaseshaber.com.tr\/wp-content\/uploads\/2022\/08\/cengiz-under-galatasaraya-geliyor-1-1024x576.jpg 1024w, https:\/\/adanaseshaber.com.tr\/wp-content\/uploads\/2022\/08\/cengiz-under-galatasaraya-geliyor-1-768x432.jpg 768w, https:\/\/adanaseshaber.com.tr\/wp-content\/uploads\/2022\/08\/cengiz-under-galatasaraya-geliyor-1-390x220.jpg 390w\" sizes=\"auto, (max-width: 1280px) 100vw, 1280px\" \/><\/p>\n<p><strong>OKAN BURUK TELEFON G\u00d6R\u00dc\u015eMES\u0130 YAPACAK<\/strong><\/p>\n<p>Galatasaray Teknik Direkt\u00f6r\u00fc Okan Buruk\u2019un Cengiz \u00dcnder\u2019le g\u00f6r\u00fcnt\u00fcl\u00fc telefon konu\u015fmas\u0131 yapaca\u011f\u0131 \u00f6\u011frenildi. Cengiz ile bizzat g\u00f6r\u00fc\u015fecek olan Okan Buruk\u2019un Milli y\u0131ld\u0131z\u0131 Galatasaray\u2019a gelmesi i\u00e7in ikna etmeye \u00e7al\u0131\u015faca\u011f\u0131 aktar\u0131ld\u0131.<\/p>\n","protected":false},"excerpt":{"rendered":"<p>Okan Buruk\u2019un y\u00f6netimindeki Galatasaray\u2019\u0131n Cengiz \u00dcnder i\u00e7in harekete ge\u00e7ti\u011fi \u00f6\u011frenildi. Marsilya\u2019da forma giyen ve \u015fimdilerde teknik direkt\u00f6r Tudor\u2019un planlar\u0131 aras\u0131nda yer almayan Cengiz \u00dcnder i\u00e7in Galatasaray d\u00fc\u011fmeye bast\u0131. \u00dcnder\u2019in Galatasaray Teknik Direkt\u00f6r\u00fc Okan Buruk ile g\u00f6r\u00fcnt\u00fcl\u00fc telefon konu\u015fmas\u0131 yapaca\u011f\u0131 \u00f6\u011frenildi. Milli futbolcumuz Cengiz \u00dcnder\u2019in Galatasaray\u2019a transferi i\u00e7in d\u00fc\u011fmeye bas\u0131ld\u0131. Marsilya\u2019da forma giyen Cengiz \u00dcnder\u2019in Galatasaray\u2019a &hellip;<\/p>\n","protected":false},"author":6,"featured_media":34972,"comment_status":"closed","ping_status":"closed","sticky":false,"template":"","format":"standard","meta":{"footnotes":""},"categories":[5],"tags":[],"class_list":["post-34971","post","type-post","status-publish","format-standard","has-post-thumbnail","hentry","category-spor"],"amp_enabled":true,"_links":{"self":[{"href":"https:\/\/adanaseshaber.com.tr\/index.php?rest_route=\/wp\/v2\/posts\/34971","targetHints":{"allow":["GET"]}}],"collection":[{"href":"https:\/\/adanaseshaber.com.tr\/index.php?rest_route=\/wp\/v2\/posts"}],"about":[{"href":"https:\/\/adanaseshaber.com.tr\/index.php?rest_route=\/wp\/v2\/types\/post"}],"author":[{"embeddable":true,"href":"https:\/\/adanaseshaber.com.tr\/index.php?rest_route=\/wp\/v2\/users\/6"}],"replies":[{"embeddable":true,"href":"https:\/\/adanaseshaber.com.tr\/index.php?rest_route=%2Fwp%2Fv2%2Fcomments&post=34971"}],"version-history":[{"count":2,"href":"https:\/\/adanaseshaber.com.tr\/index.php?rest_route=\/wp\/v2\/posts\/34971\/revisions"}],"predecessor-version":[{"id":34976,"href":"https:\/\/adanaseshaber.com.tr\/index.php?rest_route=\/wp\/v2\/posts\/34971\/revisions\/34976"}],"wp:featuredmedia":[{"embeddable":true,"href":"https:\/\/adanaseshaber.com.tr\/index.php?rest_route=\/wp\/v2\/media\/34972"}],"wp:attachment":[{"href":"https:\/\/adanaseshaber.com.tr\/index.php?rest_route=%2Fwp%2Fv2%2Fmedia&parent=34971"}],"wp:term":[{"taxonomy":"category","embeddable":true,"href":"https:\/\/adanaseshaber.com.tr\/index.php?rest_route=%2Fwp%2Fv2%2Fcategories&post=34971"},{"taxonomy":"post_tag","embeddable":true,"href":"https:\/\/adanaseshaber.com.tr\/index.php?rest_route=%2Fwp%2Fv2%2Ftags&post=34971"}],"curies":[{"name":"wp","href":"https:\/\/api.w.org\/{rel}","templated":true}]}}