{"id":34993,"date":"2022-08-17T14:32:29","date_gmt":"2022-08-17T11:32:29","guid":{"rendered":"https:\/\/www.adanaseshaber.com\/?p=34993"},"modified":"2022-08-17T14:32:57","modified_gmt":"2022-08-17T11:32:57","slug":"sehit-enes-gazi-ozdemirin-ailesine-aci-haber-verildi","status":"publish","type":"post","link":"https:\/\/adanaseshaber.com.tr\/?p=34993","title":{"rendered":"\u015eehit Enes Gazi \u00d6zdemir\u2019in ailesine ac\u0131 haber verildi"},"content":{"rendered":"<p>\u015eanl\u0131urfa s\u0131n\u0131r\u0131na b\u00f6l\u00fcc\u00fc ter\u00f6r \u00f6rg\u00fct\u00fc PKK taraf\u0131ndan yap\u0131lan havan tacizi sonucunda yaralanan ve hastanede tedavi alt\u0131na al\u0131nan Top\u00e7u S\u00f6zle\u015fmeli Er Enes Gazi \u00d6zemir \u015fehit oldu. \u015eehit Enes Gazi \u00d6zdemir\u2019in ac\u0131 haberi Yozgat\u2019taki ailesine ula\u015ft\u0131. \u015eanl\u0131urfa s\u0131n\u0131r\u0131nda ter\u00f6ristlerce a\u00e7\u0131lan taciz ate\u015fi sonucunda yaral\u0131 olarak hastaneye kald\u0131r\u0131lan ve hastanede \u015fehit olan Top\u00e7u S\u00f6zle\u015fmeli Er Enes Gazi \u00d6zdemir\u2019in ac\u0131 haberi baba oca\u011f\u0131 Yozgat\u2019a ula\u015ft\u0131. Askeri yetkililer, \u015fehidin Yenido\u011fan Mahallesi\u2019ndeki baba evine gelerek anne ve babas\u0131na ac\u0131 haberi verdi.<\/p>\n<p><strong>BABA OCA\u011eI YOZGAT\u2019A ACI HABER ULA\u015eTI<\/strong><\/p>\n<p>\u015eanl\u0131urfa Birecik hududuna ter\u00f6ristlerce ger\u00e7ekle\u015ftirilen havanl\u0131 sald\u0131r\u0131da yaralanan ve hastaneye kald\u0131r\u0131larak tedavi alt\u0131na al\u0131nan Enes Gazi \u00d6zdemir \u015fehit oldu. Milli Savunma Bakanl\u0131\u011f\u0131, Top\u00e7u S\u00f6zle\u015fmeli Er Enes Gazi \u00d6zdemir\u2019in \u015fehit oldu\u011funu a\u00e7\u0131klad\u0131. \u015eehit haberi baba oca\u011f\u0131 Yozgat\u2019a ula\u015f\u0131rken askeri yetkililer \u015fehidin anne ve babas\u0131na ac\u0131 haberi verdi.<\/p>\n<p><strong>\u015eEH\u0130T SAYISI 2\u2019YE Y\u00dcKSELD\u0130<\/strong><\/p>\n<p>B\u00f6l\u00fcc\u00fc ter\u00f6r \u00f6rg\u00fct\u00fc PKK, \u015eanl\u0131urfa\u2019n\u0131n Birecik il\u00e7esi \u00c7i\u00e7ekalan Hudut Karakolu\u2019na roketli sald\u0131r\u0131 d\u00fczenledi. Hain sald\u0131r\u0131 sonucunda yaralanan 5 askerden 1\u2019i \u015fehit olurken 4 askerin hastanedeki tedavisinin devam etti\u011fi \u00f6\u011frenilmi\u015fti. Milli Savunma Bakanl\u0131\u011f\u0131\u2019n\u0131n son a\u00e7\u0131klamas\u0131nda \u015fehit say\u0131s\u0131n\u0131n 2\u2019ye y\u00fckseldi\u011fi duyuruldu. MSB, roketli sald\u0131r\u0131da yaralanan ve hastanede tedavi alt\u0131na al\u0131nan askerlerden Top\u00e7u S\u00f6zle\u015fmeli Er Enes Gazi \u00d6zdemir\u2019in \u015fehit oldu\u011funu a\u00e7\u0131klad\u0131.<\/p>\n<p><img loading=\"lazy\" decoding=\"async\" class=\"aligncenter wp-image-34996 size-full\" src=\"https:\/\/adanaseshaber.com.tr\/wp-content\/uploads\/2022\/08\/sehit-enes-gazi-ozdemirin-ailesine-aci-haber-verildi-1.jpg\" alt=\"\" width=\"1280\" height=\"720\" srcset=\"https:\/\/adanaseshaber.com.tr\/wp-content\/uploads\/2022\/08\/sehit-enes-gazi-ozdemirin-ailesine-aci-haber-verildi-1.jpg 1280w, https:\/\/adanaseshaber.com.tr\/wp-content\/uploads\/2022\/08\/sehit-enes-gazi-ozdemirin-ailesine-aci-haber-verildi-1-300x169.jpg 300w, https:\/\/adanaseshaber.com.tr\/wp-content\/uploads\/2022\/08\/sehit-enes-gazi-ozdemirin-ailesine-aci-haber-verildi-1-1024x576.jpg 1024w, https:\/\/adanaseshaber.com.tr\/wp-content\/uploads\/2022\/08\/sehit-enes-gazi-ozdemirin-ailesine-aci-haber-verildi-1-768x432.jpg 768w, https:\/\/adanaseshaber.com.tr\/wp-content\/uploads\/2022\/08\/sehit-enes-gazi-ozdemirin-ailesine-aci-haber-verildi-1-390x220.jpg 390w\" sizes=\"auto, (max-width: 1280px) 100vw, 1280px\" \/><\/p>\n<p><strong>YOZGAT\u2019A \u015eEH\u0130T ATE\u015e\u0130 D\u00dc\u015eT\u00dc<\/strong><\/p>\n<p>\u015eanl\u0131urfa Birecik\u2019te PKK\/YPG\u2019li ter\u00f6ristler taraf\u0131ndan d\u00fczenlenen roketli sald\u0131r\u0131 sonucunda yaralanan ve Ankara G\u00fclhane E\u011fitim ve Ara\u015ft\u0131rma Hastanesi\u2019ne kald\u0131r\u0131lan Top\u00e7u S\u00f6zle\u015fmeli Er Enes Gazi \u00d6zdemir\u2019in ac\u0131 haberi Yozgat\u2019\u0131n Sorgun il\u00e7esindeki baba oca\u011f\u0131na ula\u015ft\u0131.<\/p>\n","protected":false},"excerpt":{"rendered":"<p>\u015eanl\u0131urfa s\u0131n\u0131r\u0131na b\u00f6l\u00fcc\u00fc ter\u00f6r \u00f6rg\u00fct\u00fc PKK taraf\u0131ndan yap\u0131lan havan tacizi sonucunda yaralanan ve hastanede tedavi alt\u0131na al\u0131nan Top\u00e7u S\u00f6zle\u015fmeli Er Enes Gazi \u00d6zemir \u015fehit oldu. \u015eehit Enes Gazi \u00d6zdemir\u2019in ac\u0131 haberi Yozgat\u2019taki ailesine ula\u015ft\u0131. \u015eanl\u0131urfa s\u0131n\u0131r\u0131nda ter\u00f6ristlerce a\u00e7\u0131lan taciz ate\u015fi sonucunda yaral\u0131 olarak hastaneye kald\u0131r\u0131lan ve hastanede \u015fehit olan Top\u00e7u S\u00f6zle\u015fmeli Er Enes Gazi \u00d6zdemir\u2019in &hellip;<\/p>\n","protected":false},"author":6,"featured_media":34994,"comment_status":"closed","ping_status":"closed","sticky":false,"template":"","format":"standard","meta":{"footnotes":""},"categories":[1],"tags":[],"class_list":["post-34993","post","type-post","status-publish","format-standard","has-post-thumbnail","hentry","category-genel"],"amp_enabled":true,"_links":{"self":[{"href":"https:\/\/adanaseshaber.com.tr\/index.php?rest_route=\/wp\/v2\/posts\/34993","targetHints":{"allow":["GET"]}}],"collection":[{"href":"https:\/\/adanaseshaber.com.tr\/index.php?rest_route=\/wp\/v2\/posts"}],"about":[{"href":"https:\/\/adanaseshaber.com.tr\/index.php?rest_route=\/wp\/v2\/types\/post"}],"author":[{"embeddable":true,"href":"https:\/\/adanaseshaber.com.tr\/index.php?rest_route=\/wp\/v2\/users\/6"}],"replies":[{"embeddable":true,"href":"https:\/\/adanaseshaber.com.tr\/index.php?rest_route=%2Fwp%2Fv2%2Fcomments&post=34993"}],"version-history":[{"count":2,"href":"https:\/\/adanaseshaber.com.tr\/index.php?rest_route=\/wp\/v2\/posts\/34993\/revisions"}],"predecessor-version":[{"id":34997,"href":"https:\/\/adanaseshaber.com.tr\/index.php?rest_route=\/wp\/v2\/posts\/34993\/revisions\/34997"}],"wp:featuredmedia":[{"embeddable":true,"href":"https:\/\/adanaseshaber.com.tr\/index.php?rest_route=\/wp\/v2\/media\/34994"}],"wp:attachment":[{"href":"https:\/\/adanaseshaber.com.tr\/index.php?rest_route=%2Fwp%2Fv2%2Fmedia&parent=34993"}],"wp:term":[{"taxonomy":"category","embeddable":true,"href":"https:\/\/adanaseshaber.com.tr\/index.php?rest_route=%2Fwp%2Fv2%2Fcategories&post=34993"},{"taxonomy":"post_tag","embeddable":true,"href":"https:\/\/adanaseshaber.com.tr\/index.php?rest_route=%2Fwp%2Fv2%2Ftags&post=34993"}],"curies":[{"name":"wp","href":"https:\/\/api.w.org\/{rel}","templated":true}]}}