{"id":34998,"date":"2022-08-17T14:43:54","date_gmt":"2022-08-17T11:43:54","guid":{"rendered":"https:\/\/www.adanaseshaber.com\/?p=34998"},"modified":"2022-08-17T15:23:50","modified_gmt":"2022-08-17T12:23:50","slug":"turkiye-israile-buyukelci-atiyor-disisleri-bakani-cavusoglu-acikladi","status":"publish","type":"post","link":"https:\/\/adanaseshaber.com.tr\/?p=34998","title":{"rendered":"T\u00fcrkiye \u0130srail\u2019e b\u00fcy\u00fckel\u00e7i at\u0131yor! D\u0131\u015fi\u015fleri Bakan\u0131 \u00c7avu\u015fo\u011flu a\u00e7\u0131klad\u0131"},"content":{"rendered":"<p>D\u0131\u015fi\u015fleri Bakan\u0131 Mevl\u00fct \u00c7avu\u015fo\u011flu, kat\u0131ld\u0131\u011f\u0131 bas\u0131n toplant\u0131s\u0131nda \u00e7ok \u00f6nemli a\u00e7\u0131klamalarda bulundu. T\u00fcrkiye ile \u0130srail aras\u0131ndaki normalle\u015fen ili\u015fkilerin bir sonucu olarak Tel Aviv\u2019le kar\u015f\u0131l\u0131kl\u0131 olarak b\u00fcy\u00fckel\u00e7i atama karar\u0131 al\u0131nd\u0131\u011f\u0131n\u0131 duyuran Bakan \u00c7avu\u015fo\u011flu, Tel Aviv\u2019e b\u00fcy\u00fckel\u00e7i atanaca\u011f\u0131n\u0131 a\u00e7\u0131klad\u0131. \u0130srail ile T\u00fcrkiye ili\u015fkilerinde yeni bir d\u00f6nem ba\u015fl\u0131yor. Uzun bir s\u00fcredir gergin olan ili\u015fkilerde son d\u00f6nemde tansiyon d\u00fc\u015ft\u00fc. \u0130ki \u00fclke aras\u0131nda ili\u015fkilerin normalle\u015fmeye ba\u015flamas\u0131yla D\u0131\u015fi\u015fleri Bakan\u0131 Mevl\u00fct \u00c7avu\u015fo\u011flu, geride b\u0131rakt\u0131\u011f\u0131m\u0131z aylarda \u0130srail\u2019e ziyarette bulunmu\u015ftu. Bakan \u00c7avu\u015fo\u011flu\u2019nun bu ziyaretinin ard\u0131ndan \u0130srail D\u0131\u015fi\u015fleri Bakan\u0131 Yair Lapid de T\u00fcrkiye\u2019yi ziyaret etmi\u015fti. Bakan \u00c7avu\u015fo\u011flu\u2019ndan gelen son a\u00e7\u0131klamada ise Tel Aviv\u2019e b\u00fcy\u00fckel\u00e7i atanaca\u011f\u0131 bilgisine yer verildi.<\/p>\n<p><strong>T\u00dcRK\u0130YE-\u0130SRA\u0130L \u0130L\u0130\u015eK\u0130LER\u0130NDE YEN\u0130 D\u00d6NEM<\/strong><\/p>\n<p>D\u0131\u015fi\u015fleri Bakan\u0131 Mevl\u00fct \u00c7avu\u015fo\u011flu, kat\u0131ld\u0131\u011f\u0131 bas\u0131n toplant\u0131s\u0131nda \u00e7ok \u00f6nemli a\u00e7\u0131klamalara yer verdi. Uzun bir s\u00fcredir gergin olan T\u00fcrkiye-\u0130srail ili\u015fkilerinde son d\u00f6nemde ya\u015fanan geli\u015fmeler tansiyonu d\u00fc\u015f\u00fcrm\u00fc\u015f ve iki \u00fclke aras\u0131ndaki ili\u015fkilr normale d\u00f6nmeye ba\u015flam\u0131\u015ft\u0131. Bakan \u00c7avu\u015fo\u011flu, \u0130srail&#8217;le normalle\u015fen ili\u015fkilerin bir sonucu olarak Tel Aviv&#8217;le kar\u015f\u0131l\u0131kl\u0131 olarak b\u00fcy\u00fckel\u00e7i atama karar\u0131 al\u0131nd\u0131\u011f\u0131n\u0131 duyurdu.<\/p>\n<p><img loading=\"lazy\" decoding=\"async\" class=\"aligncenter wp-image-35018 size-full\" src=\"https:\/\/adanaseshaber.com.tr\/wp-content\/uploads\/2022\/08\/turkiye-israile-buyukelci-atiyor-disisleri-bakani-cavusoglu-acikladi-1.jpg\" alt=\"\" width=\"1280\" height=\"720\" srcset=\"https:\/\/adanaseshaber.com.tr\/wp-content\/uploads\/2022\/08\/turkiye-israile-buyukelci-atiyor-disisleri-bakani-cavusoglu-acikladi-1.jpg 1280w, https:\/\/adanaseshaber.com.tr\/wp-content\/uploads\/2022\/08\/turkiye-israile-buyukelci-atiyor-disisleri-bakani-cavusoglu-acikladi-1-300x169.jpg 300w, https:\/\/adanaseshaber.com.tr\/wp-content\/uploads\/2022\/08\/turkiye-israile-buyukelci-atiyor-disisleri-bakani-cavusoglu-acikladi-1-1024x576.jpg 1024w, https:\/\/adanaseshaber.com.tr\/wp-content\/uploads\/2022\/08\/turkiye-israile-buyukelci-atiyor-disisleri-bakani-cavusoglu-acikladi-1-768x432.jpg 768w, https:\/\/adanaseshaber.com.tr\/wp-content\/uploads\/2022\/08\/turkiye-israile-buyukelci-atiyor-disisleri-bakani-cavusoglu-acikladi-1-390x220.jpg 390w\" sizes=\"auto, (max-width: 1280px) 100vw, 1280px\" \/><\/p>\n<p><strong>&#8216;TEL AV\u0130V&#8217;E B\u00dcY\u00dcKEL\u00c7\u0130 ATAYACA\u011eIZ&#8217;<\/strong><\/p>\n<p>D\u0131\u015fi\u015fleri Bakan\u0131 Mevl\u00fct \u00c7avu\u015fo\u011flu ile K\u0131rg\u0131zistan D\u0131\u015fi\u015fleri Bakan\u0131 Ceenbek Kulubayev, g\u00f6r\u00fc\u015fmeleri sonras\u0131nda ortak bas\u0131n toplant\u0131s\u0131 d\u00fczenledi. Bas\u0131n toplant\u0131s\u0131ndaki a\u00e7\u0131klamalar\u0131nda T\u00fcrkiye ile \u0130srail aras\u0131ndaki ili\u015fkilere de de\u011finen Bakan \u00c7avu\u015fo\u011flu, yeni h\u00fck\u00fcmet g\u00f6reve geldikten sonra \u0130srail ile bir diyalog s\u00fcreci ba\u015flad\u0131\u011f\u0131n\u0131 s\u00f6yledi ve &#8216;Say\u0131n Herzog&#8217;un T\u00fcrkiye ziyareti ve benim \u0130srail ziyaretim ile s\u00fcre\u00e7 devam etti. \u0130li\u015fkilerin normalle\u015fmesi konusunda ataca\u011f\u0131m\u0131z ad\u0131mlar i\u00e7erisinde b\u00fcy\u00fckel\u00e7ilerin atanmas\u0131 da vard\u0131. Daha \u00f6nce bu konuda \u00e7al\u0131\u015fmalar\u0131 ba\u015flatt\u0131\u011f\u0131m\u0131z\u0131 da duyurmu\u015ftuk. \u0130srail ile kar\u015f\u0131l\u0131kl\u0131 b\u00fcy\u00fckel\u00e7i atama karar\u0131 ald\u0131k. Tel Aviv&#8217;e b\u00fcy\u00fckel\u00e7i ataca\u011f\u0131z. \u0130simler a\u00e7\u0131klanacak. Ve s\u00fcre\u00e7 resmen ba\u015flam\u0131\u015f olacak. Hay\u0131rl\u0131 olsun.&#8217; dedi.<\/p>\n<p><strong>\u0130SRA\u0130L&#8217;DEN A\u00c7IKLAMA<\/strong><\/p>\n<p>T\u00fcrkiye-\u0130srail ili\u015fkilerinde normalle\u015fme ba\u015flarken iki \u00fclke aras\u0131ndaki b\u00fcy\u00fckel\u00e7i karar\u0131 g\u00fcndeme bomba gibi d\u00fc\u015ft\u00fc. B\u00fcy\u00fckel\u00e7i karar\u0131n\u0131n ard\u0131ndan \u0130srail Ba\u015fbakan\u0131&#8217;ndan da konuyla ilgili a\u00e7\u0131klama geldi. \u0130srail Ba\u015fbakan\u0131 Lapid, &#8216;B\u00fcy\u00fckel\u00e7i atama karar\u0131 b\u00f6lgesel istikrar i\u00e7in b\u00fcy\u00fck \u00f6nem ta\u015f\u0131yor.&#8217; dedi. \u0130ki \u00fclkenin ald\u0131\u011f\u0131 b\u00fcy\u00fckel\u00e7i atama karar\u0131na bir yorum da \u0130srail Cumhurba\u015fkan\u0131&#8217;ndan geldi. \u0130srail Cumhurba\u015fkan\u0131 Herzog, &#8216;T\u00fcrkiye ile tam diplomatik ili\u015fkilerin yeniden kurulmas\u0131n\u0131 memnuniyetle kar\u015f\u0131l\u0131yorum. Do\u011fu Akdeniz&#8217;de iyi bir ortakl\u0131k ve kom\u015fuluk hepimiz i\u00e7in \u00f6nemlidir. T\u00fcm inan\u00e7lar\u0131n mensuplar\u0131 bar\u0131\u015f i\u00e7inde ya\u015fayabilir ve ya\u015famal\u0131d\u0131r.&#8217; ifadelerine yer verdi.<\/p>\n","protected":false},"excerpt":{"rendered":"<p>D\u0131\u015fi\u015fleri Bakan\u0131 Mevl\u00fct \u00c7avu\u015fo\u011flu, kat\u0131ld\u0131\u011f\u0131 bas\u0131n toplant\u0131s\u0131nda \u00e7ok \u00f6nemli a\u00e7\u0131klamalarda bulundu. T\u00fcrkiye ile \u0130srail aras\u0131ndaki normalle\u015fen ili\u015fkilerin bir sonucu olarak Tel Aviv\u2019le kar\u015f\u0131l\u0131kl\u0131 olarak b\u00fcy\u00fckel\u00e7i atama karar\u0131 al\u0131nd\u0131\u011f\u0131n\u0131 duyuran Bakan \u00c7avu\u015fo\u011flu, Tel Aviv\u2019e b\u00fcy\u00fckel\u00e7i atanaca\u011f\u0131n\u0131 a\u00e7\u0131klad\u0131. \u0130srail ile T\u00fcrkiye ili\u015fkilerinde yeni bir d\u00f6nem ba\u015fl\u0131yor. Uzun bir s\u00fcredir gergin olan ili\u015fkilerde son d\u00f6nemde tansiyon d\u00fc\u015ft\u00fc. \u0130ki &hellip;<\/p>\n","protected":false},"author":6,"featured_media":34999,"comment_status":"closed","ping_status":"closed","sticky":false,"template":"","format":"standard","meta":{"footnotes":""},"categories":[1],"tags":[],"class_list":["post-34998","post","type-post","status-publish","format-standard","has-post-thumbnail","hentry","category-genel"],"amp_enabled":true,"_links":{"self":[{"href":"https:\/\/adanaseshaber.com.tr\/index.php?rest_route=\/wp\/v2\/posts\/34998","targetHints":{"allow":["GET"]}}],"collection":[{"href":"https:\/\/adanaseshaber.com.tr\/index.php?rest_route=\/wp\/v2\/posts"}],"about":[{"href":"https:\/\/adanaseshaber.com.tr\/index.php?rest_route=\/wp\/v2\/types\/post"}],"author":[{"embeddable":true,"href":"https:\/\/adanaseshaber.com.tr\/index.php?rest_route=\/wp\/v2\/users\/6"}],"replies":[{"embeddable":true,"href":"https:\/\/adanaseshaber.com.tr\/index.php?rest_route=%2Fwp%2Fv2%2Fcomments&post=34998"}],"version-history":[{"count":8,"href":"https:\/\/adanaseshaber.com.tr\/index.php?rest_route=\/wp\/v2\/posts\/34998\/revisions"}],"predecessor-version":[{"id":35019,"href":"https:\/\/adanaseshaber.com.tr\/index.php?rest_route=\/wp\/v2\/posts\/34998\/revisions\/35019"}],"wp:featuredmedia":[{"embeddable":true,"href":"https:\/\/adanaseshaber.com.tr\/index.php?rest_route=\/wp\/v2\/media\/34999"}],"wp:attachment":[{"href":"https:\/\/adanaseshaber.com.tr\/index.php?rest_route=%2Fwp%2Fv2%2Fmedia&parent=34998"}],"wp:term":[{"taxonomy":"category","embeddable":true,"href":"https:\/\/adanaseshaber.com.tr\/index.php?rest_route=%2Fwp%2Fv2%2Fcategories&post=34998"},{"taxonomy":"post_tag","embeddable":true,"href":"https:\/\/adanaseshaber.com.tr\/index.php?rest_route=%2Fwp%2Fv2%2Ftags&post=34998"}],"curies":[{"name":"wp","href":"https:\/\/api.w.org\/{rel}","templated":true}]}}