{"id":35020,"date":"2022-08-17T15:35:47","date_gmt":"2022-08-17T12:35:47","guid":{"rendered":"https:\/\/www.adanaseshaber.com\/?p=35020"},"modified":"2022-08-17T15:36:39","modified_gmt":"2022-08-17T12:36:39","slug":"muazzez-ersoyun-mayolu-pozlari-gundem-oldu","status":"publish","type":"post","link":"https:\/\/adanaseshaber.com.tr\/?p=35020","title":{"rendered":"Muazzez Ersoy\u2019un mayolu pozlar\u0131 g\u00fcndem oldu"},"content":{"rendered":"<p>\u00dcnl\u00fc sanat\u00e7\u0131 Muazzez Ersoy, konserlerinden geriye kalan zaman\u0131n\u0131 tatil yaparak ge\u00e7iriyor. Sahne maratonuna h\u0131z kesmeden devam eden 63 ya\u015f\u0131ndaki sanat\u00e7\u0131n\u0131n mayolu pozlar\u0131 magazin g\u00fcndemine bomba gibi d\u00fc\u015ft\u00fc. Ersoy\u2019un mayolu pozlar\u0131n\u0131 g\u00f6renler yorum ya\u011fmuruna tuttu. \u00dcnl\u00fc sanat\u00e7\u0131n\u0131n muhte\u015fem fizi\u011fi ve g\u00fczelli\u011fiyle gen\u00e7 k\u0131zlara ta\u015f \u00e7\u0131kartt\u0131\u011f\u0131na dair yorumlar yap\u0131ld\u0131. Sosyal medya hesab\u0131ndan pe\u015f pe\u015fe payla\u015f\u0131mlarda bulunan \u00fcnl\u00fc sanat\u00e7\u0131 Muazzez Ersoy, mayolu foto\u011fraflar\u0131yla g\u00fcndem oldu. Ersoy\u2019un mayolu pozlar\u0131na be\u011feni ve yorum ya\u011fd\u0131. \u00dcnl\u00fc sanat\u00e7\u0131n\u0131n iskelede siyah mayosuyla verdi\u011fi poza takip\u00e7ilerinden \u00e7ok say\u0131da be\u011feni ve yorum geldi. \u0130\u015fte 63 ya\u015f\u0131ndaki \u00fcnl\u00fc \u015fark\u0131c\u0131 Muazzez Ersoy\u2019un g\u00fcndem olan mayolu pozlar\u0131\u2026<\/p>\n<p><b>TAT\u0130L\u0130N TADINI \u00c7IKARIYOR<\/b><\/p>\n<p>T\u00fcrk m\u00fczi\u011finin g\u00fc\u00e7l\u00fc seslerinden \u00fcnl\u00fc sanat\u00e7\u0131 Muazzez Ersoy, konser maratonuna h\u0131z kesmeden devam ediyor. \u2018Nostalji Krali\u00e7esi\u2019 olarak tan\u0131nan ve sahnelerin tozunu att\u0131rmaya devam eden Ersoy, konserlerinden geriye kalan zaman\u0131n\u0131 ise tatil yaparak de\u011ferlendiriyor. Konserlerinden geriye kalan zaman\u0131n\u0131 tatilin tad\u0131n\u0131 \u00e7\u0131kararak de\u011ferlendiren Ersoy, pozlar\u0131n\u0131 da Instagram hesab\u0131ndan takip\u00e7ileriyle payla\u015fmay\u0131 ihmal etmiyor. \u00dcnl\u00fc sanat\u00e7\u0131 son olarak iskelede siyah mayosuyla verdi\u011fi pozlar\u0131 takip\u00e7ileriyle payla\u015ft\u0131.<\/p>\n<p><img loading=\"lazy\" decoding=\"async\" class=\"aligncenter wp-image-35023 size-full\" src=\"https:\/\/adanaseshaber.com.tr\/wp-content\/uploads\/2022\/08\/muazzez-ersoyun-mayolu-pozlari-gundem-oldu-1.jpg\" alt=\"\" width=\"1280\" height=\"720\" srcset=\"https:\/\/adanaseshaber.com.tr\/wp-content\/uploads\/2022\/08\/muazzez-ersoyun-mayolu-pozlari-gundem-oldu-1.jpg 1280w, https:\/\/adanaseshaber.com.tr\/wp-content\/uploads\/2022\/08\/muazzez-ersoyun-mayolu-pozlari-gundem-oldu-1-300x169.jpg 300w, https:\/\/adanaseshaber.com.tr\/wp-content\/uploads\/2022\/08\/muazzez-ersoyun-mayolu-pozlari-gundem-oldu-1-1024x576.jpg 1024w, https:\/\/adanaseshaber.com.tr\/wp-content\/uploads\/2022\/08\/muazzez-ersoyun-mayolu-pozlari-gundem-oldu-1-768x432.jpg 768w, https:\/\/adanaseshaber.com.tr\/wp-content\/uploads\/2022\/08\/muazzez-ersoyun-mayolu-pozlari-gundem-oldu-1-390x220.jpg 390w\" sizes=\"auto, (max-width: 1280px) 100vw, 1280px\" \/><\/p>\n<p><strong>MAYOLU POZLARINA YORUM YA\u011eDI<\/strong><\/p>\n<p>\u00dcnl\u00fc \u015fark\u0131c\u0131 Muazzez Ersoy, Instagram hesab\u0131 \u00fczerinden siyah mayosuyla verdi\u011fi pozlar\u0131n\u0131 payla\u015ft\u0131. \u0130skelede siyah mayosuyla verdi\u011fi pozlar\u0131 sosyal medya hesab\u0131 \u00fczerinden payla\u015fan Ersoy, herhangi bir not eklemeden yapt\u0131\u011f\u0131 payla\u015f\u0131m\u0131na yorum ve be\u011feni ya\u011fd\u0131.<\/p>\n<p><img loading=\"lazy\" decoding=\"async\" class=\"aligncenter wp-image-35025 size-full\" src=\"https:\/\/adanaseshaber.com.tr\/wp-content\/uploads\/2022\/08\/muazzez-ersoyun-mayolu-pozlari-gundem-oldu-2.jpg\" alt=\"\" width=\"1280\" height=\"720\" srcset=\"https:\/\/adanaseshaber.com.tr\/wp-content\/uploads\/2022\/08\/muazzez-ersoyun-mayolu-pozlari-gundem-oldu-2.jpg 1280w, https:\/\/adanaseshaber.com.tr\/wp-content\/uploads\/2022\/08\/muazzez-ersoyun-mayolu-pozlari-gundem-oldu-2-300x169.jpg 300w, https:\/\/adanaseshaber.com.tr\/wp-content\/uploads\/2022\/08\/muazzez-ersoyun-mayolu-pozlari-gundem-oldu-2-1024x576.jpg 1024w, https:\/\/adanaseshaber.com.tr\/wp-content\/uploads\/2022\/08\/muazzez-ersoyun-mayolu-pozlari-gundem-oldu-2-768x432.jpg 768w, https:\/\/adanaseshaber.com.tr\/wp-content\/uploads\/2022\/08\/muazzez-ersoyun-mayolu-pozlari-gundem-oldu-2-390x220.jpg 390w\" sizes=\"auto, (max-width: 1280px) 100vw, 1280px\" \/><\/p>\n<p><strong>DO\u011eUM G\u00dcN\u00dc HED\u0130YES\u0130 G\u00dcNDEM OLMU\u015eTU<\/strong><\/p>\n<p>\u00dcnl\u00fc sanat\u00e7\u0131 Muazzez Ersoy, geride b\u0131rakt\u0131\u011f\u0131m\u0131z g\u00fcnlerde yak\u0131n dostlar\u0131yla bir araya gelerek do\u011fum g\u00fcn\u00fcn\u00fc kutlam\u0131\u015ft\u0131. Do\u011fum g\u00fcn\u00fc partisinde yak\u0131n arkada\u015flar\u0131yla doyas\u0131ya e\u011flenen Ersoy\u2019a tamam\u0131 p\u0131rlantalarla kapl\u0131 180 bin Euro de\u011ferinde bir saat hediye edildi.<\/p>\n","protected":false},"excerpt":{"rendered":"<p>\u00dcnl\u00fc sanat\u00e7\u0131 Muazzez Ersoy, konserlerinden geriye kalan zaman\u0131n\u0131 tatil yaparak ge\u00e7iriyor. Sahne maratonuna h\u0131z kesmeden devam eden 63 ya\u015f\u0131ndaki sanat\u00e7\u0131n\u0131n mayolu pozlar\u0131 magazin g\u00fcndemine bomba gibi d\u00fc\u015ft\u00fc. Ersoy\u2019un mayolu pozlar\u0131n\u0131 g\u00f6renler yorum ya\u011fmuruna tuttu. \u00dcnl\u00fc sanat\u00e7\u0131n\u0131n muhte\u015fem fizi\u011fi ve g\u00fczelli\u011fiyle gen\u00e7 k\u0131zlara ta\u015f \u00e7\u0131kartt\u0131\u011f\u0131na dair yorumlar yap\u0131ld\u0131. Sosyal medya hesab\u0131ndan pe\u015f pe\u015fe payla\u015f\u0131mlarda bulunan \u00fcnl\u00fc &hellip;<\/p>\n","protected":false},"author":6,"featured_media":35021,"comment_status":"closed","ping_status":"closed","sticky":false,"template":"","format":"standard","meta":{"footnotes":""},"categories":[15431],"tags":[],"class_list":["post-35020","post","type-post","status-publish","format-standard","has-post-thumbnail","hentry","category-medya"],"amp_enabled":true,"_links":{"self":[{"href":"https:\/\/adanaseshaber.com.tr\/index.php?rest_route=\/wp\/v2\/posts\/35020","targetHints":{"allow":["GET"]}}],"collection":[{"href":"https:\/\/adanaseshaber.com.tr\/index.php?rest_route=\/wp\/v2\/posts"}],"about":[{"href":"https:\/\/adanaseshaber.com.tr\/index.php?rest_route=\/wp\/v2\/types\/post"}],"author":[{"embeddable":true,"href":"https:\/\/adanaseshaber.com.tr\/index.php?rest_route=\/wp\/v2\/users\/6"}],"replies":[{"embeddable":true,"href":"https:\/\/adanaseshaber.com.tr\/index.php?rest_route=%2Fwp%2Fv2%2Fcomments&post=35020"}],"version-history":[{"count":3,"href":"https:\/\/adanaseshaber.com.tr\/index.php?rest_route=\/wp\/v2\/posts\/35020\/revisions"}],"predecessor-version":[{"id":35024,"href":"https:\/\/adanaseshaber.com.tr\/index.php?rest_route=\/wp\/v2\/posts\/35020\/revisions\/35024"}],"wp:featuredmedia":[{"embeddable":true,"href":"https:\/\/adanaseshaber.com.tr\/index.php?rest_route=\/wp\/v2\/media\/35021"}],"wp:attachment":[{"href":"https:\/\/adanaseshaber.com.tr\/index.php?rest_route=%2Fwp%2Fv2%2Fmedia&parent=35020"}],"wp:term":[{"taxonomy":"category","embeddable":true,"href":"https:\/\/adanaseshaber.com.tr\/index.php?rest_route=%2Fwp%2Fv2%2Fcategories&post=35020"},{"taxonomy":"post_tag","embeddable":true,"href":"https:\/\/adanaseshaber.com.tr\/index.php?rest_route=%2Fwp%2Fv2%2Ftags&post=35020"}],"curies":[{"name":"wp","href":"https:\/\/api.w.org\/{rel}","templated":true}]}}