{"id":35111,"date":"2022-08-17T18:27:04","date_gmt":"2022-08-17T15:27:04","guid":{"rendered":"https:\/\/www.adanaseshaber.com\/?p=35111"},"modified":"2022-08-17T18:28:49","modified_gmt":"2022-08-17T15:28:49","slug":"andon-ilica-suyundan-arsenik-cikti-rizeliler-sokta","status":"publish","type":"post","link":"https:\/\/adanaseshaber.com.tr\/?p=35111","title":{"rendered":"Andon \u0131l\u0131ca suyundan arsenik \u00e7\u0131kt\u0131! Rizeliler \u015fokta"},"content":{"rendered":"<p>Rize \u0130l Sa\u011fl\u0131k M\u00fcd\u00fcrl\u00fc\u011f\u00fc, K\u00fc\u00e7\u00fck\u00e7ay\u0131r mevkiinde bulunan Andon \u0131l\u0131ca suyu ile ilgili a\u00e7\u0131klama yapt\u0131. Andon \u0131l\u0131ca suyu ile ilgili yap\u0131lan detayl\u0131 incelemede suyun hali haz\u0131rda i\u00e7ilmesinin uygun olmad\u0131\u011f\u0131 tespit edildi. Yap\u0131lan a\u00e7\u0131klamada ise ilgili kurumlar\u0131n bilgilendirildi\u011fi ve vatanda\u015flar\u0131n suyu kullanmaya devam etmesi \u00fczerine suyun i\u00e7ilmesinin sa\u011fl\u0131k a\u00e7\u0131s\u0131ndan uygun olmad\u0131\u011f\u0131 belirtildi. Rize \u0130l Sa\u011fl\u0131k M\u00fcd\u00fcrl\u00fc\u011f\u00fc\u2019n\u00fcn Andon \u0131l\u0131ca suyu ile ilgili a\u00e7\u0131klamas\u0131 g\u00fcndem oldu. Sosyal medyan\u0131n g\u00fcndemine yerle\u015fen Andon \u0131l\u0131ca suyu ile ilgili yap\u0131lan a\u00e7\u0131klamada suyun i\u00e7ilmesinin sa\u011fl\u0131k a\u00e7\u0131s\u0131ndan uygun olmad\u0131\u011f\u0131 bilgisine yer verildi. Yap\u0131lan incelemeler sonucunda Andon \u0131l\u0131ca suyunun i\u00e7ilmesinin sa\u011fl\u0131k a\u00e7\u0131s\u0131ndan uygun olmad\u0131\u011f\u0131 bildirildi.<\/p>\n<p><strong>ANDON ILICA SUYU \u0130LE \u0130LG\u0130L\u0130 \u015eOK EDEN TESP\u0130T<\/strong><\/p>\n<p>Uzun y\u0131llard\u0131r Rize\u2019de \u015fifal\u0131 diye i\u00e7ilen Andon \u0131l\u0131ca suyunun arsenik oran\u0131n\u0131n 27 kat fazla \u00e7\u0131kt\u0131\u011f\u0131 \u00f6\u011frenildi. Rize \u0130l Sa\u011fl\u0131k M\u00fcd\u00fcrl\u00fc\u011f\u00fc, Andon \u0131l\u0131ca suyu ile ilgili detayl\u0131 bir incelemede bulundu. Haziran ay\u0131nda al\u0131nan numune, \u0131l\u0131ca suyunun 250 mikrogram\/litre olmas\u0131 gereken s\u00fclfat oran\u0131 ise 496,37 \u00e7\u0131kt\u0131. \u00d6te yandan sodyum oran\u0131 200 mikrogram\/litre olmas\u0131 gerekirken 373,12, 50 olmas\u0131 gereken mangan oran\u0131 ise 624,17 mikrogram\/litre \u00e7\u0131kt\u0131.<\/p>\n<p><strong>UYARI TABELASI ASILDI<\/strong><\/p>\n<p>Andon \u0131l\u0131ca suyunda \u00e7\u0131kan a\u011f\u0131r materyaller sonucunda Rize \u0130l Sa\u011fl\u0131k M\u00fcd\u00fcrl\u00fc\u011f\u00fc taraf\u0131ndan suyun bulundu\u011fu alana i\u00e7ilmemesi i\u00e7in uyar\u0131 tabelas\u0131 as\u0131ld\u0131. \u0130l Sa\u011fl\u0131k M\u00fcd\u00fcrl\u00fc\u011f\u00fc taraf\u0131ndan as\u0131lan uyar\u0131 tabelas\u0131nda \u2018Bu suyun i\u00e7ilmesi sa\u011fl\u0131k a\u00e7\u0131s\u0131ndan uygun de\u011fildir!\u2019 ifadeleri yer ald\u0131.<\/p>\n<p><img loading=\"lazy\" decoding=\"async\" class=\"aligncenter wp-image-35115 size-full\" src=\"https:\/\/adanaseshaber.com.tr\/wp-content\/uploads\/2022\/08\/andon-ilica-suyundan-arsenik-cikti-rizeliler-sokta-1.jpg\" alt=\"\" width=\"1280\" height=\"720\" srcset=\"https:\/\/adanaseshaber.com.tr\/wp-content\/uploads\/2022\/08\/andon-ilica-suyundan-arsenik-cikti-rizeliler-sokta-1.jpg 1280w, https:\/\/adanaseshaber.com.tr\/wp-content\/uploads\/2022\/08\/andon-ilica-suyundan-arsenik-cikti-rizeliler-sokta-1-300x169.jpg 300w, https:\/\/adanaseshaber.com.tr\/wp-content\/uploads\/2022\/08\/andon-ilica-suyundan-arsenik-cikti-rizeliler-sokta-1-1024x576.jpg 1024w, https:\/\/adanaseshaber.com.tr\/wp-content\/uploads\/2022\/08\/andon-ilica-suyundan-arsenik-cikti-rizeliler-sokta-1-768x432.jpg 768w, https:\/\/adanaseshaber.com.tr\/wp-content\/uploads\/2022\/08\/andon-ilica-suyundan-arsenik-cikti-rizeliler-sokta-1-390x220.jpg 390w\" sizes=\"auto, (max-width: 1280px) 100vw, 1280px\" \/><\/p>\n<p><strong>ZEH\u0130R SA\u00c7IYOR<\/strong><\/p>\n<p>D\u00fcnya Sa\u011fl\u0131k \u00d6rg\u00fct\u00fc (DS\u00d6)\u2019ye g\u00f6re arsenik i\u00e7me sular\u0131ndaki en tehlikeli kimyasal olan arsenik kanserojen etki ta\u015f\u0131yor. Andon i\u00e7me suyunun b\u00f6brek ta\u015f\u0131 i\u00e7in tavsiye edildi\u011fi ve \u015fifal\u0131 g\u00f6r\u00fcld\u00fc\u011f\u00fc \u00f6\u011frenildi. Ancak Andon i\u00e7me suyu i\u00e7erisinde fazlas\u0131yla tespit edilen arsenik maddesi mesane ve akci\u011fer kanseri a\u00e7\u0131s\u0131ndan risk olu\u015fturuyor ve bu madde ayr\u0131ca b\u00f6brek ve cilt kanserlerine de neden olabiliyor.<\/p>\n","protected":false},"excerpt":{"rendered":"<p>Rize \u0130l Sa\u011fl\u0131k M\u00fcd\u00fcrl\u00fc\u011f\u00fc, K\u00fc\u00e7\u00fck\u00e7ay\u0131r mevkiinde bulunan Andon \u0131l\u0131ca suyu ile ilgili a\u00e7\u0131klama yapt\u0131. Andon \u0131l\u0131ca suyu ile ilgili yap\u0131lan detayl\u0131 incelemede suyun hali haz\u0131rda i\u00e7ilmesinin uygun olmad\u0131\u011f\u0131 tespit edildi. Yap\u0131lan a\u00e7\u0131klamada ise ilgili kurumlar\u0131n bilgilendirildi\u011fi ve vatanda\u015flar\u0131n suyu kullanmaya devam etmesi \u00fczerine suyun i\u00e7ilmesinin sa\u011fl\u0131k a\u00e7\u0131s\u0131ndan uygun olmad\u0131\u011f\u0131 belirtildi. Rize \u0130l Sa\u011fl\u0131k M\u00fcd\u00fcrl\u00fc\u011f\u00fc\u2019n\u00fcn Andon &hellip;<\/p>\n","protected":false},"author":6,"featured_media":35112,"comment_status":"closed","ping_status":"closed","sticky":false,"template":"","format":"standard","meta":{"footnotes":""},"categories":[1],"tags":[],"class_list":["post-35111","post","type-post","status-publish","format-standard","has-post-thumbnail","hentry","category-genel"],"amp_enabled":true,"_links":{"self":[{"href":"https:\/\/adanaseshaber.com.tr\/index.php?rest_route=\/wp\/v2\/posts\/35111","targetHints":{"allow":["GET"]}}],"collection":[{"href":"https:\/\/adanaseshaber.com.tr\/index.php?rest_route=\/wp\/v2\/posts"}],"about":[{"href":"https:\/\/adanaseshaber.com.tr\/index.php?rest_route=\/wp\/v2\/types\/post"}],"author":[{"embeddable":true,"href":"https:\/\/adanaseshaber.com.tr\/index.php?rest_route=\/wp\/v2\/users\/6"}],"replies":[{"embeddable":true,"href":"https:\/\/adanaseshaber.com.tr\/index.php?rest_route=%2Fwp%2Fv2%2Fcomments&post=35111"}],"version-history":[{"count":3,"href":"https:\/\/adanaseshaber.com.tr\/index.php?rest_route=\/wp\/v2\/posts\/35111\/revisions"}],"predecessor-version":[{"id":35116,"href":"https:\/\/adanaseshaber.com.tr\/index.php?rest_route=\/wp\/v2\/posts\/35111\/revisions\/35116"}],"wp:featuredmedia":[{"embeddable":true,"href":"https:\/\/adanaseshaber.com.tr\/index.php?rest_route=\/wp\/v2\/media\/35112"}],"wp:attachment":[{"href":"https:\/\/adanaseshaber.com.tr\/index.php?rest_route=%2Fwp%2Fv2%2Fmedia&parent=35111"}],"wp:term":[{"taxonomy":"category","embeddable":true,"href":"https:\/\/adanaseshaber.com.tr\/index.php?rest_route=%2Fwp%2Fv2%2Fcategories&post=35111"},{"taxonomy":"post_tag","embeddable":true,"href":"https:\/\/adanaseshaber.com.tr\/index.php?rest_route=%2Fwp%2Fv2%2Ftags&post=35111"}],"curies":[{"name":"wp","href":"https:\/\/api.w.org\/{rel}","templated":true}]}}