{"id":35117,"date":"2022-08-17T19:00:36","date_gmt":"2022-08-17T16:00:36","guid":{"rendered":"https:\/\/www.adanaseshaber.com\/?p=35117"},"modified":"2022-08-17T19:00:50","modified_gmt":"2022-08-17T16:00:50","slug":"masterchef-fatma-nur-acun-ilicali-kavgasi-fatma-nur-ucar-diskalifiye-oldu-iddiasi","status":"publish","type":"post","link":"https:\/\/adanaseshaber.com.tr\/?p=35117","title":{"rendered":"MasterChef Fatma Nur Acun Il\u0131cal\u0131 kavgas\u0131! Fatma Nur U\u00e7ar diskalifiye oldu iddias\u0131"},"content":{"rendered":"<p>TV8 ekranlar\u0131nda yay\u0131nlanan MasterChef T\u00fcrkiye yar\u0131\u015fmas\u0131n\u0131n en dikkat \u00e7eken ve ad\u0131ndan s\u0131k\u00e7a bahsettiren yar\u0131\u015fmac\u0131lar\u0131ndan biri olan Fatma Nur U\u00e7ar, yar\u0131\u015fmadaki \u00e7\u0131k\u0131\u015flar\u0131 ve hareketleri ile s\u0131k s\u0131k g\u00fcndeme geliyor. Son olarak \u00e7ok konu\u015fulan yar\u0131\u015fmac\u0131n\u0131n kanal\u0131n sahibi Acun Il\u0131cal\u0131 ile gerginlik ya\u015fad\u0131\u011f\u0131 iddia edildi. \u0130ddialara g\u00f6re, Fatma Nur\u2019un davran\u0131\u015flar\u0131ndan rahats\u0131z olan Acun Il\u0131cal\u0131, yar\u0131\u015fmac\u0131y\u0131 g\u00f6ndermek istedi. MasterChef T\u00fcrkiye\u2019de ana kadroya girmeyi ba\u015faran ancak hem davran\u0131\u015flar\u0131 hem de \u00e7\u0131k\u0131\u015flar\u0131yla s\u0131k s\u0131k sosyal medyan\u0131n g\u00fcndemine gelerek izleyici taraf\u0131ndan ele\u015ftirilen Fatma Nur U\u00e7ar\u2019\u0131n kanal\u0131n sahibi Acun Il\u0131cal\u0131 ile gerginlik ya\u015fad\u0131\u011f\u0131 iddia edildi. Fatma Nur ve Acun Il\u0131cal\u0131 aras\u0131nda b\u00fcy\u00fck bir gerginlik ya\u015fand\u0131\u011f\u0131 hatta bu gerginli\u011fin kavgaya d\u00f6n\u00fc\u015ft\u00fc\u011f\u00fc \u00f6ne s\u00fcr\u00fcl\u00fcrken yar\u0131\u015fmac\u0131n\u0131n tav\u0131rlar\u0131ndan rahats\u0131zl\u0131k duydu\u011fu \u00f6ne s\u00fcr\u00fclen Il\u0131cal\u0131\u2019n\u0131n diskalifiye d\u00fc\u015f\u00fcnd\u00fc\u011f\u00fc de iddialar aras\u0131nda.<\/p>\n<p><strong>MASTERCHEF FATMA NUR Y\u0130NE G\u00dcNDEMDE<\/strong><\/p>\n<p>MasterChef T\u00fcrkiye yar\u0131\u015fmac\u0131s\u0131 Fatma Nur U\u00e7ar, yeni sezonun ilk b\u00f6l\u00fcmlerinden bu yana gerek a\u00e7\u0131klamalar\u0131 gerek tav\u0131rlar\u0131 ile s\u0131k s\u0131k g\u00fcndeme geliyor. Sergiledi\u011fi tav\u0131rlardan ve \u00e7\u0131k\u0131\u015flar\u0131ndan dolay\u0131 s\u0131k s\u0131k sosyal medyan\u0131n g\u00fcndemine yerle\u015fen Fatma Nur, MasterChef izleyicileri taraf\u0131ndan da b\u00fcy\u00fck ele\u015ftiriler al\u0131yor. Son olarak yar\u0131\u015fmac\u0131n\u0131n kanal\u0131n sahibi Acun Il\u0131cal\u0131 ile de bir gerginlik ya\u015fad\u0131\u011f\u0131 ve Il\u0131cal\u0131\u2019n\u0131n yar\u0131\u015fmac\u0131ya \u00e7ok sinirlenerek \u2018Sen evine git ya. Ben seninle u\u011fra\u015famam.\u2019 dedi\u011fi iddia edildi. Fatma Nur U\u00e7ar\u2019a \u00e7ok sinirlendi\u011fi \u00f6ne s\u00fcr\u00fclen TV8\u2019in sahibi Acun Il\u0131cal\u0131\u2019y\u0131 araya giren yap\u0131m ekibinin sakinle\u015ftirdi\u011fi iddialar aras\u0131nda yerini ald\u0131.<\/p>\n<p><img loading=\"lazy\" decoding=\"async\" class=\"aligncenter wp-image-35118 size-full\" src=\"https:\/\/adanaseshaber.com.tr\/wp-content\/uploads\/2022\/08\/masterchef-fatma-nur-acun-ilicali-kavgasi-fatma-nur-ucar-diskalifiye-mi-oldu.jpg\" alt=\"\" width=\"1280\" height=\"720\" srcset=\"https:\/\/adanaseshaber.com.tr\/wp-content\/uploads\/2022\/08\/masterchef-fatma-nur-acun-ilicali-kavgasi-fatma-nur-ucar-diskalifiye-mi-oldu.jpg 1280w, https:\/\/adanaseshaber.com.tr\/wp-content\/uploads\/2022\/08\/masterchef-fatma-nur-acun-ilicali-kavgasi-fatma-nur-ucar-diskalifiye-mi-oldu-300x169.jpg 300w, https:\/\/adanaseshaber.com.tr\/wp-content\/uploads\/2022\/08\/masterchef-fatma-nur-acun-ilicali-kavgasi-fatma-nur-ucar-diskalifiye-mi-oldu-1024x576.jpg 1024w, https:\/\/adanaseshaber.com.tr\/wp-content\/uploads\/2022\/08\/masterchef-fatma-nur-acun-ilicali-kavgasi-fatma-nur-ucar-diskalifiye-mi-oldu-768x432.jpg 768w, https:\/\/adanaseshaber.com.tr\/wp-content\/uploads\/2022\/08\/masterchef-fatma-nur-acun-ilicali-kavgasi-fatma-nur-ucar-diskalifiye-mi-oldu-390x220.jpg 390w\" sizes=\"auto, (max-width: 1280px) 100vw, 1280px\" \/><\/p>\n<p><strong>FATMA NUR U\u00c7AR D\u0130SKAL\u0130F\u0130YE M\u0130 OLACAK?<\/strong><\/p>\n<p>Acun Il\u0131cal\u0131 ile gerginlik ya\u015fad\u0131\u011f\u0131 iddia edilen MasterChef T\u00fcrkiye yar\u0131\u015fmac\u0131s\u0131 Fatma Nur U\u00e7ar\u2019\u0131n bu gerginlik sonras\u0131nda yar\u0131\u015fmadan diskalifiye olaca\u011f\u0131 iddialar\u0131 g\u00fcndeme geldi. Ancak gerginlik sonras\u0131 araya giren yap\u0131m ekibinin Acun Il\u0131cal\u0131\u2019y\u0131 bu karar\u0131ndan vazge\u00e7irdi\u011fi iddia edildi. Fakat Fatma Nur\u2019un en ufak bir problem \u00e7\u0131karmas\u0131 halinde yar\u0131\u015fmadan g\u00f6nderilece\u011fi \u00f6ne s\u00fcr\u00fcld\u00fc.<\/p>\n<p>&nbsp;<\/p>\n","protected":false},"excerpt":{"rendered":"<p>TV8 ekranlar\u0131nda yay\u0131nlanan MasterChef T\u00fcrkiye yar\u0131\u015fmas\u0131n\u0131n en dikkat \u00e7eken ve ad\u0131ndan s\u0131k\u00e7a bahsettiren yar\u0131\u015fmac\u0131lar\u0131ndan biri olan Fatma Nur U\u00e7ar, yar\u0131\u015fmadaki \u00e7\u0131k\u0131\u015flar\u0131 ve hareketleri ile s\u0131k s\u0131k g\u00fcndeme geliyor. Son olarak \u00e7ok konu\u015fulan yar\u0131\u015fmac\u0131n\u0131n kanal\u0131n sahibi Acun Il\u0131cal\u0131 ile gerginlik ya\u015fad\u0131\u011f\u0131 iddia edildi. \u0130ddialara g\u00f6re, Fatma Nur\u2019un davran\u0131\u015flar\u0131ndan rahats\u0131z olan Acun Il\u0131cal\u0131, yar\u0131\u015fmac\u0131y\u0131 g\u00f6ndermek istedi. MasterChef &hellip;<\/p>\n","protected":false},"author":6,"featured_media":0,"comment_status":"closed","ping_status":"closed","sticky":false,"template":"","format":"standard","meta":{"footnotes":""},"categories":[15431],"tags":[],"class_list":["post-35117","post","type-post","status-publish","format-standard","has-post-thumbnail","hentry","category-medya"],"amp_enabled":true,"_links":{"self":[{"href":"https:\/\/adanaseshaber.com.tr\/index.php?rest_route=\/wp\/v2\/posts\/35117","targetHints":{"allow":["GET"]}}],"collection":[{"href":"https:\/\/adanaseshaber.com.tr\/index.php?rest_route=\/wp\/v2\/posts"}],"about":[{"href":"https:\/\/adanaseshaber.com.tr\/index.php?rest_route=\/wp\/v2\/types\/post"}],"author":[{"embeddable":true,"href":"https:\/\/adanaseshaber.com.tr\/index.php?rest_route=\/wp\/v2\/users\/6"}],"replies":[{"embeddable":true,"href":"https:\/\/adanaseshaber.com.tr\/index.php?rest_route=%2Fwp%2Fv2%2Fcomments&post=35117"}],"version-history":[{"count":1,"href":"https:\/\/adanaseshaber.com.tr\/index.php?rest_route=\/wp\/v2\/posts\/35117\/revisions"}],"predecessor-version":[{"id":35119,"href":"https:\/\/adanaseshaber.com.tr\/index.php?rest_route=\/wp\/v2\/posts\/35117\/revisions\/35119"}],"wp:attachment":[{"href":"https:\/\/adanaseshaber.com.tr\/index.php?rest_route=%2Fwp%2Fv2%2Fmedia&parent=35117"}],"wp:term":[{"taxonomy":"category","embeddable":true,"href":"https:\/\/adanaseshaber.com.tr\/index.php?rest_route=%2Fwp%2Fv2%2Fcategories&post=35117"},{"taxonomy":"post_tag","embeddable":true,"href":"https:\/\/adanaseshaber.com.tr\/index.php?rest_route=%2Fwp%2Fv2%2Ftags&post=35117"}],"curies":[{"name":"wp","href":"https:\/\/api.w.org\/{rel}","templated":true}]}}