{"id":35154,"date":"2022-08-18T11:20:58","date_gmt":"2022-08-18T08:20:58","guid":{"rendered":"https:\/\/www.adanaseshaber.com\/?p=35154"},"modified":"2022-08-18T11:20:44","modified_gmt":"2022-08-18T08:20:44","slug":"elon-musk-manchesteri-satin-aliyor","status":"publish","type":"post","link":"https:\/\/adanaseshaber.com.tr\/?p=35154","title":{"rendered":"Elon Musk Manchester\u2019\u0131 sat\u0131n al\u0131yor"},"content":{"rendered":"<p>Elon Musk, sosyal medya hesab\u0131ndan yapt\u0131\u011f\u0131 payla\u015f\u0131mla adeta futbol d\u00fcnyas\u0131n\u0131 aya\u011fa kald\u0131rd\u0131. SpaceX ve Tesla\u2019n\u0131n CEO\u2019su olan Musk, daha \u00f6nce Twitter\u2019\u0131 alaca\u011f\u0131n\u0131 s\u00f6ylemi\u015f ve vazge\u00e7mi\u015fti. Musk, bu kez de Masnchester United\u2019i sat\u0131n alaca\u011f\u0131n\u0131 s\u00f6yledi ancak k\u0131sa s\u00fcre i\u00e7erisinde bunun da \u015faka oldu\u011funu belirten bir payla\u015f\u0131m yapt\u0131. Sosyal medya \u00fczerinden yapt\u0131\u011f\u0131 payla\u015f\u0131mlar\u0131yla s\u0131k s\u0131k konu\u015fulan Elon Musk, yeni payla\u015f\u0131m\u0131yla bir kez daha herkesi \u015fa\u015f\u0131rtt\u0131. Tesla ve Spacex\u2019in CEO\u2019su olan Musk\u2019un Manchester payla\u015f\u0131m\u0131 futbol d\u00fcnyas\u0131n\u0131 adeta aya\u011fa kald\u0131rd\u0131. Musk, k\u0131sa s\u00fcre i\u00e7erisinde payla\u015f\u0131m\u0131n\u0131n \u015faka oldu\u011funu a\u00e7\u0131klad\u0131.<\/p>\n<p><strong>MANCHESTER\u2019I SATIN ALACA\u011eIM DED\u0130<\/strong><\/p>\n<p>Twitter \u00fczerinden yapt\u0131\u011f\u0131 payla\u015f\u0131mlarla s\u0131k s\u0131k g\u00fcndeme gelen Elon Musk, bu kez de Manchester United\u2019i sat\u0131n alaca\u011f\u0131n\u0131 s\u00f6yledi. Twitter hesab\u0131ndan yine \u00e7ok konu\u015fulacak bir payla\u015f\u0131ma imza atan Musk, \u2018A\u00e7\u0131k\u00e7as\u0131 Cumhuriyet\u00e7i Parti\u2019nin sol, Demokrat Parti\u2019nin sa\u011f kesimini destekliyorum!\u2019 ifadelerine yer verdi. Bunun hemen ard\u0131ndan ise \u2018Ayr\u0131ca Manchester United\u2019i sat\u0131n al\u0131yorum, rica ederim\u2019 payla\u015f\u0131m\u0131nda bulundu.<\/p>\n<p><strong>\u015eAKA OLDU\u011eUNU A\u00c7IKLADI<\/strong><\/p>\n<p>Futbol d\u00fcnyas\u0131n\u0131 adeta aya\u011fa kald\u0131ran bu payla\u015f\u0131mdan k\u0131sa bir s\u00fcre sonra bir payla\u015f\u0131m daha yapan Elon Musk, \u2018Bu Twitter\u2019da uzun s\u00fcredir devam eden bir \u015faka\u2019 diyerek Manchester olay\u0131n\u0131n \u015faka oldu\u011funu belirtti.<\/p>\n<p><img loading=\"lazy\" decoding=\"async\" class=\"aligncenter wp-image-35156 size-full\" src=\"https:\/\/adanaseshaber.com.tr\/wp-content\/uploads\/2022\/08\/elon-musk-manchesteri-satin-aliyor-1.jpg\" alt=\"\" width=\"1280\" height=\"720\" srcset=\"https:\/\/adanaseshaber.com.tr\/wp-content\/uploads\/2022\/08\/elon-musk-manchesteri-satin-aliyor-1.jpg 1280w, https:\/\/adanaseshaber.com.tr\/wp-content\/uploads\/2022\/08\/elon-musk-manchesteri-satin-aliyor-1-300x169.jpg 300w, https:\/\/adanaseshaber.com.tr\/wp-content\/uploads\/2022\/08\/elon-musk-manchesteri-satin-aliyor-1-1024x576.jpg 1024w, https:\/\/adanaseshaber.com.tr\/wp-content\/uploads\/2022\/08\/elon-musk-manchesteri-satin-aliyor-1-768x432.jpg 768w, https:\/\/adanaseshaber.com.tr\/wp-content\/uploads\/2022\/08\/elon-musk-manchesteri-satin-aliyor-1-390x220.jpg 390w\" sizes=\"auto, (max-width: 1280px) 100vw, 1280px\" \/><\/p>\n<p><strong>TW\u0130TTER\u2019I SATIN ALACA\u011eINI S\u00d6YLEM\u0130\u015eT\u0130<\/strong><\/p>\n<p>SpaceX ve Tesla\u2019n\u0131n CEO\u2019su Elon Musk, daha \u00f6nce de Twitter\u2019\u0131 yakla\u015f\u0131k 44 milyar dolara sat\u0131n almak i\u00e7in anla\u015fm\u0131\u015f ve sonra vazge\u00e7mi\u015fti.<\/p>\n","protected":false},"excerpt":{"rendered":"<p>Elon Musk, sosyal medya hesab\u0131ndan yapt\u0131\u011f\u0131 payla\u015f\u0131mla adeta futbol d\u00fcnyas\u0131n\u0131 aya\u011fa kald\u0131rd\u0131. SpaceX ve Tesla\u2019n\u0131n CEO\u2019su olan Musk, daha \u00f6nce Twitter\u2019\u0131 alaca\u011f\u0131n\u0131 s\u00f6ylemi\u015f ve vazge\u00e7mi\u015fti. Musk, bu kez de Masnchester United\u2019i sat\u0131n alaca\u011f\u0131n\u0131 s\u00f6yledi ancak k\u0131sa s\u00fcre i\u00e7erisinde bunun da \u015faka oldu\u011funu belirten bir payla\u015f\u0131m yapt\u0131. Sosyal medya \u00fczerinden yapt\u0131\u011f\u0131 payla\u015f\u0131mlar\u0131yla s\u0131k s\u0131k konu\u015fulan Elon &hellip;<\/p>\n","protected":false},"author":6,"featured_media":35155,"comment_status":"closed","ping_status":"closed","sticky":false,"template":"","format":"standard","meta":{"footnotes":""},"categories":[5],"tags":[],"class_list":["post-35154","post","type-post","status-publish","format-standard","has-post-thumbnail","hentry","category-spor"],"amp_enabled":true,"_links":{"self":[{"href":"https:\/\/adanaseshaber.com.tr\/index.php?rest_route=\/wp\/v2\/posts\/35154","targetHints":{"allow":["GET"]}}],"collection":[{"href":"https:\/\/adanaseshaber.com.tr\/index.php?rest_route=\/wp\/v2\/posts"}],"about":[{"href":"https:\/\/adanaseshaber.com.tr\/index.php?rest_route=\/wp\/v2\/types\/post"}],"author":[{"embeddable":true,"href":"https:\/\/adanaseshaber.com.tr\/index.php?rest_route=\/wp\/v2\/users\/6"}],"replies":[{"embeddable":true,"href":"https:\/\/adanaseshaber.com.tr\/index.php?rest_route=%2Fwp%2Fv2%2Fcomments&post=35154"}],"version-history":[{"count":2,"href":"https:\/\/adanaseshaber.com.tr\/index.php?rest_route=\/wp\/v2\/posts\/35154\/revisions"}],"predecessor-version":[{"id":35158,"href":"https:\/\/adanaseshaber.com.tr\/index.php?rest_route=\/wp\/v2\/posts\/35154\/revisions\/35158"}],"wp:featuredmedia":[{"embeddable":true,"href":"https:\/\/adanaseshaber.com.tr\/index.php?rest_route=\/wp\/v2\/media\/35155"}],"wp:attachment":[{"href":"https:\/\/adanaseshaber.com.tr\/index.php?rest_route=%2Fwp%2Fv2%2Fmedia&parent=35154"}],"wp:term":[{"taxonomy":"category","embeddable":true,"href":"https:\/\/adanaseshaber.com.tr\/index.php?rest_route=%2Fwp%2Fv2%2Fcategories&post=35154"},{"taxonomy":"post_tag","embeddable":true,"href":"https:\/\/adanaseshaber.com.tr\/index.php?rest_route=%2Fwp%2Fv2%2Ftags&post=35154"}],"curies":[{"name":"wp","href":"https:\/\/api.w.org\/{rel}","templated":true}]}}