{"id":35167,"date":"2022-08-18T11:39:47","date_gmt":"2022-08-18T08:39:47","guid":{"rendered":"https:\/\/www.adanaseshaber.com\/?p=35167"},"modified":"2022-08-18T11:39:01","modified_gmt":"2022-08-18T08:39:01","slug":"finlandiya-basbakani-sanna-marinin-partide-dans-ettigi-anlar-viral-oldu","status":"publish","type":"post","link":"https:\/\/adanaseshaber.com.tr\/?p=35167","title":{"rendered":"Finlandiya Ba\u015fbakan\u0131 Sanna Marin\u2019in partide dans etti\u011fi anlar viral oldu"},"content":{"rendered":"<p>Finlandiya Ba\u015fbakan\u0131 Sanna Marin\u2019in son d\u00f6nemde tercih etti\u011fi k\u0131yafetler ve kat\u0131ld\u0131\u011f\u0131 festivaller g\u00fcndem olmaya devam ediyor. Son olarak kat\u0131ld\u0131\u011f\u0131 bir partide \u00e7ekilen g\u00f6r\u00fcnt\u00fcleri bir kez daha olay yaratan Ba\u015fbakan Sanna Marin\u2019in partide \u00e7\u0131lg\u0131nca dans ederek kendinden ge\u00e7en Marin\u2019in videosu viral oldu. G\u00f6r\u00fcnt\u00fcler \u00fclkeyi adeta ikiye b\u00f6ld\u00fc. Ge\u00e7ti\u011fimiz g\u00fcnlerde festivalde \u00e7ekilen g\u00f6r\u00fcnt\u00fcleri \u00e7ok konu\u015fulan Ba\u015fbakan Sanna Marin\u2019in bu kez bir partide kaydedilen g\u00f6r\u00fcnt\u00fcleri g\u00fcndem oldu. 36 ya\u015f\u0131ndaki Sanna Marin, kat\u0131ld\u0131\u011f\u0131 bir partide \u00e7\u0131lg\u0131nca dans ederken adeta kendinden ge\u00e7iyor. H\u0131zla yay\u0131lan g\u00f6r\u00fcnt\u00fcler \u00fclkeyi ikiye b\u00f6ld\u00fc.<\/p>\n<p><strong>FEST\u0130VALDEK\u0130 G\u00d6R\u00dcNT\u00dcLER\u0130 \u00c7OK KONU\u015eULMU\u015eTU<\/strong><\/p>\n<p>Finlandiya Ba\u015fbakan\u0131 Sanna Marin, Helsinki\u2019deki Flow Festivali\u2019ne kat\u0131lm\u0131\u015f ve festivalde \u00e7ekilen g\u00f6r\u00fcnt\u00fcleri g\u00fcndem olmu\u015ftu. Gen\u00e7 Ba\u015fbakan\u2019\u0131n festivaldeki foto\u011fraflar\u0131 uzun s\u00fcre konu\u015fulmu\u015ftu. Festival i\u00e7in tercih etti\u011fi k\u0131yafetin bit pazar\u0131ndan 8 euroya al\u0131nmas\u0131 ise en \u00e7ok konu\u015fulan ayr\u0131nt\u0131 olmu\u015ftu.<\/p>\n<p><img loading=\"lazy\" decoding=\"async\" class=\"aligncenter wp-image-35169 size-full\" src=\"https:\/\/adanaseshaber.com.tr\/wp-content\/uploads\/2022\/08\/finlandiya-basbakani-sanna-marinin-partide-dans-ettigi-anlar-viral-oldu-1.jpg\" alt=\"\" width=\"1280\" height=\"720\" srcset=\"https:\/\/adanaseshaber.com.tr\/wp-content\/uploads\/2022\/08\/finlandiya-basbakani-sanna-marinin-partide-dans-ettigi-anlar-viral-oldu-1.jpg 1280w, https:\/\/adanaseshaber.com.tr\/wp-content\/uploads\/2022\/08\/finlandiya-basbakani-sanna-marinin-partide-dans-ettigi-anlar-viral-oldu-1-300x169.jpg 300w, https:\/\/adanaseshaber.com.tr\/wp-content\/uploads\/2022\/08\/finlandiya-basbakani-sanna-marinin-partide-dans-ettigi-anlar-viral-oldu-1-1024x576.jpg 1024w, https:\/\/adanaseshaber.com.tr\/wp-content\/uploads\/2022\/08\/finlandiya-basbakani-sanna-marinin-partide-dans-ettigi-anlar-viral-oldu-1-768x432.jpg 768w, https:\/\/adanaseshaber.com.tr\/wp-content\/uploads\/2022\/08\/finlandiya-basbakani-sanna-marinin-partide-dans-ettigi-anlar-viral-oldu-1-390x220.jpg 390w\" sizes=\"auto, (max-width: 1280px) 100vw, 1280px\" \/><\/p>\n<p><img loading=\"lazy\" decoding=\"async\" class=\"aligncenter wp-image-35170 size-full\" src=\"https:\/\/adanaseshaber.com.tr\/wp-content\/uploads\/2022\/08\/finlandiya-basbakani-sanna-marinin-partide-dans-ettigi-anlar-viral-oldu-2.jpg\" alt=\"\" width=\"1280\" height=\"720\" srcset=\"https:\/\/adanaseshaber.com.tr\/wp-content\/uploads\/2022\/08\/finlandiya-basbakani-sanna-marinin-partide-dans-ettigi-anlar-viral-oldu-2.jpg 1280w, https:\/\/adanaseshaber.com.tr\/wp-content\/uploads\/2022\/08\/finlandiya-basbakani-sanna-marinin-partide-dans-ettigi-anlar-viral-oldu-2-300x169.jpg 300w, https:\/\/adanaseshaber.com.tr\/wp-content\/uploads\/2022\/08\/finlandiya-basbakani-sanna-marinin-partide-dans-ettigi-anlar-viral-oldu-2-1024x576.jpg 1024w, https:\/\/adanaseshaber.com.tr\/wp-content\/uploads\/2022\/08\/finlandiya-basbakani-sanna-marinin-partide-dans-ettigi-anlar-viral-oldu-2-768x432.jpg 768w, https:\/\/adanaseshaber.com.tr\/wp-content\/uploads\/2022\/08\/finlandiya-basbakani-sanna-marinin-partide-dans-ettigi-anlar-viral-oldu-2-390x220.jpg 390w\" sizes=\"auto, (max-width: 1280px) 100vw, 1280px\" \/><\/p>\n<p><strong>PART\u0130DE KEND\u0130NDEN GE\u00c7T\u0130\u011e\u0130 ANLAR \u00dcLKEY\u0130 \u0130K\u0130YE B\u00d6LD\u00dc<\/strong><\/p>\n<p>Di\u011fer yandan Ba\u015fbakan Sanna Marin\u2019in bir partide \u00e7ekilen dans g\u00f6r\u00fcnt\u00fcleri de sosyal medyaya s\u0131zd\u0131. Nerede ve ne zaman \u00e7ekildi\u011fi bilinmeyen dans g\u00f6r\u00fcnt\u00fcleri sosyal medyay\u0131 adeta ikiye b\u00f6ld\u00fc. Videoda Marin\u2019in bir partide yer almas\u0131 ve \u00e7\u0131lg\u0131nca dans ederek kendinden ge\u00e7mesi baz\u0131 sosyal medya kullan\u0131c\u0131lar\u0131 taraf\u0131ndan ele\u015ftirildi. Sosyal medyada h\u0131zla yay\u0131lan bu g\u00f6r\u00fcnt\u00fclerle beraber Marin\u2019in \u00fclkesine kar\u015f\u0131 sorumluluklar\u0131 varken partiden partiye ko\u015fmas\u0131 ele\u015ftirilirken kimileri ise Finlandiya Ba\u015fbakan\u0131 Marin\u2019i \u00fclkesinin i\u015fleri aras\u0131nda kendisine zaman ay\u0131rd\u0131\u011f\u0131 i\u00e7in takdir etti.<\/p>\n<p>&nbsp;<\/p>\n","protected":false},"excerpt":{"rendered":"<p>Finlandiya Ba\u015fbakan\u0131 Sanna Marin\u2019in son d\u00f6nemde tercih etti\u011fi k\u0131yafetler ve kat\u0131ld\u0131\u011f\u0131 festivaller g\u00fcndem olmaya devam ediyor. Son olarak kat\u0131ld\u0131\u011f\u0131 bir partide \u00e7ekilen g\u00f6r\u00fcnt\u00fcleri bir kez daha olay yaratan Ba\u015fbakan Sanna Marin\u2019in partide \u00e7\u0131lg\u0131nca dans ederek kendinden ge\u00e7en Marin\u2019in videosu viral oldu. G\u00f6r\u00fcnt\u00fcler \u00fclkeyi adeta ikiye b\u00f6ld\u00fc. Ge\u00e7ti\u011fimiz g\u00fcnlerde festivalde \u00e7ekilen g\u00f6r\u00fcnt\u00fcleri \u00e7ok konu\u015fulan Ba\u015fbakan Sanna &hellip;<\/p>\n","protected":false},"author":6,"featured_media":35168,"comment_status":"closed","ping_status":"closed","sticky":false,"template":"","format":"standard","meta":{"footnotes":""},"categories":[1],"tags":[],"class_list":["post-35167","post","type-post","status-publish","format-standard","has-post-thumbnail","hentry","category-genel"],"amp_enabled":true,"_links":{"self":[{"href":"https:\/\/adanaseshaber.com.tr\/index.php?rest_route=\/wp\/v2\/posts\/35167","targetHints":{"allow":["GET"]}}],"collection":[{"href":"https:\/\/adanaseshaber.com.tr\/index.php?rest_route=\/wp\/v2\/posts"}],"about":[{"href":"https:\/\/adanaseshaber.com.tr\/index.php?rest_route=\/wp\/v2\/types\/post"}],"author":[{"embeddable":true,"href":"https:\/\/adanaseshaber.com.tr\/index.php?rest_route=\/wp\/v2\/users\/6"}],"replies":[{"embeddable":true,"href":"https:\/\/adanaseshaber.com.tr\/index.php?rest_route=%2Fwp%2Fv2%2Fcomments&post=35167"}],"version-history":[{"count":2,"href":"https:\/\/adanaseshaber.com.tr\/index.php?rest_route=\/wp\/v2\/posts\/35167\/revisions"}],"predecessor-version":[{"id":35172,"href":"https:\/\/adanaseshaber.com.tr\/index.php?rest_route=\/wp\/v2\/posts\/35167\/revisions\/35172"}],"wp:featuredmedia":[{"embeddable":true,"href":"https:\/\/adanaseshaber.com.tr\/index.php?rest_route=\/wp\/v2\/media\/35168"}],"wp:attachment":[{"href":"https:\/\/adanaseshaber.com.tr\/index.php?rest_route=%2Fwp%2Fv2%2Fmedia&parent=35167"}],"wp:term":[{"taxonomy":"category","embeddable":true,"href":"https:\/\/adanaseshaber.com.tr\/index.php?rest_route=%2Fwp%2Fv2%2Fcategories&post=35167"},{"taxonomy":"post_tag","embeddable":true,"href":"https:\/\/adanaseshaber.com.tr\/index.php?rest_route=%2Fwp%2Fv2%2Ftags&post=35167"}],"curies":[{"name":"wp","href":"https:\/\/api.w.org\/{rel}","templated":true}]}}