{"id":35173,"date":"2022-08-18T11:56:17","date_gmt":"2022-08-18T08:56:17","guid":{"rendered":"https:\/\/www.adanaseshaber.com\/?p=35173"},"modified":"2022-08-18T11:56:14","modified_gmt":"2022-08-18T08:56:14","slug":"abu-bakeroglu-paylasimi-melih-gokceki-sosyal-medyanin-diline-dusurdu","status":"publish","type":"post","link":"https:\/\/adanaseshaber.com.tr\/?p=35173","title":{"rendered":"Abu Bakero\u011flu payla\u015f\u0131m\u0131 Melih G\u00f6k\u00e7ek\u2019i sosyal medyan\u0131n diline d\u00fc\u015f\u00fcrd\u00fc"},"content":{"rendered":"<p>Eski Ankara B\u00fcy\u00fck\u015fehir Belediye Ba\u015fkan\u0131 Melih G\u00f6k\u00e7ek, sosyal medya hesab\u0131 \u00fczerinden yapt\u0131\u011f\u0131 payla\u015f\u0131mlarla s\u0131k s\u0131k g\u00fcndem oluyor. G\u00f6k\u00e7ek\u2019in son payla\u015f\u0131m\u0131 ise sosyal medyan\u0131n g\u00fcndemine bomba gibi d\u00fc\u015ft\u00fc. Be\u015fikta\u015f\u2019\u0131n eski y\u0131ld\u0131z\u0131 Aboubakar\u2019a ait photoshoplu bir g\u00f6r\u00fcnt\u00fc payla\u015ft\u0131. G\u00f6k\u00e7ek\u2019in s\u00f6z konusu foto\u011fraf\u0131 \u015fehit asker gibi payla\u015fmas\u0131 sosyal medyan\u0131n g\u00fcndemine oturdu. Be\u015fikta\u015f\u2019\u0131n eski futbolcusu Aboubakar\u2019a ait photoshoplu bir g\u00f6rsel payla\u015fan ve \u015fahs\u0131n Abu Bakero\u011flu oldu\u011funu \u00f6ne s\u00fcren Melih G\u00f6k\u00e7ek, ger\u00e7e\u011fi \u00f6\u011frendikten sonra hemen payla\u015f\u0131m\u0131n\u0131 sildi. Yapt\u0131\u011f\u0131 payla\u015f\u0131mla sosyal medyan\u0131n diline fena \u015fekilde d\u00fc\u015fen G\u00f6k\u00e7ek\u2019in bu payla\u015f\u0131m\u0131yla ilgili binlerce yorum geldi. G\u00f6k\u00e7ek ise bu payla\u015f\u0131m\u0131n dan\u0131\u015fman\u0131n\u0131n hatas\u0131ndan kaynakland\u0131\u011f\u0131n\u0131 s\u00f6yledi.<\/p>\n<p><strong>ABU BAKERO\u011eLU PAYLA\u015eIMI G\u00dcNDEM OLDU<\/strong><\/p>\n<p>Sosyal medyay\u0131 aktif bir \u015fekilde kullanan ve hem payla\u015f\u0131mlar\u0131 hem de yapt\u0131\u011f\u0131 a\u00e7\u0131klamalarla s\u0131k s\u0131k g\u00fcndeme gelen eski Ankara B\u00fcy\u00fck\u015fehir Belediye Ba\u015fkan\u0131 Melih G\u00f6k\u00e7ek, son olarak sosyal medyadan yapt\u0131\u011f\u0131 bir payla\u015f\u0131mla bir kez daha g\u00fcndem oldu. Be\u015fikta\u015f\u2019\u0131n eski y\u0131ld\u0131z\u0131 Vincent Aboubakar\u2019\u0131n bundan y\u0131llar \u00f6nce photoshop ile yap\u0131lm\u0131\u015f olan foto\u011fraf\u0131n\u0131 payla\u015fan G\u00f6k\u00e7ek, futbolcuyu \u015fehit d\u00fc\u015fen bir asker gibi tan\u0131tt\u0131. Yap\u0131lan payla\u015f\u0131mda, \u2018Bak T\u00fcrkiye! Somali\u2019den gelip T\u00fcrk vatanda\u015f\u0131 olan, senin \u00fclken ve senin inanc\u0131n i\u00e7in sava\u015fan Abu Bakero\u011flu, PKK\u2019l\u0131lar\u0131n yapt\u0131\u011f\u0131 karakol bask\u0131n\u0131nda \u015fehit oldu. Mekan\u0131n cennet olsun. Yabanc\u0131 d\u00fc\u015fmanl\u0131\u011f\u0131 yapan hainlere ibret olsun.\u2019 ifadelerine yer verildi.<\/p>\n<p><img loading=\"lazy\" decoding=\"async\" class=\"aligncenter wp-image-35175 size-full\" src=\"https:\/\/adanaseshaber.com.tr\/wp-content\/uploads\/2022\/08\/abu-bakeroglu-paylasimi-melih-gokceki-sosyal-medyanin-diline-dusurdu-1.jpg\" alt=\"\" width=\"1280\" height=\"720\" srcset=\"https:\/\/adanaseshaber.com.tr\/wp-content\/uploads\/2022\/08\/abu-bakeroglu-paylasimi-melih-gokceki-sosyal-medyanin-diline-dusurdu-1.jpg 1280w, https:\/\/adanaseshaber.com.tr\/wp-content\/uploads\/2022\/08\/abu-bakeroglu-paylasimi-melih-gokceki-sosyal-medyanin-diline-dusurdu-1-300x169.jpg 300w, https:\/\/adanaseshaber.com.tr\/wp-content\/uploads\/2022\/08\/abu-bakeroglu-paylasimi-melih-gokceki-sosyal-medyanin-diline-dusurdu-1-1024x576.jpg 1024w, https:\/\/adanaseshaber.com.tr\/wp-content\/uploads\/2022\/08\/abu-bakeroglu-paylasimi-melih-gokceki-sosyal-medyanin-diline-dusurdu-1-768x432.jpg 768w, https:\/\/adanaseshaber.com.tr\/wp-content\/uploads\/2022\/08\/abu-bakeroglu-paylasimi-melih-gokceki-sosyal-medyanin-diline-dusurdu-1-390x220.jpg 390w\" sizes=\"auto, (max-width: 1280px) 100vw, 1280px\" \/><\/p>\n<p><strong>HEMEN S\u0130LD\u0130<\/strong><\/p>\n<p>Melih G\u00f6k\u00e7ek\u2019in yapt\u0131\u011f\u0131 payla\u015f\u0131m \u00e7ok k\u0131sa bir s\u00fcrede sosyal medyan\u0131n g\u00fcndemine oturdu. \u00c7ok say\u0131da kullan\u0131c\u0131 s\u00f6z konusu g\u00f6rseldeki ki\u015finin Be\u015fikta\u015f\u2019\u0131n eski futbolcusu Aboubakar oldu\u011funu anlatan payla\u015f\u0131mlar yaparken Melih G\u00f6k\u00e7ek ise att\u0131\u011f\u0131 tweet\u2019i sildi. Olay\u0131n ger\u00e7e\u011fini \u00f6\u011frendikten sonra payla\u015f\u0131m\u0131n\u0131 silen G\u00f6k\u00e7ek\u2019ten a\u00e7\u0131klama geldi. Sosyal medya hesab\u0131ndan a\u00e7\u0131klama yapan G\u00f6k\u00e7ek, \u2018\u00d6z\u00fcr dilerim. Dan\u0131\u015fman\u0131m\u0131n yapt\u0131\u011f\u0131 hatadan hemen haberim oldu ve bu a\u00e7\u0131klamay\u0131 yapt\u0131m.\u2019 dedi.<\/p>\n<p>&nbsp;<\/p>\n","protected":false},"excerpt":{"rendered":"<p>Eski Ankara B\u00fcy\u00fck\u015fehir Belediye Ba\u015fkan\u0131 Melih G\u00f6k\u00e7ek, sosyal medya hesab\u0131 \u00fczerinden yapt\u0131\u011f\u0131 payla\u015f\u0131mlarla s\u0131k s\u0131k g\u00fcndem oluyor. G\u00f6k\u00e7ek\u2019in son payla\u015f\u0131m\u0131 ise sosyal medyan\u0131n g\u00fcndemine bomba gibi d\u00fc\u015ft\u00fc. Be\u015fikta\u015f\u2019\u0131n eski y\u0131ld\u0131z\u0131 Aboubakar\u2019a ait photoshoplu bir g\u00f6r\u00fcnt\u00fc payla\u015ft\u0131. G\u00f6k\u00e7ek\u2019in s\u00f6z konusu foto\u011fraf\u0131 \u015fehit asker gibi payla\u015fmas\u0131 sosyal medyan\u0131n g\u00fcndemine oturdu. Be\u015fikta\u015f\u2019\u0131n eski futbolcusu Aboubakar\u2019a ait photoshoplu bir &hellip;<\/p>\n","protected":false},"author":6,"featured_media":35174,"comment_status":"closed","ping_status":"closed","sticky":false,"template":"","format":"standard","meta":{"footnotes":""},"categories":[1],"tags":[],"class_list":["post-35173","post","type-post","status-publish","format-standard","has-post-thumbnail","hentry","category-genel"],"amp_enabled":true,"_links":{"self":[{"href":"https:\/\/adanaseshaber.com.tr\/index.php?rest_route=\/wp\/v2\/posts\/35173","targetHints":{"allow":["GET"]}}],"collection":[{"href":"https:\/\/adanaseshaber.com.tr\/index.php?rest_route=\/wp\/v2\/posts"}],"about":[{"href":"https:\/\/adanaseshaber.com.tr\/index.php?rest_route=\/wp\/v2\/types\/post"}],"author":[{"embeddable":true,"href":"https:\/\/adanaseshaber.com.tr\/index.php?rest_route=\/wp\/v2\/users\/6"}],"replies":[{"embeddable":true,"href":"https:\/\/adanaseshaber.com.tr\/index.php?rest_route=%2Fwp%2Fv2%2Fcomments&post=35173"}],"version-history":[{"count":2,"href":"https:\/\/adanaseshaber.com.tr\/index.php?rest_route=\/wp\/v2\/posts\/35173\/revisions"}],"predecessor-version":[{"id":35177,"href":"https:\/\/adanaseshaber.com.tr\/index.php?rest_route=\/wp\/v2\/posts\/35173\/revisions\/35177"}],"wp:featuredmedia":[{"embeddable":true,"href":"https:\/\/adanaseshaber.com.tr\/index.php?rest_route=\/wp\/v2\/media\/35174"}],"wp:attachment":[{"href":"https:\/\/adanaseshaber.com.tr\/index.php?rest_route=%2Fwp%2Fv2%2Fmedia&parent=35173"}],"wp:term":[{"taxonomy":"category","embeddable":true,"href":"https:\/\/adanaseshaber.com.tr\/index.php?rest_route=%2Fwp%2Fv2%2Fcategories&post=35173"},{"taxonomy":"post_tag","embeddable":true,"href":"https:\/\/adanaseshaber.com.tr\/index.php?rest_route=%2Fwp%2Fv2%2Ftags&post=35173"}],"curies":[{"name":"wp","href":"https:\/\/api.w.org\/{rel}","templated":true}]}}