{"id":35217,"date":"2022-08-18T16:01:21","date_gmt":"2022-08-18T13:01:21","guid":{"rendered":"https:\/\/www.adanaseshaber.com\/?p=35217"},"modified":"2022-08-18T16:02:13","modified_gmt":"2022-08-18T13:02:13","slug":"ozgur-demirtas-delilik-yorumuyla-faiz-kararini-elestirdi","status":"publish","type":"post","link":"https:\/\/adanaseshaber.com.tr\/?p=35217","title":{"rendered":"\u00d6zg\u00fcr Demirta\u015f \u2018Delilik\u2019 yorumuyla faiz karar\u0131n\u0131 ele\u015ftirdi"},"content":{"rendered":"<p>Merkez Bankas\u0131\u2019n\u0131n faiz karar\u0131 T\u00fcrkiye\u2019nin g\u00fcndemine oturdu. A\u011fustos ay\u0131nda bir s\u00fcrpriz yapan ve sabit b\u0131rakmas\u0131 beklenirken faizi d\u00fc\u015f\u00fcren Merkez Bankas\u0131\u2019n\u0131n faiz karar\u0131 ile ilgili \u00d6zg\u00fcr Demirta\u015f\u2019tan \u00e7ok konu\u015fulan bir \u00e7\u0131k\u0131\u015f geldi. Merkez Bankas\u0131\u2019n\u0131n faiz karar\u0131n\u0131 a\u00e7\u0131klamas\u0131n\u0131n ard\u0131ndan ekonomist \u00d6zg\u00fcr Demirta\u015f\u2019tan ele\u015ftiri geldi. T\u00fcrkiye Cumhuriyeti Merkez Bankas\u0131\u2019n\u0131n s\u00fcrpriz faiz karar\u0131n\u0131n ard\u0131ndan dolar hareketlendi ve 18 TL\u2019yi a\u015ft\u0131. Merkez\u2019in faiz indirimi sonras\u0131nda durum de\u011ferlendirmesi yapan ekonomist \u00d6zg\u00fcr Demirta\u015f, \u2018Delilik\u2019 yorumuyla faiz indirimini ele\u015ftirdi. \u0130\u015fte ekonomist \u00d6zg\u00fcr Demirta\u015f\u2019\u0131n Merkez Bankas\u0131\u2019n\u0131n faiz karar\u0131 ile ilgili g\u00fcndem olan o yorumu\u2026<\/p>\n<p><strong>\u00d6ZG\u00dcR DEM\u0130RTA\u015e\u2019TAN FA\u0130Z KARARI \u0130LE \u0130LG\u0130L\u0130 \u0130LK YORUM<\/strong><\/p>\n<p>T\u00fcrkiye Cumhuriyeti Merkez Bankas\u0131, 2022 y\u0131l\u0131n\u0131n sekizinci faiz karar\u0131n\u0131 bug\u00fcn a\u00e7\u0131klad\u0131. Piyasalar\u0131n beklentisi faizin sabit tutulmas\u0131 y\u00f6n\u00fcnde olurken Merkez\u2019den s\u00fcrpriz bir hamle geldi ve faiz 100 baz puan d\u00fc\u015f\u00fcr\u00fclerek y\u00fczde 14\u2019ten y\u00fczde 13\u2019e \u00e7ekildi. Merkez Bankas\u0131\u2019n\u0131n bu s\u00fcrpriz karar\u0131 sonras\u0131nda dolar hareketlendi ve 18 TL seviyesini a\u015ft\u0131. Merkez Bankas\u0131\u2019n\u0131n faiz karar\u0131 ile ilgili yorumda bulunan ekonomist \u00d6zg\u00fcr Demirta\u015f ise \u2018Delilik: Ayn\u0131 \u015feyi yap\u0131p farkl\u0131 sonu\u00e7lar beklemektir.\u2019 s\u00f6zleriyle karar\u0131 ele\u015ftirdi.<\/p>\n<p><img loading=\"lazy\" decoding=\"async\" class=\"aligncenter wp-image-35219 size-full\" src=\"https:\/\/adanaseshaber.com.tr\/wp-content\/uploads\/2022\/08\/ozgur-demirtas-delilik-yorumuyla-faiz-kararini-elestirdi-1.jpg\" alt=\"\" width=\"1280\" height=\"720\" srcset=\"https:\/\/adanaseshaber.com.tr\/wp-content\/uploads\/2022\/08\/ozgur-demirtas-delilik-yorumuyla-faiz-kararini-elestirdi-1.jpg 1280w, https:\/\/adanaseshaber.com.tr\/wp-content\/uploads\/2022\/08\/ozgur-demirtas-delilik-yorumuyla-faiz-kararini-elestirdi-1-300x169.jpg 300w, https:\/\/adanaseshaber.com.tr\/wp-content\/uploads\/2022\/08\/ozgur-demirtas-delilik-yorumuyla-faiz-kararini-elestirdi-1-1024x576.jpg 1024w, https:\/\/adanaseshaber.com.tr\/wp-content\/uploads\/2022\/08\/ozgur-demirtas-delilik-yorumuyla-faiz-kararini-elestirdi-1-768x432.jpg 768w, https:\/\/adanaseshaber.com.tr\/wp-content\/uploads\/2022\/08\/ozgur-demirtas-delilik-yorumuyla-faiz-kararini-elestirdi-1-390x220.jpg 390w\" sizes=\"auto, (max-width: 1280px) 100vw, 1280px\" \/><\/p>\n<p><strong>DAHA \u00d6NCEK\u0130 \u0130ND\u0130R\u0130MLER ENFLASYONU TET\u0130KLEM\u0130\u015eT\u0130<\/strong><\/p>\n<p>TCMB, ge\u00e7ti\u011fimiz y\u0131l Eyl\u00fcl-Aral\u0131k d\u00f6neminde faizi y\u00fczde 19\u2019dan y\u00fczde 14\u2019e d\u00fc\u015f\u00fcrm\u00fc\u015ft\u00fc. Merkez\u2019in bu karar\u0131n\u0131n ard\u0131ndan dolar kuru hareketlenmi\u015f ve y\u00fckseli\u015fe ge\u00e7mi\u015fti. Resmi t\u00fcketici enflasyonu ise y\u00fczde 19\u2019dan 80\u2019e f\u0131rlam\u0131\u015ft\u0131. 2022 y\u0131l\u0131nda ise yap\u0131lan t\u00fcm toplant\u0131larda faiz indirim karar\u0131 al\u0131nmam\u0131\u015f ve faiz sabit tutulmu\u015ftu. Merkez Bankas\u0131, 2022 y\u0131l\u0131n\u0131n sekizinci toplant\u0131s\u0131nda bu y\u0131l i\u00e7erisinde ilk kez faizi sabit tutmad\u0131 ve indirim karar\u0131 ald\u0131.<\/p>\n","protected":false},"excerpt":{"rendered":"<p>Merkez Bankas\u0131\u2019n\u0131n faiz karar\u0131 T\u00fcrkiye\u2019nin g\u00fcndemine oturdu. A\u011fustos ay\u0131nda bir s\u00fcrpriz yapan ve sabit b\u0131rakmas\u0131 beklenirken faizi d\u00fc\u015f\u00fcren Merkez Bankas\u0131\u2019n\u0131n faiz karar\u0131 ile ilgili \u00d6zg\u00fcr Demirta\u015f\u2019tan \u00e7ok konu\u015fulan bir \u00e7\u0131k\u0131\u015f geldi. Merkez Bankas\u0131\u2019n\u0131n faiz karar\u0131n\u0131 a\u00e7\u0131klamas\u0131n\u0131n ard\u0131ndan ekonomist \u00d6zg\u00fcr Demirta\u015f\u2019tan ele\u015ftiri geldi. T\u00fcrkiye Cumhuriyeti Merkez Bankas\u0131\u2019n\u0131n s\u00fcrpriz faiz karar\u0131n\u0131n ard\u0131ndan dolar hareketlendi ve 18 TL\u2019yi &hellip;<\/p>\n","protected":false},"author":6,"featured_media":35218,"comment_status":"closed","ping_status":"closed","sticky":false,"template":"","format":"standard","meta":{"footnotes":""},"categories":[1],"tags":[],"class_list":["post-35217","post","type-post","status-publish","format-standard","has-post-thumbnail","hentry","category-genel"],"amp_enabled":true,"_links":{"self":[{"href":"https:\/\/adanaseshaber.com.tr\/index.php?rest_route=\/wp\/v2\/posts\/35217","targetHints":{"allow":["GET"]}}],"collection":[{"href":"https:\/\/adanaseshaber.com.tr\/index.php?rest_route=\/wp\/v2\/posts"}],"about":[{"href":"https:\/\/adanaseshaber.com.tr\/index.php?rest_route=\/wp\/v2\/types\/post"}],"author":[{"embeddable":true,"href":"https:\/\/adanaseshaber.com.tr\/index.php?rest_route=\/wp\/v2\/users\/6"}],"replies":[{"embeddable":true,"href":"https:\/\/adanaseshaber.com.tr\/index.php?rest_route=%2Fwp%2Fv2%2Fcomments&post=35217"}],"version-history":[{"count":3,"href":"https:\/\/adanaseshaber.com.tr\/index.php?rest_route=\/wp\/v2\/posts\/35217\/revisions"}],"predecessor-version":[{"id":35223,"href":"https:\/\/adanaseshaber.com.tr\/index.php?rest_route=\/wp\/v2\/posts\/35217\/revisions\/35223"}],"wp:featuredmedia":[{"embeddable":true,"href":"https:\/\/adanaseshaber.com.tr\/index.php?rest_route=\/wp\/v2\/media\/35218"}],"wp:attachment":[{"href":"https:\/\/adanaseshaber.com.tr\/index.php?rest_route=%2Fwp%2Fv2%2Fmedia&parent=35217"}],"wp:term":[{"taxonomy":"category","embeddable":true,"href":"https:\/\/adanaseshaber.com.tr\/index.php?rest_route=%2Fwp%2Fv2%2Fcategories&post=35217"},{"taxonomy":"post_tag","embeddable":true,"href":"https:\/\/adanaseshaber.com.tr\/index.php?rest_route=%2Fwp%2Fv2%2Ftags&post=35217"}],"curies":[{"name":"wp","href":"https:\/\/api.w.org\/{rel}","templated":true}]}}