{"id":35247,"date":"2022-08-18T17:50:19","date_gmt":"2022-08-18T14:50:19","guid":{"rendered":"https:\/\/www.adanaseshaber.com\/?p=35247"},"modified":"2022-08-18T17:50:50","modified_gmt":"2022-08-18T14:50:50","slug":"tff-baskani-mehmet-buyukeksi-kameralar-onunde-yaptigi-hareketle-tepki-topladi","status":"publish","type":"post","link":"https:\/\/adanaseshaber.com.tr\/?p=35247","title":{"rendered":"TFF Ba\u015fkan\u0131 Mehmet B\u00fcy\u00fckek\u015fi kameralar \u00f6n\u00fcnde yapt\u0131\u011f\u0131 hareketle tepki toplad\u0131"},"content":{"rendered":"<p>Spor Toto S\u00fcper Lig\u2019in yeni sezonu olduk\u00e7a hareketli ba\u015flad\u0131. Hakemlerle ilgili tart\u0131\u015fmalar yeni sezonda da devam ederken son olarak Alanyaspor ile 3-3 berabere kalan Be\u015fikta\u015f Ba\u015fkan\u0131 Ahmet Nur \u00c7ebi\u2019nin hakem Yasin Kol\u2019u bir daha ma\u00e7lar\u0131na istemedi\u011fine dair a\u00e7\u0131klamalar\u0131na T\u00fcrkiye Futbol Federasyonu Ba\u015fkan\u0131 Mehmet B\u00fcy\u00fckek\u015fi\u2019den yan\u0131t geldi. B\u00fcy\u00fckek\u015fi\u2019nin kameralar \u00f6n\u00fcndeki yan\u0131t\u0131 Be\u015fikta\u015fl\u0131 taraftarlar\u0131 k\u0131zd\u0131rd\u0131. Alanyaspor ile 3-3 berabere kalan Be\u015fikta\u015f Ba\u015fkan\u0131 Ahmet Nur \u00c7ebi, ma\u00e7\u0131n ard\u0131ndan bir a\u00e7\u0131klama yapm\u0131\u015f ve bir daha hakem Yasin Kol\u2019u ma\u00e7lar\u0131nda istemedi\u011fini belirtmi\u015fti. \u00c7ebi\u2019nin a\u00e7\u0131klamalar\u0131na TFF Ba\u015fkan\u0131 Mehmet B\u00fcy\u00fckek\u015fi\u2019den yan\u0131t geldi. D\u00fczenledi\u011fi bas\u0131n toplant\u0131s\u0131nda kameralar \u00f6n\u00fcnde elini masaya vura vura konu\u015fan B\u00fcy\u00fckek\u015fi, siyah beyazl\u0131 taraftarlar\u0131 k\u0131zd\u0131rd\u0131.<\/p>\n<p><strong>MEHMET B\u00dcY\u00dcKEK\u015e\u0130\u2019DEN TEPK\u0130 \u00c7EKEN HAREKET<\/strong><\/p>\n<p>S\u00fcper Lig\u2019in yeni sezonu olduk\u00e7a hararetli ba\u015flad\u0131. Hakemlerle ilgili tart\u0131\u015fmalar yeni sezonda da devam ederken son olarak Alanyaspor-Be\u015fikta\u015f ma\u00e7\u0131n\u0131n hakemi Yasin Kol\u2019a ele\u015ftiri ya\u011fm\u0131\u015ft\u0131. Alanyaspor ile 3-3 berabere kalan Be\u015fikta\u015f\u2019\u0131n hakemle ilgili yorumlar\u0131 g\u00fcndem olmu\u015ftu. Kar\u015f\u0131la\u015fman\u0131n ard\u0131ndan Be\u015fikta\u015f Ba\u015fkan\u0131 Ahmet Nur \u00c7ebi, bir daha hakem Yasin kol\u2019u Be\u015fikta\u015f ma\u00e7lar\u0131nda istemediklerini dile getirmi\u015fti. Ahmet Nur \u00c7ebi\u2019nin bu a\u00e7\u0131klamas\u0131na kar\u015f\u0131l\u0131k TFF Ba\u015fkan\u0131 Mehmet B\u00fcy\u00fckek\u015fi\u2019den de bir a\u00e7\u0131klama geldi. Bas\u0131n toplant\u0131s\u0131 d\u00fczenleyen TFF Ba\u015fkan\u0131 Mehmet B\u00fcy\u00fckek\u015fi, elini masaya vura vura \u2018O hakemi istemiyorum, bu hakemi istemiyorum s\u00f6zlerinin kar\u015f\u0131l\u0131\u011f\u0131 bizde yok\u2019 dedi.<\/p>\n<p><img loading=\"lazy\" decoding=\"async\" class=\"aligncenter wp-image-35255 size-full\" src=\"https:\/\/adanaseshaber.com.tr\/wp-content\/uploads\/2022\/08\/tff-baskani-mehmet-buyukeksi-kameralar-onunde-yaptigi-hareketle-tepki-topladi-1.jpg\" alt=\"\" width=\"1280\" height=\"720\" srcset=\"https:\/\/adanaseshaber.com.tr\/wp-content\/uploads\/2022\/08\/tff-baskani-mehmet-buyukeksi-kameralar-onunde-yaptigi-hareketle-tepki-topladi-1.jpg 1280w, https:\/\/adanaseshaber.com.tr\/wp-content\/uploads\/2022\/08\/tff-baskani-mehmet-buyukeksi-kameralar-onunde-yaptigi-hareketle-tepki-topladi-1-300x169.jpg 300w, https:\/\/adanaseshaber.com.tr\/wp-content\/uploads\/2022\/08\/tff-baskani-mehmet-buyukeksi-kameralar-onunde-yaptigi-hareketle-tepki-topladi-1-1024x576.jpg 1024w, https:\/\/adanaseshaber.com.tr\/wp-content\/uploads\/2022\/08\/tff-baskani-mehmet-buyukeksi-kameralar-onunde-yaptigi-hareketle-tepki-topladi-1-768x432.jpg 768w, https:\/\/adanaseshaber.com.tr\/wp-content\/uploads\/2022\/08\/tff-baskani-mehmet-buyukeksi-kameralar-onunde-yaptigi-hareketle-tepki-topladi-1-390x220.jpg 390w\" sizes=\"auto, (max-width: 1280px) 100vw, 1280px\" \/><\/p>\n<p><img loading=\"lazy\" decoding=\"async\" class=\"aligncenter wp-image-35256 size-full\" src=\"https:\/\/adanaseshaber.com.tr\/wp-content\/uploads\/2022\/08\/tff-baskani-mehmet-buyukeksi-kameralar-onunde-yaptigi-hareketle-tepki-topladi-2.jpg\" alt=\"\" width=\"1280\" height=\"720\" srcset=\"https:\/\/adanaseshaber.com.tr\/wp-content\/uploads\/2022\/08\/tff-baskani-mehmet-buyukeksi-kameralar-onunde-yaptigi-hareketle-tepki-topladi-2.jpg 1280w, https:\/\/adanaseshaber.com.tr\/wp-content\/uploads\/2022\/08\/tff-baskani-mehmet-buyukeksi-kameralar-onunde-yaptigi-hareketle-tepki-topladi-2-300x169.jpg 300w, https:\/\/adanaseshaber.com.tr\/wp-content\/uploads\/2022\/08\/tff-baskani-mehmet-buyukeksi-kameralar-onunde-yaptigi-hareketle-tepki-topladi-2-1024x576.jpg 1024w, https:\/\/adanaseshaber.com.tr\/wp-content\/uploads\/2022\/08\/tff-baskani-mehmet-buyukeksi-kameralar-onunde-yaptigi-hareketle-tepki-topladi-2-768x432.jpg 768w, https:\/\/adanaseshaber.com.tr\/wp-content\/uploads\/2022\/08\/tff-baskani-mehmet-buyukeksi-kameralar-onunde-yaptigi-hareketle-tepki-topladi-2-390x220.jpg 390w\" sizes=\"auto, (max-width: 1280px) 100vw, 1280px\" \/><\/p>\n<p><strong>BE\u015e\u0130KTA\u015eLI TARAFTARLAR AYA\u011eA KALKTI<\/strong><\/p>\n<p>TFF Ba\u015fkan\u0131 Mehmet B\u00fcy\u00fckek\u015fi\u2019nin d\u00fczenledi\u011fi bas\u0131n toplant\u0131s\u0131nda kameralar kar\u015f\u0131s\u0131nda elini masaya vura vura \u2018Hakem atamalar\u0131n\u0131 algoritmalar yap\u0131yor. O hakemi istemiyorum, bu hakemi istemiyorum s\u00f6zlerinin kar\u015f\u0131l\u0131\u011f\u0131 bizde yok.\u2019 \u0130fadelerini kullanmas\u0131 Be\u015fikta\u015fl\u0131 taraftarlar\u0131 k\u0131zd\u0131rd\u0131. Sosyal medya \u00fczerinden B\u00fcy\u00fckek\u015fi\u2019ye tepki g\u00f6steren siyah beyazl\u0131 taraftarlar B\u00fcy\u00fckek\u015fi\u2019nin elini masaya vura vura konu\u015fmas\u0131n\u0131 ele\u015ftirdi.<\/p>\n<p>&nbsp;<\/p>\n","protected":false},"excerpt":{"rendered":"<p>Spor Toto S\u00fcper Lig\u2019in yeni sezonu olduk\u00e7a hareketli ba\u015flad\u0131. Hakemlerle ilgili tart\u0131\u015fmalar yeni sezonda da devam ederken son olarak Alanyaspor ile 3-3 berabere kalan Be\u015fikta\u015f Ba\u015fkan\u0131 Ahmet Nur \u00c7ebi\u2019nin hakem Yasin Kol\u2019u bir daha ma\u00e7lar\u0131na istemedi\u011fine dair a\u00e7\u0131klamalar\u0131na T\u00fcrkiye Futbol Federasyonu Ba\u015fkan\u0131 Mehmet B\u00fcy\u00fckek\u015fi\u2019den yan\u0131t geldi. B\u00fcy\u00fckek\u015fi\u2019nin kameralar \u00f6n\u00fcndeki yan\u0131t\u0131 Be\u015fikta\u015fl\u0131 taraftarlar\u0131 k\u0131zd\u0131rd\u0131. Alanyaspor ile &hellip;<\/p>\n","protected":false},"author":6,"featured_media":35254,"comment_status":"closed","ping_status":"closed","sticky":false,"template":"","format":"standard","meta":{"footnotes":""},"categories":[5],"tags":[],"class_list":["post-35247","post","type-post","status-publish","format-standard","has-post-thumbnail","hentry","category-spor"],"amp_enabled":true,"_links":{"self":[{"href":"https:\/\/adanaseshaber.com.tr\/index.php?rest_route=\/wp\/v2\/posts\/35247","targetHints":{"allow":["GET"]}}],"collection":[{"href":"https:\/\/adanaseshaber.com.tr\/index.php?rest_route=\/wp\/v2\/posts"}],"about":[{"href":"https:\/\/adanaseshaber.com.tr\/index.php?rest_route=\/wp\/v2\/types\/post"}],"author":[{"embeddable":true,"href":"https:\/\/adanaseshaber.com.tr\/index.php?rest_route=\/wp\/v2\/users\/6"}],"replies":[{"embeddable":true,"href":"https:\/\/adanaseshaber.com.tr\/index.php?rest_route=%2Fwp%2Fv2%2Fcomments&post=35247"}],"version-history":[{"count":2,"href":"https:\/\/adanaseshaber.com.tr\/index.php?rest_route=\/wp\/v2\/posts\/35247\/revisions"}],"predecessor-version":[{"id":35258,"href":"https:\/\/adanaseshaber.com.tr\/index.php?rest_route=\/wp\/v2\/posts\/35247\/revisions\/35258"}],"wp:featuredmedia":[{"embeddable":true,"href":"https:\/\/adanaseshaber.com.tr\/index.php?rest_route=\/wp\/v2\/media\/35254"}],"wp:attachment":[{"href":"https:\/\/adanaseshaber.com.tr\/index.php?rest_route=%2Fwp%2Fv2%2Fmedia&parent=35247"}],"wp:term":[{"taxonomy":"category","embeddable":true,"href":"https:\/\/adanaseshaber.com.tr\/index.php?rest_route=%2Fwp%2Fv2%2Fcategories&post=35247"},{"taxonomy":"post_tag","embeddable":true,"href":"https:\/\/adanaseshaber.com.tr\/index.php?rest_route=%2Fwp%2Fv2%2Ftags&post=35247"}],"curies":[{"name":"wp","href":"https:\/\/api.w.org\/{rel}","templated":true}]}}