{"id":35266,"date":"2022-08-18T18:08:03","date_gmt":"2022-08-18T15:08:03","guid":{"rendered":"https:\/\/www.adanaseshaber.com\/?p=35266"},"modified":"2022-08-18T18:08:24","modified_gmt":"2022-08-18T15:08:24","slug":"duy-beni-dizisi-final-mi-yapiyor-o-sahnelere-tepki-yagmisti-rtuk-dizinin-fisini-cekti","status":"publish","type":"post","link":"https:\/\/adanaseshaber.com.tr\/?p=35266","title":{"rendered":"Duy Beni dizisi final mi yap\u0131yor? O sahnelere tepki ya\u011fm\u0131\u015ft\u0131, RT\u00dcK dizinin fi\u015fini \u00e7ekti"},"content":{"rendered":"<p>Star TV ekranlar\u0131n\u0131n yaz ba\u015f\u0131nda ba\u015flayan yeni dizisi Duy Beni, k\u0131sa s\u00fcrede t\u00fcm dikkatleri \u00fczerine \u00e7ekmeyi ba\u015farm\u0131\u015f ve yak\u0131ndan takip edilen diziler aras\u0131nda yer almaya ba\u015flam\u0131\u015ft\u0131. Dizinin baz\u0131 sahneleri ise \u00e7ok tepki alm\u0131\u015f ve g\u00fcnlerce konu\u015fulmu\u015ftu. Ge\u00e7ti\u011fimiz haftalarda ekrana gelen b\u00f6l\u00fcmlerdeki zorbal\u0131k sahneleri izleyicinin tepkisini \u00e7ekmi\u015f ve bu sahnelere sosyal medyadan tepki ya\u011fm\u0131\u015ft\u0131. Yeni gen\u00e7lik dizileri aras\u0131nda yer alan Duy Beni\u2019nin final yapaca\u011f\u0131na dair iddialar g\u00fcndeme bomba gibi d\u00fc\u015ft\u00fc. Zorbal\u0131k sahneleriyle izleyicinin tepkisini \u00e7eken ve \u00e7ok b\u00fcy\u00fck ele\u015ftiriler alan Duy Beni\u2019nin final yapaca\u011f\u0131 \u00f6ne s\u00fcr\u00fcld\u00fc. He Per\u015fembe yepyeni b\u00f6l\u00fcmleriyle ekrana gelen dizinin yak\u0131n bir zamanda final yaparak ekrana veda edece\u011fi konu\u015fuluyor. \u0130\u015fte detaylar\u2026<\/p>\n<p><strong>ZORBALIK SAHNELER\u0130 TEPK\u0130 \u00c7EKM\u0130\u015eT\u0130<\/strong><\/p>\n<p>Star TV\u2019nin yeni gen\u00e7lik dizisi Duy Beni, yay\u0131nland\u0131\u011f\u0131 ilk g\u00fcnden bu yana en \u00e7ok izlenen yap\u0131mlar aras\u0131nda yerini almay\u0131 ba\u015fard\u0131. \u00c7ok k\u0131sa bir s\u00fcrede herkesin dikkatini \u00e7ekmeyi ba\u015faran dizinin oyuncu kadrosu da olduk\u00e7a sevildi. Ancak dizideki baz\u0131 sahneler izleyici taraf\u0131ndan fazlas\u0131yla ele\u015ftirildi ve \u00e7ok b\u00fcy\u00fck tepki \u00e7ekti. Dizideki zorbal\u0131k sahneleri sosyal medyay\u0131 aya\u011fa kald\u0131r\u0131rken bunun gibi birka\u00e7 sahne izleyiciden tepki ald\u0131. Lise y\u0131llar\u0131nda \u00f6zellikle baz\u0131 nedenlerden dolay\u0131 \u00f6\u011frencilerin birbirlerine uygulad\u0131klar\u0131 zorbal\u0131klar\u0131 ele alan dizinin bu sahnelerden dolay\u0131 gelen tepkiler ve RT\u00dcK\u2019e yap\u0131lan \u015fikayetlerin ard\u0131ndan dizinin final yaparak yay\u0131ndan kald\u0131r\u0131laca\u011f\u0131 iddia edildi.<\/p>\n<p><img loading=\"lazy\" decoding=\"async\" class=\"aligncenter wp-image-35268 size-full\" src=\"https:\/\/adanaseshaber.com.tr\/wp-content\/uploads\/2022\/08\/duy-beni-dizisi-final-mi-yapiyor-o-sahnelere-tepki-yagmisti-rtuk-dizinin-fisini-cekti-1.jpg\" alt=\"\" width=\"1280\" height=\"720\" srcset=\"https:\/\/adanaseshaber.com.tr\/wp-content\/uploads\/2022\/08\/duy-beni-dizisi-final-mi-yapiyor-o-sahnelere-tepki-yagmisti-rtuk-dizinin-fisini-cekti-1.jpg 1280w, https:\/\/adanaseshaber.com.tr\/wp-content\/uploads\/2022\/08\/duy-beni-dizisi-final-mi-yapiyor-o-sahnelere-tepki-yagmisti-rtuk-dizinin-fisini-cekti-1-300x169.jpg 300w, https:\/\/adanaseshaber.com.tr\/wp-content\/uploads\/2022\/08\/duy-beni-dizisi-final-mi-yapiyor-o-sahnelere-tepki-yagmisti-rtuk-dizinin-fisini-cekti-1-1024x576.jpg 1024w, https:\/\/adanaseshaber.com.tr\/wp-content\/uploads\/2022\/08\/duy-beni-dizisi-final-mi-yapiyor-o-sahnelere-tepki-yagmisti-rtuk-dizinin-fisini-cekti-1-768x432.jpg 768w, https:\/\/adanaseshaber.com.tr\/wp-content\/uploads\/2022\/08\/duy-beni-dizisi-final-mi-yapiyor-o-sahnelere-tepki-yagmisti-rtuk-dizinin-fisini-cekti-1-390x220.jpg 390w\" sizes=\"auto, (max-width: 1280px) 100vw, 1280px\" \/><\/p>\n<p><strong>DUY BEN\u0130 F\u0130NAL M\u0130 YAPIYOR?<\/strong><\/p>\n<p>Duy Beni dizinde kolejdeki zengin \u00e7ocuklar\u0131n okula yeni gelen Ekim ve Bekir ad\u0131ndaki iki genci soyduklar\u0131 ve zorbal\u0131k yapt\u0131klar\u0131 sahne sosyal medyay\u0131 aya\u011fa kald\u0131rm\u0131\u015f ve \u00e7ok b\u00fcy\u00fck tepki alm\u0131\u015ft\u0131. Bu sahneyle ilgili RT\u00dcK\u2019e de \u015fikayet ya\u011fd\u0131. S\u00f6z konusu sahne i\u00e7in RT\u00dcK\u2019e gelen \u015fikayetler sonras\u0131nda Duy Beni dizisinin final yaparak yay\u0131ndan kald\u0131r\u0131laca\u011f\u0131 \u00f6ne s\u00fcr\u00fcld\u00fc.<\/p>\n<p>&nbsp;<\/p>\n","protected":false},"excerpt":{"rendered":"<p>Star TV ekranlar\u0131n\u0131n yaz ba\u015f\u0131nda ba\u015flayan yeni dizisi Duy Beni, k\u0131sa s\u00fcrede t\u00fcm dikkatleri \u00fczerine \u00e7ekmeyi ba\u015farm\u0131\u015f ve yak\u0131ndan takip edilen diziler aras\u0131nda yer almaya ba\u015flam\u0131\u015ft\u0131. Dizinin baz\u0131 sahneleri ise \u00e7ok tepki alm\u0131\u015f ve g\u00fcnlerce konu\u015fulmu\u015ftu. Ge\u00e7ti\u011fimiz haftalarda ekrana gelen b\u00f6l\u00fcmlerdeki zorbal\u0131k sahneleri izleyicinin tepkisini \u00e7ekmi\u015f ve bu sahnelere sosyal medyadan tepki ya\u011fm\u0131\u015ft\u0131. Yeni gen\u00e7lik &hellip;<\/p>\n","protected":false},"author":6,"featured_media":35267,"comment_status":"closed","ping_status":"closed","sticky":false,"template":"","format":"standard","meta":{"footnotes":""},"categories":[1],"tags":[],"class_list":["post-35266","post","type-post","status-publish","format-standard","has-post-thumbnail","hentry","category-genel"],"amp_enabled":true,"_links":{"self":[{"href":"https:\/\/adanaseshaber.com.tr\/index.php?rest_route=\/wp\/v2\/posts\/35266","targetHints":{"allow":["GET"]}}],"collection":[{"href":"https:\/\/adanaseshaber.com.tr\/index.php?rest_route=\/wp\/v2\/posts"}],"about":[{"href":"https:\/\/adanaseshaber.com.tr\/index.php?rest_route=\/wp\/v2\/types\/post"}],"author":[{"embeddable":true,"href":"https:\/\/adanaseshaber.com.tr\/index.php?rest_route=\/wp\/v2\/users\/6"}],"replies":[{"embeddable":true,"href":"https:\/\/adanaseshaber.com.tr\/index.php?rest_route=%2Fwp%2Fv2%2Fcomments&post=35266"}],"version-history":[{"count":2,"href":"https:\/\/adanaseshaber.com.tr\/index.php?rest_route=\/wp\/v2\/posts\/35266\/revisions"}],"predecessor-version":[{"id":35270,"href":"https:\/\/adanaseshaber.com.tr\/index.php?rest_route=\/wp\/v2\/posts\/35266\/revisions\/35270"}],"wp:featuredmedia":[{"embeddable":true,"href":"https:\/\/adanaseshaber.com.tr\/index.php?rest_route=\/wp\/v2\/media\/35267"}],"wp:attachment":[{"href":"https:\/\/adanaseshaber.com.tr\/index.php?rest_route=%2Fwp%2Fv2%2Fmedia&parent=35266"}],"wp:term":[{"taxonomy":"category","embeddable":true,"href":"https:\/\/adanaseshaber.com.tr\/index.php?rest_route=%2Fwp%2Fv2%2Fcategories&post=35266"},{"taxonomy":"post_tag","embeddable":true,"href":"https:\/\/adanaseshaber.com.tr\/index.php?rest_route=%2Fwp%2Fv2%2Ftags&post=35266"}],"curies":[{"name":"wp","href":"https:\/\/api.w.org\/{rel}","templated":true}]}}