{"id":35297,"date":"2022-08-18T19:37:37","date_gmt":"2022-08-18T16:37:37","guid":{"rendered":"https:\/\/www.adanaseshaber.com\/?p=35297"},"modified":"2022-08-18T19:37:34","modified_gmt":"2022-08-18T16:37:34","slug":"turkiye-ve-ukrayna-arasinda-altyapi-anlasmasi-imzalar-atildi","status":"publish","type":"post","link":"https:\/\/adanaseshaber.com.tr\/?p=35297","title":{"rendered":"T\u00fcrkiye ve Ukrayna aras\u0131nda altyap\u0131 anla\u015fmas\u0131! \u0130mzalar at\u0131ld\u0131"},"content":{"rendered":"<p>Rusya-Ukrayna sava\u015f\u0131 devam ederken Cumhurba\u015fkan\u0131 Recep Tayyip Erdo\u011fan, bug\u00fcn Ukrayna\u2019y\u0131 ziyarette bulundu. Ukrayna Devlet Ba\u015fkan\u0131 Zelenski ile g\u00f6r\u00fc\u015fen Cumhurba\u015fkan\u0131 Erdo\u011fan, ilk olarak u\u00e7akla Polonya\u2019ya indi daha sonra ise karayolu ile Lviv\u2019e ge\u00e7ti. Erdo\u011fan ve Zelenski, Lviv\u2019de Poto\u00e7ki Saray\u0131\u2019nda bir araya geldi. Cumhurba\u015fkan\u0131 Recep Tayyip Erdo\u011fan\u2019\u0131n Rusya ile sava\u015fta olan Ukrayna\u2019ya yapt\u0131\u011f\u0131 ziyaret d\u00fcnya bas\u0131n\u0131nda da geni\u015f yer buldu. Erdo\u011fan ve Zelenski aras\u0131ndaki g\u00f6r\u00fc\u015fmenim ard\u0131ndan a\u00e7\u0131klama yap\u0131ld\u0131. T\u00fcrkiye ve Ukrayna aras\u0131nda bir tak\u0131m anla\u015fmalar imzaland\u0131\u011f\u0131 da \u00f6\u011frenildi. \u0130\u015fte Cumhurba\u015fkan\u0131 Erdo\u011fan\u2019\u0131n Ukrayna ziyaretinden \u00f6ne \u00e7\u0131kan ba\u015fl\u0131klar\u2026<\/p>\n<p><strong>G\u00d6R\u00dc\u015eME 40 DAK\u0130KA S\u00dcRD\u00dc<\/strong><\/p>\n<p>Rusya ve Ukrayna aras\u0131nda aylard\u0131r s\u00fcren sava\u015f hala devam ediyor. Cumhurba\u015fkan\u0131 Recep Tayyip Erdo\u011fan, bug\u00fcn Rusya ile sava\u015f s\u00fcreci devam eden Ukrayna\u2019ya ziyarette bulundu. Poto\u00e7ki Saray\u0131\u2019nda Ukrayna Devlet Ba\u015fkan\u0131 Volodimir Zelenski ile bir araya gelen Erdo\u011fan\u2019a D\u0131\u015fi\u015fleri Bakan\u0131 Mevl\u00fct \u00c7avu\u015fo\u011flu, Cumhurba\u015fkanl\u0131\u011f\u0131 S\u00f6zc\u00fcs\u00fc \u0130brahim Kal\u0131n, M\u0130T Ba\u015fkan\u0131 Hakan Fidan e\u015flik etti. Bas\u0131na kapal\u0131 olarak ger\u00e7ekle\u015ftirilen g\u00f6r\u00fc\u015fme yakla\u015f\u0131k 40 dakika s\u00fcrd\u00fc.<\/p>\n<p><img loading=\"lazy\" decoding=\"async\" class=\"aligncenter wp-image-35299 size-full\" src=\"https:\/\/adanaseshaber.com.tr\/wp-content\/uploads\/2022\/08\/turkiye-ve-ukrayna-arasinda-altyapi-anlasmasi-imzalar-atildi-1.jpg\" alt=\"\" width=\"1280\" height=\"720\" srcset=\"https:\/\/adanaseshaber.com.tr\/wp-content\/uploads\/2022\/08\/turkiye-ve-ukrayna-arasinda-altyapi-anlasmasi-imzalar-atildi-1.jpg 1280w, https:\/\/adanaseshaber.com.tr\/wp-content\/uploads\/2022\/08\/turkiye-ve-ukrayna-arasinda-altyapi-anlasmasi-imzalar-atildi-1-300x169.jpg 300w, https:\/\/adanaseshaber.com.tr\/wp-content\/uploads\/2022\/08\/turkiye-ve-ukrayna-arasinda-altyapi-anlasmasi-imzalar-atildi-1-1024x576.jpg 1024w, https:\/\/adanaseshaber.com.tr\/wp-content\/uploads\/2022\/08\/turkiye-ve-ukrayna-arasinda-altyapi-anlasmasi-imzalar-atildi-1-768x432.jpg 768w, https:\/\/adanaseshaber.com.tr\/wp-content\/uploads\/2022\/08\/turkiye-ve-ukrayna-arasinda-altyapi-anlasmasi-imzalar-atildi-1-390x220.jpg 390w\" sizes=\"auto, (max-width: 1280px) 100vw, 1280px\" \/><\/p>\n<p><strong>ANLA\u015eMA \u0130MZALANDI<\/strong><\/p>\n<p>T\u00fcm d\u00fcnyan\u0131n g\u00f6z\u00fcn\u00fc \u00e7evirdi\u011fi g\u00f6r\u00fc\u015fmenin ard\u0131ndan Ukrayna Devlet Ba\u015fkan\u0131 Zelenski, \u2018Erdo\u011fan\u2019\u0131n ziyareti bize deste\u011finin g\u00fc\u00e7l\u00fc bir g\u00f6stergesidir\u2019 ifadelerine yer verdi. Di\u011fer yandan yap\u0131lan bu kritik g\u00f6r\u00fc\u015fmenin ard\u0131ndan T\u00fcrkiye ve Ukrayna aras\u0131nda birtak\u0131m anla\u015fmalar da imzaland\u0131. \u0130ki \u00fclke aras\u0131nda imzalanan anla\u015fmalardan biri de Ukrayna\u2019n\u0131n sava\u015f sebebiyle tahrip olan altyap\u0131s\u0131n\u0131n in\u015fas\u0131 i\u00e7in imzalanan anla\u015fma oldu. S\u00f6z konusu anla\u015fma, Ticaret Bakan\u0131 Mehmet Mu\u015f ve Ukrayna Altyap\u0131 Bakan\u0131 Oleksandr Kubrakov taraf\u0131ndan imza alt\u0131na al\u0131nd\u0131. Bu anla\u015fma ile iki \u00fclke aras\u0131nda Ukrayna\u2019n\u0131n yeniden in\u015fas\u0131 i\u00e7in bir g\u00f6rev g\u00fcc\u00fc olu\u015fturulacak. Bu g\u00f6rev g\u00fcc\u00fc ile \u00fclkedeki yollar, su ve elektrik altyap\u0131s\u0131, k\u00f6pr\u00fcler, okul ve hastane gibi sosyal ve ekonomik \u00f6nem ta\u015f\u0131yan tesislerin yeniden in\u015fas\u0131 i\u00e7in \u00e7al\u0131\u015fmalar birlikte koordine edilecek.<\/p>\n<p>&nbsp;<\/p>\n","protected":false},"excerpt":{"rendered":"<p>Rusya-Ukrayna sava\u015f\u0131 devam ederken Cumhurba\u015fkan\u0131 Recep Tayyip Erdo\u011fan, bug\u00fcn Ukrayna\u2019y\u0131 ziyarette bulundu. Ukrayna Devlet Ba\u015fkan\u0131 Zelenski ile g\u00f6r\u00fc\u015fen Cumhurba\u015fkan\u0131 Erdo\u011fan, ilk olarak u\u00e7akla Polonya\u2019ya indi daha sonra ise karayolu ile Lviv\u2019e ge\u00e7ti. Erdo\u011fan ve Zelenski, Lviv\u2019de Poto\u00e7ki Saray\u0131\u2019nda bir araya geldi. Cumhurba\u015fkan\u0131 Recep Tayyip Erdo\u011fan\u2019\u0131n Rusya ile sava\u015fta olan Ukrayna\u2019ya yapt\u0131\u011f\u0131 ziyaret d\u00fcnya bas\u0131n\u0131nda da &hellip;<\/p>\n","protected":false},"author":6,"featured_media":35298,"comment_status":"closed","ping_status":"closed","sticky":false,"template":"","format":"standard","meta":{"footnotes":""},"categories":[1],"tags":[],"class_list":["post-35297","post","type-post","status-publish","format-standard","has-post-thumbnail","hentry","category-genel"],"amp_enabled":true,"_links":{"self":[{"href":"https:\/\/adanaseshaber.com.tr\/index.php?rest_route=\/wp\/v2\/posts\/35297","targetHints":{"allow":["GET"]}}],"collection":[{"href":"https:\/\/adanaseshaber.com.tr\/index.php?rest_route=\/wp\/v2\/posts"}],"about":[{"href":"https:\/\/adanaseshaber.com.tr\/index.php?rest_route=\/wp\/v2\/types\/post"}],"author":[{"embeddable":true,"href":"https:\/\/adanaseshaber.com.tr\/index.php?rest_route=\/wp\/v2\/users\/6"}],"replies":[{"embeddable":true,"href":"https:\/\/adanaseshaber.com.tr\/index.php?rest_route=%2Fwp%2Fv2%2Fcomments&post=35297"}],"version-history":[{"count":2,"href":"https:\/\/adanaseshaber.com.tr\/index.php?rest_route=\/wp\/v2\/posts\/35297\/revisions"}],"predecessor-version":[{"id":35301,"href":"https:\/\/adanaseshaber.com.tr\/index.php?rest_route=\/wp\/v2\/posts\/35297\/revisions\/35301"}],"wp:featuredmedia":[{"embeddable":true,"href":"https:\/\/adanaseshaber.com.tr\/index.php?rest_route=\/wp\/v2\/media\/35298"}],"wp:attachment":[{"href":"https:\/\/adanaseshaber.com.tr\/index.php?rest_route=%2Fwp%2Fv2%2Fmedia&parent=35297"}],"wp:term":[{"taxonomy":"category","embeddable":true,"href":"https:\/\/adanaseshaber.com.tr\/index.php?rest_route=%2Fwp%2Fv2%2Fcategories&post=35297"},{"taxonomy":"post_tag","embeddable":true,"href":"https:\/\/adanaseshaber.com.tr\/index.php?rest_route=%2Fwp%2Fv2%2Ftags&post=35297"}],"curies":[{"name":"wp","href":"https:\/\/api.w.org\/{rel}","templated":true}]}}