{"id":35302,"date":"2022-08-18T19:51:44","date_gmt":"2022-08-18T16:51:44","guid":{"rendered":"https:\/\/www.adanaseshaber.com\/?p=35302"},"modified":"2022-08-18T19:51:59","modified_gmt":"2022-08-18T16:51:59","slug":"mehmet-sef-yemekteyize-katildigi-doneme-ait-goruntulerle-gundem-oldu","status":"publish","type":"post","link":"https:\/\/adanaseshaber.com.tr\/?p=35302","title":{"rendered":"Mehmet \u015eef Yemekteyiz\u2019e kat\u0131ld\u0131\u011f\u0131 d\u00f6neme ait g\u00f6r\u00fcnt\u00fclerle g\u00fcndem oldu"},"content":{"rendered":"<p>TV8 ekranlar\u0131nda yay\u0131nlanan MasterChef T\u00fcrkiye\u2019nin j\u00fcri \u00fcyelerinden biri olan \u015eef Mehmet Yal\u00e7\u0131nkaya\u2019n\u0131n y\u0131llar \u00f6nce Yemekteyiz yar\u0131\u015fmas\u0131na kat\u0131ld\u0131\u011f\u0131 g\u00f6r\u00fcnt\u00fcleri sosyal medyada g\u00fcndem oldu. Y\u0131llar \u00f6nce ekrana gelen Yemekteyiz program\u0131na kat\u0131lan Yal\u00e7\u0131nkaya\u2019n\u0131n eski g\u00f6r\u00fcnt\u00fcleri \u00e7ok konu\u015fuldu. O d\u00f6nem yay\u0131nlanan Yemekteyiz program\u0131nda \u00fcnl\u00fc \u015fefler kozlar\u0131n\u0131 payla\u015ft\u0131. \u015eimdilerde ekranlar\u0131n en \u00e7ok izlenen yar\u0131\u015fma programlar\u0131ndan biri olan MasterChef T\u00fcrkiye program\u0131nda j\u00fcri \u00fcyesi olan \u00fcnl\u00fc \u015eef Mehmet Yal\u00e7\u0131nkaya, ge\u00e7mi\u015f y\u0131llarda kat\u0131ld\u0131\u011f\u0131 Yemekteyiz adl\u0131 yar\u0131\u015fma program\u0131ndaki g\u00f6r\u00fcnt\u00fcleriyle sosyal medyan\u0131n g\u00fcndemine yerle\u015fti. \u015eef Mehmet Yal\u00e7\u0131nkaya\u2019n\u0131n eski g\u00f6r\u00fcnt\u00fclerine yorum ve be\u011feni ya\u011fd\u0131.<\/p>\n<p><strong>YEMEKTEY\u0130Z\u2019E KATILMI\u015e<\/strong><\/p>\n<p>MasterChef T\u00fcrkiye adl\u0131 yar\u0131\u015fma program\u0131n\u0131n \u00fc\u00e7 j\u00fcri \u00fcyesinden biri olan \u00fcnl\u00fc \u015eef Mehmet Yal\u00e7\u0131nkaya\u2019n\u0131n ge\u00e7mi\u015f y\u0131llarda ekrana gelen Yemekteyiz program\u0131na kat\u0131ld\u0131\u011f\u0131 \u00f6\u011frenildi. Yemekteyiz program\u0131n\u0131n o d\u00f6nem yay\u0131nlanan ve aralar\u0131nda Mehmet Yal\u00e7\u0131nkaya\u2019n\u0131n da oldu\u011fu \u00fcnl\u00fc \u015feflerin kozlar\u0131n\u0131 payla\u015ft\u0131\u011f\u0131 b\u00f6l\u00fcmler sosyal medyada g\u00fcndem oldu.<\/p>\n<p><img loading=\"lazy\" decoding=\"async\" class=\"aligncenter wp-image-35304 size-full\" src=\"https:\/\/adanaseshaber.com.tr\/wp-content\/uploads\/2022\/08\/mehmet-sef-yemekteyize-katildigi-doneme-ait-goruntulerle-gundem-oldu-1.jpg\" alt=\"\" width=\"1280\" height=\"720\" srcset=\"https:\/\/adanaseshaber.com.tr\/wp-content\/uploads\/2022\/08\/mehmet-sef-yemekteyize-katildigi-doneme-ait-goruntulerle-gundem-oldu-1.jpg 1280w, https:\/\/adanaseshaber.com.tr\/wp-content\/uploads\/2022\/08\/mehmet-sef-yemekteyize-katildigi-doneme-ait-goruntulerle-gundem-oldu-1-300x169.jpg 300w, https:\/\/adanaseshaber.com.tr\/wp-content\/uploads\/2022\/08\/mehmet-sef-yemekteyize-katildigi-doneme-ait-goruntulerle-gundem-oldu-1-1024x576.jpg 1024w, https:\/\/adanaseshaber.com.tr\/wp-content\/uploads\/2022\/08\/mehmet-sef-yemekteyize-katildigi-doneme-ait-goruntulerle-gundem-oldu-1-768x432.jpg 768w, https:\/\/adanaseshaber.com.tr\/wp-content\/uploads\/2022\/08\/mehmet-sef-yemekteyize-katildigi-doneme-ait-goruntulerle-gundem-oldu-1-390x220.jpg 390w\" sizes=\"auto, (max-width: 1280px) 100vw, 1280px\" \/><\/p>\n<p><img loading=\"lazy\" decoding=\"async\" class=\"aligncenter wp-image-35306 size-full\" src=\"https:\/\/adanaseshaber.com.tr\/wp-content\/uploads\/2022\/08\/mehmet-sef-yemekteyize-katildigi-doneme-ait-goruntulerle-gundem-oldu-3.jpg\" alt=\"\" width=\"1280\" height=\"720\" srcset=\"https:\/\/adanaseshaber.com.tr\/wp-content\/uploads\/2022\/08\/mehmet-sef-yemekteyize-katildigi-doneme-ait-goruntulerle-gundem-oldu-3.jpg 1280w, https:\/\/adanaseshaber.com.tr\/wp-content\/uploads\/2022\/08\/mehmet-sef-yemekteyize-katildigi-doneme-ait-goruntulerle-gundem-oldu-3-300x169.jpg 300w, https:\/\/adanaseshaber.com.tr\/wp-content\/uploads\/2022\/08\/mehmet-sef-yemekteyize-katildigi-doneme-ait-goruntulerle-gundem-oldu-3-1024x576.jpg 1024w, https:\/\/adanaseshaber.com.tr\/wp-content\/uploads\/2022\/08\/mehmet-sef-yemekteyize-katildigi-doneme-ait-goruntulerle-gundem-oldu-3-768x432.jpg 768w, https:\/\/adanaseshaber.com.tr\/wp-content\/uploads\/2022\/08\/mehmet-sef-yemekteyize-katildigi-doneme-ait-goruntulerle-gundem-oldu-3-390x220.jpg 390w\" sizes=\"auto, (max-width: 1280px) 100vw, 1280px\" \/><\/p>\n<p><strong>YILLAR \u0130\u00c7\u0130NDEK\u0130 DE\u011e\u0130\u015e\u0130M\u0130 D\u0130KKAT \u00c7EKT\u0130<\/strong><\/p>\n<p>MasterChef T\u00fcrkiye\u2019de Somer Sivrio\u011flu ve Danilo Zanna ile birlikte j\u00fcri \u00fcyeli\u011fi yapan \u015eef Mehmet Yal\u00e7\u0131nkaya, bir d\u00f6nem Show TV ekranlar\u0131nda yay\u0131nlanan fenomen yar\u0131\u015fma program\u0131 Yemekteyiz\u2019in \u2018\u015eefler\u2019 b\u00f6l\u00fcm\u00fcne kat\u0131ld\u0131. T\u00fcrkiye\u2019nin en \u00fcnl\u00fc \u015feflerinden biri olan Mehmet Yal\u00e7\u0131nkaya, 2011 y\u0131l\u0131nda yay\u0131nlanan \u2018\u015eefler\u2019 b\u00f6l\u00fcm\u00fcnde g\u00fc\u00e7l\u00fc rakiplere kar\u015f\u0131 m\u00fccadele etti. Ge\u00e7mi\u015fte kat\u0131ld\u0131\u011f\u0131 Yemekteyiz yar\u0131\u015fmas\u0131na ait g\u00f6r\u00fcnt\u00fcleri k\u0131sa s\u00fcrede sosyal medyada ilgi oda\u011f\u0131 olan \u015eef Mehmet Yal\u00e7\u0131nkaya\u2019n\u0131n y\u0131llar i\u00e7indeki de\u011fi\u015fimi de \u00e7ok konu\u015fuldu. S\u00f6z konusu g\u00f6r\u00fcnt\u00fclere be\u011feni ve yorum ya\u011fd\u0131.<\/p>\n","protected":false},"excerpt":{"rendered":"<p>TV8 ekranlar\u0131nda yay\u0131nlanan MasterChef T\u00fcrkiye\u2019nin j\u00fcri \u00fcyelerinden biri olan \u015eef Mehmet Yal\u00e7\u0131nkaya\u2019n\u0131n y\u0131llar \u00f6nce Yemekteyiz yar\u0131\u015fmas\u0131na kat\u0131ld\u0131\u011f\u0131 g\u00f6r\u00fcnt\u00fcleri sosyal medyada g\u00fcndem oldu. Y\u0131llar \u00f6nce ekrana gelen Yemekteyiz program\u0131na kat\u0131lan Yal\u00e7\u0131nkaya\u2019n\u0131n eski g\u00f6r\u00fcnt\u00fcleri \u00e7ok konu\u015fuldu. O d\u00f6nem yay\u0131nlanan Yemekteyiz program\u0131nda \u00fcnl\u00fc \u015fefler kozlar\u0131n\u0131 payla\u015ft\u0131. \u015eimdilerde ekranlar\u0131n en \u00e7ok izlenen yar\u0131\u015fma programlar\u0131ndan biri olan MasterChef T\u00fcrkiye program\u0131nda &hellip;<\/p>\n","protected":false},"author":6,"featured_media":35305,"comment_status":"closed","ping_status":"closed","sticky":false,"template":"","format":"standard","meta":{"footnotes":""},"categories":[15431],"tags":[],"class_list":["post-35302","post","type-post","status-publish","format-standard","has-post-thumbnail","hentry","category-medya"],"amp_enabled":true,"_links":{"self":[{"href":"https:\/\/adanaseshaber.com.tr\/index.php?rest_route=\/wp\/v2\/posts\/35302","targetHints":{"allow":["GET"]}}],"collection":[{"href":"https:\/\/adanaseshaber.com.tr\/index.php?rest_route=\/wp\/v2\/posts"}],"about":[{"href":"https:\/\/adanaseshaber.com.tr\/index.php?rest_route=\/wp\/v2\/types\/post"}],"author":[{"embeddable":true,"href":"https:\/\/adanaseshaber.com.tr\/index.php?rest_route=\/wp\/v2\/users\/6"}],"replies":[{"embeddable":true,"href":"https:\/\/adanaseshaber.com.tr\/index.php?rest_route=%2Fwp%2Fv2%2Fcomments&post=35302"}],"version-history":[{"count":4,"href":"https:\/\/adanaseshaber.com.tr\/index.php?rest_route=\/wp\/v2\/posts\/35302\/revisions"}],"predecessor-version":[{"id":35310,"href":"https:\/\/adanaseshaber.com.tr\/index.php?rest_route=\/wp\/v2\/posts\/35302\/revisions\/35310"}],"wp:featuredmedia":[{"embeddable":true,"href":"https:\/\/adanaseshaber.com.tr\/index.php?rest_route=\/wp\/v2\/media\/35305"}],"wp:attachment":[{"href":"https:\/\/adanaseshaber.com.tr\/index.php?rest_route=%2Fwp%2Fv2%2Fmedia&parent=35302"}],"wp:term":[{"taxonomy":"category","embeddable":true,"href":"https:\/\/adanaseshaber.com.tr\/index.php?rest_route=%2Fwp%2Fv2%2Fcategories&post=35302"},{"taxonomy":"post_tag","embeddable":true,"href":"https:\/\/adanaseshaber.com.tr\/index.php?rest_route=%2Fwp%2Fv2%2Ftags&post=35302"}],"curies":[{"name":"wp","href":"https:\/\/api.w.org\/{rel}","templated":true}]}}